{"id":16914,"date":"2009-12-04T13:39:16","date_gmt":"2009-12-04T11:39:16","guid":{"rendered":"http:\/\/www.korhanyilmaz.com\/?p=16914"},"modified":"2009-12-04T13:39:16","modified_gmt":"2009-12-04T11:39:16","slug":"dtpli-99-belediye-baskani-diyarbakirda-toplandi","status":"publish","type":"post","link":"http:\/\/www.korhanyilmaz.com\/?p=16914","title":{"rendered":"DTP&#039;li 99 belediye ba\u015fkan\u0131 Diyarbak\u0131r&#039;da topland\u0131"},"content":{"rendered":"<p style=\"text-align: justify;\"><a href=\"http:\/\/www.korhanyilmaz.com\/wp-content\/uploads\/2009\/12\/DTP1.jpg\"  class=\"lightview\"><img loading=\"lazy\" decoding=\"async\" class=\"aligncenter size-full wp-image-16915\" src=\"http:\/\/www.korhanyilmaz.com\/wp-content\/uploads\/2009\/12\/DTP1.jpg\" alt=\"\" width=\"292\" height=\"198\" \/><\/a><\/p>\n<p style=\"text-align: justify;\">DTPli 99 belediye ba\u015fkan\u0131 Diyarbak\u0131r&#8217;da bir toplant\u0131 yapt\u0131.<\/p>\n<p style=\"text-align: justify;\">Diyarbak\u0131r B\u00fcy\u00fck\u015fehir Belediye Ba\u015fkan\u0131 Osman Baydemir, herkesin dikkatli olmas\u0131 gereken bir d\u00f6nemden ge\u00e7tiklerini belirterek, &#8220;K\u00fcrt sorunu&#8221;yla ilgili \u00e7\u00f6z\u00fcm\u00fcn i\u00e7 dinamiklerde oldu\u011funu savundu.<\/p>\n<p style=\"text-align: justify;\">Baydemir, Demokratik Toplum Partisi (DTP) Diyarbak\u0131r \u0130l Ba\u015fkanl\u0131\u011f\u0131 \u00f6n\u00fcnde, 99 DTP&#8217;li Belediye Ba\u015fkan\u0131 ve 10 \u0130l Genel Meclis Ba\u015fkan\u0131 ad\u0131na haz\u0131rlanan bas\u0131n a\u00e7\u0131klamas\u0131n\u0131 okudu. <!--more--><\/p>\n<p style=\"text-align: justify;\">Herkesin dikkatli olmas\u0131 gereken bir d\u00f6nemden ge\u00e7tiklerini, \u00f6zellikle siyaset\u00e7ilerin, sorumlu ve ciddi yakla\u015f\u0131m g\u00f6stermesi gerekti\u011fini ifade eden Baydemir, DTP&#8217;li Belediye Ba\u015fkanlar\u0131 ve \u0130l Genel Meclis ba\u015fkanlar\u0131 olarak; se\u00e7ilmi\u015f olduklar\u0131 100&#8217;\u00fc a\u015fk\u0131n yerle\u015fim birimindeki halk\u0131n hassasiyet ve beklentilerinden hareketle bir kez daha \u00e7a\u011fr\u0131da bulunduklar\u0131n\u0131 s\u00f6yledi.<\/p>\n<p style=\"text-align: justify;\">Kendilerinin bu hassasiyeti g\u00f6sterdi\u011fini savunan Baydemir, Abdullah \u00d6calan&#8217;\u0131n \u0130mral\u0131&#8217;daki \u015fartlar\u0131n\u0131n s\u00fcrekli a\u011f\u0131rla\u015ft\u0131r\u0131ld\u0131\u011f\u0131n\u0131 ve i\u015fkenceye d\u00f6n\u00fc\u015ft\u00fcr\u00fcld\u00fc\u011f\u00fcn\u00fc ileri s\u00fcrd\u00fc.<\/p>\n<p style=\"text-align: justify;\">Baydemir, \u0130mral\u0131&#8217;da ulusal ve uluslararas\u0131 hukuk, insan haklar\u0131 s\u00f6zle\u015fmeler ve toplumsal hassasiyetin hi\u00e7e say\u0131ld\u0131\u011f\u0131n\u0131 \u00f6ne s\u00fcrerek, h\u00fck\u00fcmetin bu konuda &#8220;halk\u0131 germe mant\u0131\u011f\u0131n\u0131 s\u00fcrd\u00fcrd\u00fc\u011f\u00fc&#8221; iddias\u0131nda bulundu.<\/p>\n<p style=\"text-align: justify;\"><strong><em>&#8220;Sorunun ad\u0131 K\u00fcrt sorunu&#8221; <\/em><\/strong><\/p>\n<p style=\"text-align: justify;\">Osman Baydemir, &#8220;Sorunun ad\u0131 K\u00fcrt sorunudur. Sorunun nedeni, kimli\u011finin reddedilmesidir. \u00c7\u00f6z\u00fcm, kimli\u011fin Anayasa&#8217;da kabul edilmesidir. K\u00fcrt halk\u0131n\u0131n siyasi ve k\u00fclt\u00fcrel haklar\u0131n\u0131n tan\u0131nmas\u0131d\u0131r. \u00c7\u00f6z\u00fcm ba\u015fka \u00fclkelerle yap\u0131lacak ittifaklarda de\u011fildir. \u00c7\u00f6z\u00fcm 30 y\u0131ld\u0131r denenmi\u015f tasfiye planlar\u0131nda de\u011fildir. \u00c7\u00f6z\u00fcm i\u00e7tedir, i\u00e7 dinamiklerdedir&#8221; dedi.<\/p>\n<p style=\"text-align: justify;\">Baydemir s\u00f6zlerini, &#8220;K\u00fcrtler bar\u0131\u015f \u00e7abas\u0131nda \u0131srarl\u0131d\u0131r. Bar\u0131\u015f\u0131n in\u015fas\u0131 s\u00fcrecinde kararl\u0131d\u0131r, samimidirler. Ayn\u0131 kararl\u0131l\u0131\u011f\u0131, samimiyeti ve buna uygun ad\u0131mlar\u0131 h\u00fck\u00fcmetten de devletin di\u011fer kurumlar\u0131ndan da beklemektedirler&#8221; diye tamamlad\u0131.<\/p>\n<p style=\"text-align: justify;\"><span style=\"color: #888888;\">CNN T\u00dcRK<\/span><\/p>\n","protected":false},"excerpt":{"rendered":"<p style=\"text-align: justify;\">\n<p style=\"text-align: justify;\">DTPli 99 belediye ba\u015fkan\u0131 Diyarbak\u0131r&#8217;da bir toplant\u0131 yapt\u0131.<\/p>\n<p style=\"text-align: justify;\">Diyarbak\u0131r B\u00fcy\u00fck\u015fehir Belediye Ba\u015fkan\u0131 Osman Baydemir, herkesin dikkatli olmas\u0131 gereken bir d\u00f6nemden ge\u00e7tiklerini belirterek, &#8220;K\u00fcrt sorunu&#8221;yla ilgili \u00e7\u00f6z\u00fcm\u00fcn i\u00e7 dinamiklerde oldu\u011funu savundu.<\/p>\n<p style=\"text-align: justify;\">Baydemir, Demokratik Toplum Partisi (DTP) Diyarbak\u0131r \u0130l Ba\u015fkanl\u0131\u011f\u0131 \u00f6n\u00fcnde, 99 DTP&#8217;li Belediye Ba\u015fkan\u0131 ve 10 \u0130l <\/p>\n","protected":false},"author":1,"featured_media":0,"comment_status":"open","ping_status":"closed","sticky":false,"template":"","format":"standard","meta":{"footnotes":""},"categories":[105],"tags":[],"class_list":["post-16914","post","type-post","status-publish","format-standard","hentry","category-gundem","odd"],"_links":{"self":[{"href":"http:\/\/www.korhanyilmaz.com\/index.php?rest_route=\/wp\/v2\/posts\/16914","targetHints":{"allow":["GET"]}}],"collection":[{"href":"http:\/\/www.korhanyilmaz.com\/index.php?rest_route=\/wp\/v2\/posts"}],"about":[{"href":"http:\/\/www.korhanyilmaz.com\/index.php?rest_route=\/wp\/v2\/types\/post"}],"author":[{"embeddable":true,"href":"http:\/\/www.korhanyilmaz.com\/index.php?rest_route=\/wp\/v2\/users\/1"}],"replies":[{"embeddable":true,"href":"http:\/\/www.korhanyilmaz.com\/index.php?rest_route=%2Fwp%2Fv2%2Fcomments&post=16914"}],"version-history":[{"count":0,"href":"http:\/\/www.korhanyilmaz.com\/index.php?rest_route=\/wp\/v2\/posts\/16914\/revisions"}],"wp:attachment":[{"href":"http:\/\/www.korhanyilmaz.com\/index.php?rest_route=%2Fwp%2Fv2%2Fmedia&parent=16914"}],"wp:term":[{"taxonomy":"category","embeddable":true,"href":"http:\/\/www.korhanyilmaz.com\/index.php?rest_route=%2Fwp%2Fv2%2Fcategories&post=16914"},{"taxonomy":"post_tag","embeddable":true,"href":"http:\/\/www.korhanyilmaz.com\/index.php?rest_route=%2Fwp%2Fv2%2Ftags&post=16914"}],"curies":[{"name":"wp","href":"https:\/\/api.w.org\/{rel}","templated":true}]}}