{"id":16903,"date":"2009-12-02T09:26:29","date_gmt":"2009-12-02T07:26:29","guid":{"rendered":"http:\/\/www.korhanyilmaz.com\/?p=16903"},"modified":"2009-12-02T09:26:29","modified_gmt":"2009-12-02T07:26:29","slug":"danistaydan-sert-cikis","status":"publish","type":"post","link":"http:\/\/www.korhanyilmaz.com\/?p=16903","title":{"rendered":"Dan\u0131\u015ftay&#039;dan sert \u00e7\u0131k\u0131\u015f"},"content":{"rendered":"<p style=\"text-align: center;\"><a href=\"http:\/\/www.korhanyilmaz.com\/wp-content\/uploads\/2009\/12\/danistay.jpg\"  class=\"lightview\"><img loading=\"lazy\" decoding=\"async\" class=\"aligncenter size-full wp-image-16904\" src=\"http:\/\/www.korhanyilmaz.com\/wp-content\/uploads\/2009\/12\/danistay.jpg\" alt=\"\" width=\"450\" height=\"225\" \/><\/a><\/p>\n<p style=\"text-align: justify;\">Y\u00d6K\u2019\u00fcn katsay\u0131 karar\u0131n\u0131n y\u00fcr\u00fctmesinin durdurulmas\u0131n\u0131 ele\u015ftirenler i\u00e7in Dan\u0131\u015ftay Ba\u015fkan\u0131 Birden\u2019den a\u00e7\u0131klama: Yarg\u0131 karar\u0131n\u0131 \u2018siyasi, ideolojik\u2019 olarak nitelemeye, hukukun \u00fcst\u00fcnl\u00fc\u011f\u00fcn\u00fc zedelemeye kimsenin hakk\u0131 yoktur.<\/p>\n<p style=\"text-align: justify;\"><strong><em>Ele\u015ftiriler s\u0131n\u0131r\u0131 a\u015ft\u0131<\/em><\/strong><\/p>\n<p style=\"text-align: justify;\">Dan\u0131\u015ftay Ba\u015fkan\u0131 Mustafa Birden, katsay\u0131 iptalini ele\u015ftirenlere sert konu\u015ftu: \u201cOnurlu bir ge\u00e7mi\u015fe sahip olan kurumumuz, sadece hukukun \u00fcst\u00fcnl\u00fc\u011f\u00fcn\u00fc hedeflemektedir\u201d<!--more--><\/p>\n<p style=\"text-align: justify;\">Dan\u0131\u015ftay Ba\u015fkan\u0131 Mustafa Birden, verilen yarg\u0131 karar\u0131n\u0131n \u2019siyasi ya da ideolojik bir karar olarak nitelendirmeye hi\u00e7 kimsenin hakk\u0131n\u0131n bulunmad\u0131\u011f\u0131n\u0131\u2019vurgulayarak, \u201cDan\u0131\u015ftay\u2019\u0131 ve mensuplar\u0131n\u0131, verdi\u011fi kararlar nedeniyle su\u00e7lay\u0131c\u0131, t\u00f6hmet alt\u0131nda b\u0131rak\u0131c\u0131 fikir, kanaat ve beyanlar\u0131 anayasal koruma alt\u0131na al\u0131nan mahkemelerin ba\u011f\u0131ms\u0131zl\u0131\u011f\u0131 ve hukukun \u00fcst\u00fcnl\u00fc\u011f\u00fc a\u00e7\u0131s\u0131ndan ciddi bir sak\u0131nca olarak g\u00f6rmekteyiz\u201d dedi. Birden, kendilerine y\u00f6nelik yap\u0131lan a\u00e7\u0131klamalar hakk\u0131nda \u015fu \u015fekilde konu\u015ftu: \u201cSay\u0131n Ba\u015fbakan\u2019\u0131n, Dan\u0131\u015ftay\u2019da g\u00f6r\u00fclmekte olan dava hakk\u0131nda ele\u015ftiri s\u0131n\u0131rlar\u0131n\u0131 a\u015fan, daire karar\u0131n\u0131 ideolojik olarak niteleyen a\u00e7\u0131klamalar\u0131n\u0131 bir talihsizlik olarak g\u00f6r\u00fcyoruz.<\/p>\n<p style=\"text-align: justify;\"><strong><em>Hukukun \u00fcst\u00fcnl\u00fc\u011f\u00fc tehlikede<\/em><\/strong><\/p>\n<p style=\"text-align: justify;\">Karar\u0131n, Dan\u0131\u015ftay\u0131\u2019n ilgili kurulunda itirazen g\u00f6r\u00fc\u015f\u00fclmesi m\u00fcmk\u00fcnd\u00fcr. Anayasa\u2019dan ald\u0131\u011f\u0131 yetki ile T\u00fcrk milleti ad\u0131na yarg\u0131 yetkisini kullanan ve 141 y\u0131ll\u0131k onurla bir ge\u00e7mi\u015fe sahip olan Dan\u0131\u015ftay, sadece hukukun \u00fcst\u00fcnl\u00fc\u011f\u00fcn\u00fc hedeflemekte, siyasi ve ideolojik kayg\u0131larla karar verdi\u011fi yolundaki su\u00e7lamay\u0131 kesinlikle hak etmemektedir. Bu ba\u011flamda, yarg\u0131 karar\u0131n\u0131 siyasi ya da ideolojik bir karar olarak nitelendirmeye hi\u00e7 kimsenin hakk\u0131 yoktur. Dan\u0131\u015ftay\u2019\u0131 ve mensuplar\u0131n\u0131 verdi\u011fi kararlar nedeniyle su\u00e7lay\u0131c\u0131, t\u00f6hmet alt\u0131nda b\u0131rak\u0131c\u0131 fikir, kanaat ve beyanlar\u0131 anayasal koruma alt\u0131na al\u0131nan mahkemelerin ba\u011f\u0131ms\u0131zl\u0131\u011f\u0131 ve hukukun \u00fcst\u00fcnl\u00fc\u011f\u00fc a\u00e7\u0131s\u0131ndan ciddi bir sak\u0131nca olarak g\u00f6rmekteyiz.\u201d<\/p>\n<p style=\"text-align: justify;\"><span style=\"color: #888888;\">Haber Kayna\u011f\u0131 : <a href=\"http:\/\/www.yenicaggazetesi.com.tr\/haberdetay.php?hit=27196\" target=\"_blank\">yenicaggazetesi.com.tr<\/a><\/span><\/p>\n","protected":false},"excerpt":{"rendered":"<p style=\"text-align: center;\">\n<p style=\"text-align: justify;\">Y\u00d6K\u2019\u00fcn katsay\u0131 karar\u0131n\u0131n y\u00fcr\u00fctmesinin durdurulmas\u0131n\u0131 ele\u015ftirenler i\u00e7in Dan\u0131\u015ftay Ba\u015fkan\u0131 Birden\u2019den a\u00e7\u0131klama: Yarg\u0131 karar\u0131n\u0131 \u2018siyasi, ideolojik\u2019 olarak nitelemeye, hukukun \u00fcst\u00fcnl\u00fc\u011f\u00fcn\u00fc zedelemeye kimsenin hakk\u0131 yoktur.<\/p>\n<p style=\"text-align: justify;\">Ele\u015ftiriler s\u0131n\u0131r\u0131 a\u015ft\u0131<\/p>\n<p style=\"text-align: justify;\">Dan\u0131\u015ftay Ba\u015fkan\u0131 Mustafa Birden, katsay\u0131 iptalini ele\u015ftirenlere sert konu\u015ftu: \u201cOnurlu bir ge\u00e7mi\u015fe sahip olan kurumumuz, sadece hukukun \u00fcst\u00fcnl\u00fc\u011f\u00fcn\u00fc hedeflemektedir\u201d<\/p>\n","protected":false},"author":1,"featured_media":0,"comment_status":"open","ping_status":"closed","sticky":false,"template":"","format":"standard","meta":{"footnotes":""},"categories":[105],"tags":[],"class_list":["post-16903","post","type-post","status-publish","format-standard","hentry","category-gundem","odd"],"_links":{"self":[{"href":"http:\/\/www.korhanyilmaz.com\/index.php?rest_route=\/wp\/v2\/posts\/16903","targetHints":{"allow":["GET"]}}],"collection":[{"href":"http:\/\/www.korhanyilmaz.com\/index.php?rest_route=\/wp\/v2\/posts"}],"about":[{"href":"http:\/\/www.korhanyilmaz.com\/index.php?rest_route=\/wp\/v2\/types\/post"}],"author":[{"embeddable":true,"href":"http:\/\/www.korhanyilmaz.com\/index.php?rest_route=\/wp\/v2\/users\/1"}],"replies":[{"embeddable":true,"href":"http:\/\/www.korhanyilmaz.com\/index.php?rest_route=%2Fwp%2Fv2%2Fcomments&post=16903"}],"version-history":[{"count":0,"href":"http:\/\/www.korhanyilmaz.com\/index.php?rest_route=\/wp\/v2\/posts\/16903\/revisions"}],"wp:attachment":[{"href":"http:\/\/www.korhanyilmaz.com\/index.php?rest_route=%2Fwp%2Fv2%2Fmedia&parent=16903"}],"wp:term":[{"taxonomy":"category","embeddable":true,"href":"http:\/\/www.korhanyilmaz.com\/index.php?rest_route=%2Fwp%2Fv2%2Fcategories&post=16903"},{"taxonomy":"post_tag","embeddable":true,"href":"http:\/\/www.korhanyilmaz.com\/index.php?rest_route=%2Fwp%2Fv2%2Ftags&post=16903"}],"curies":[{"name":"wp","href":"https:\/\/api.w.org\/{rel}","templated":true}]}}