{"id":16902,"date":"2009-12-04T09:55:41","date_gmt":"2009-12-04T07:55:41","guid":{"rendered":"http:\/\/www.korhanyilmaz.com\/?p=16902"},"modified":"2009-12-04T09:55:41","modified_gmt":"2009-12-04T07:55:41","slug":"milli-gorus-operasyonu","status":"publish","type":"post","link":"http:\/\/www.korhanyilmaz.com\/?p=16902","title":{"rendered":"Milli G\u00f6r\u00fc\u015f operasyonu"},"content":{"rendered":"<p style=\"text-align: justify;\"><a href=\"http:\/\/www.korhanyilmaz.com\/wp-content\/uploads\/2009\/12\/milli_gorus.jpg\"  class=\"lightview\"><img loading=\"lazy\" decoding=\"async\" class=\"aligncenter size-full wp-image-16906\" src=\"http:\/\/www.korhanyilmaz.com\/wp-content\/uploads\/2009\/12\/milli_gorus.jpg\" alt=\"\" width=\"250\" height=\"170\" \/><\/a><\/p>\n<p style=\"text-align: justify;\">Almanya, Deniz Feneri e.V\u2019den sonra Milli G\u00f6r\u00fc\u015f i\u00e7in d\u00fc\u011fmeye bast\u0131. K\u00f6ln Savc\u0131l\u0131\u011f\u0131\u2019n\u0131n talimat\u0131yla polis \u2018ba\u011f\u0131\u015flarda doland\u0131r\u0131c\u0131l\u0131k yap\u0131ld\u0131\u011f\u0131\u2019 iddias\u0131 ile Milli G\u00f6r\u00fc\u015f\u2019\u00fcn 17 kentte 26 b\u00fcrosuna bask\u0131n d\u00fczenledi<\/p>\n<p style=\"text-align: justify;\">Ba\u011f\u0131\u015f\u00e7\u0131lardan toplad\u0131klar\u0131 paralar\u0131 ama\u00e7 d\u0131\u015f\u0131 kulland\u0131klar\u0131 iddias\u0131yla 2008 y\u0131l\u0131nda Deniz Feneri e.V\u2019yi hedef alan Almanya, bu kez de \u0130slam Toplumu Milli G\u00f6r\u00fc\u015f Derne\u011fi\u2019ni (IGMG) mercek alt\u0131na ald\u0131. <!--more-->K\u00f6ln Savc\u0131l\u0131\u011f\u0131\u2019n\u0131n talimat\u0131yla Alman polisi Berlin, Hamburg, Frankfurt, M\u00fcnih, K\u00f6ln, Bonn, Dortmund, Bielefeld, Hannover, Ulm, Constence ve Main\u2019in de aralar\u0131nda oldu\u011fu 17 kentte 26 Milli G\u00f6r\u00fc\u015f ofisine bask\u0131n d\u00fczenledi. Der Spiegel operasyonlar\u0131, \u201cMilli G\u00f6r\u00fc\u015f\u2019\u00fc \u00e7\u00f6kertme operasyonu\u201d ba\u015fl\u0131\u011f\u0131yla duyurdu.<\/p>\n<p style=\"text-align: justify;\"><strong>Dok\u00fcmanlara el koydu<\/strong><br \/>\n\u00d6nceki g\u00fcn t\u00fcm kentlerde e\u015f zamanl\u0131 olarak ger\u00e7ekle\u015ftirilen bask\u0131nlar saatlerce devam etti. Alman polisi dernek ofislerinden ve derne\u011fe ba\u011fl\u0131 olarak faaliyet g\u00f6steren camilerden \u00e7ok y\u00fckl\u00fc miktarda dok\u00fcmana el koydu. Aralar\u0131nda camilerin de bulundu\u011fu Milli G\u00f6r\u00fc\u015f\u2019e ait gayr\u0131menkullerin y\u00f6netiminin bir \u015firkete devredilmesi de soru\u015fturma kapsam\u0131na al\u0131nd\u0131. Alman mali polisi, \u015firket y\u00f6neticileriyle Milli G\u00f6r\u00fc\u015f y\u00f6neticilerinin ayn\u0131 isimler oldu\u011fundan hareketle ara\u015ft\u0131rmas\u0131n\u0131 bu isimler \u00fczerinde yo\u011funla\u015ft\u0131r\u0131yor. Alman polisi vergilendirilmemi\u015f gelirlerin nerelere harcand\u0131\u011f\u0131n\u0131 ve aktar\u0131ld\u0131\u011f\u0131n\u0131 da ara\u015ft\u0131r\u0131yor.<\/p>\n<p style=\"text-align: justify;\"><strong>Doland\u0131r\u0131c\u0131l\u0131k \u015f\u00fcphesi<\/strong><br \/>\nK\u00f6ln Savc\u0131l\u0131\u011f\u0131, \u0130slam Toplumu Milli G\u00f6r\u00fc\u015f Derne\u011fi\u2019ne (IGMG) ait b\u00fcrolarda Almanya genelinde arama yap\u0131ld\u0131\u011f\u0131n\u0131 bildirdi. Yap\u0131lan a\u00e7\u0131klamada 1985 y\u0131l\u0131ndan bu yana Almanya\u2019da faaliyet g\u00f6steren, 26 bin 500 \u00fcyesi bulunan derne\u011fin ba\u011f\u0131\u015f\u00e7\u0131lardan toplad\u0131\u011f\u0131 paralar\u0131 dernek faaliyetlerine ayk\u0131r\u0131 olarak ba\u015fka i\u015flerde kulland\u0131\u011f\u0131 ve dernek \u00e7al\u0131\u015fanlar\u0131n\u0131n sigorta primlerini yat\u0131rmad\u0131\u011f\u0131 iddias\u0131yla bas\u0131ld\u0131\u011f\u0131 belirtildi. K\u00f6ln Ba\u015fsavc\u0131s\u0131 G\u00fcnther Feld, aramalar\u0131n ba\u011f\u0131\u015flarda doland\u0131r\u0131c\u0131l\u0131k ve zimmete para ge\u00e7irme \u015f\u00fcphesiyle yap\u0131ld\u0131\u011f\u0131n\u0131 s\u00f6yledi, ancak ayr\u0131nt\u0131 vermekten ka\u00e7\u0131nd\u0131. Alman Haber Ajans\u0131 dpa\u2019n\u0131n haberine g\u00f6re, soru\u015fturmalarda Milli G\u00f6r\u00fc\u015f \u00fcyelerine a\u011f\u0131r su\u00e7lamalar y\u00f6neltiliyor. Bu su\u00e7lamalar aras\u0131nda su\u00e7 \u00f6rg\u00fct\u00fc olu\u015fturmak, doland\u0131r\u0131c\u0131l\u0131k, ba\u011f\u0131\u015f paralar\u0131nda yolsuzluk, \u015f\u00fcpheli ba\u011f\u0131\u015f toplama, belgeler \u00fczerinde tahrifat ve para aklama da bulunuyor. Almanya Anayasay\u0131 Koruma Dairesi taraf\u0131ndan \u201c\u0130slamc\u0131 ter\u00f6rist faaliyetlere\u201d kar\u0131\u015ft\u0131\u011f\u0131 ku\u015fkusuyla g\u00f6zetim alt\u0131nda tutulan ve Almanya\u2019daki en b\u00fcy\u00fck \u0130slami grup olan Milli G\u00f6r\u00fc\u015f ge\u00e7ti\u011fimiz y\u0131l yaz aylar\u0131ndan bu yana yak\u0131ndan izleniyordu. Milli G\u00f6r\u00fc\u015f hakk\u0131nda daha \u00f6nce de K\u00f6ln ve M\u00fcnih savc\u0131l\u0131klar\u0131 taraf\u0131ndan \u201cdoland\u0131r\u0131c\u0131l\u0131k ve para aklama\u201d su\u00e7lamas\u0131yla soru\u015fturmalar y\u00fcr\u00fct\u00fclm\u00fc\u015ft\u00fc.<\/p>\n<p style=\"text-align: justify;\"><strong>Martta a\u00e7\u0131lan dava s\u00fcr\u00fcyor<\/strong><br \/>\nMilli G\u00f6r\u00fc\u015f\u2019\u00fcn Genel Sekreteri O\u011fuz \u00dc\u00e7\u00fcnc\u00fc, Almanya \u0130slam Toplumu (IGD) Ba\u015fkan\u0131 \u0130brahim El-Zayat ve be\u015f dernek y\u00f6neticisi hakk\u0131nda, su\u00e7 \u00f6rg\u00fct\u00fc olu\u015fturarak yasad\u0131\u015f\u0131 yollardan para sa\u011flad\u0131klar\u0131 ve bunu \u201c\u0130slamc\u0131 hedefler\u201d i\u00e7in kulland\u0131klar\u0131 iddias\u0131yla M\u00fcnih\u2019te Mart ay\u0131nda a\u00e7\u0131lan dava ise s\u00fcr\u00fcyor.<\/p>\n<p style=\"text-align: justify;\"><span style=\"color: #888888;\">Haber: Salim YAVA\u015eO\u011eLU &#8211; <a href=\"http:\/\/www.yenicaggazetesi.com.tr\/haberdetay.php?hit=27328\" target=\"_blank\">yenicaggazetesi.com.tr<\/a><\/span><\/p>\n","protected":false},"excerpt":{"rendered":"<p style=\"text-align: justify;\">\n<p style=\"text-align: justify;\">Almanya, Deniz Feneri e.V\u2019den sonra Milli G\u00f6r\u00fc\u015f i\u00e7in d\u00fc\u011fmeye bast\u0131. K\u00f6ln Savc\u0131l\u0131\u011f\u0131\u2019n\u0131n talimat\u0131yla polis \u2018ba\u011f\u0131\u015flarda doland\u0131r\u0131c\u0131l\u0131k yap\u0131ld\u0131\u011f\u0131\u2019 iddias\u0131 ile Milli G\u00f6r\u00fc\u015f\u2019\u00fcn 17 kentte 26 b\u00fcrosuna bask\u0131n d\u00fczenledi<\/p>\n<p style=\"text-align: justify;\">Ba\u011f\u0131\u015f\u00e7\u0131lardan toplad\u0131klar\u0131 paralar\u0131 ama\u00e7 d\u0131\u015f\u0131 kulland\u0131klar\u0131 iddias\u0131yla 2008 y\u0131l\u0131nda Deniz Feneri e.V\u2019yi hedef alan Almanya, bu kez de \u0130slam Toplumu Milli <\/p>\n","protected":false},"author":1,"featured_media":0,"comment_status":"open","ping_status":"closed","sticky":false,"template":"","format":"standard","meta":{"footnotes":""},"categories":[105],"tags":[],"class_list":["post-16902","post","type-post","status-publish","format-standard","hentry","category-gundem","odd"],"_links":{"self":[{"href":"http:\/\/www.korhanyilmaz.com\/index.php?rest_route=\/wp\/v2\/posts\/16902","targetHints":{"allow":["GET"]}}],"collection":[{"href":"http:\/\/www.korhanyilmaz.com\/index.php?rest_route=\/wp\/v2\/posts"}],"about":[{"href":"http:\/\/www.korhanyilmaz.com\/index.php?rest_route=\/wp\/v2\/types\/post"}],"author":[{"embeddable":true,"href":"http:\/\/www.korhanyilmaz.com\/index.php?rest_route=\/wp\/v2\/users\/1"}],"replies":[{"embeddable":true,"href":"http:\/\/www.korhanyilmaz.com\/index.php?rest_route=%2Fwp%2Fv2%2Fcomments&post=16902"}],"version-history":[{"count":0,"href":"http:\/\/www.korhanyilmaz.com\/index.php?rest_route=\/wp\/v2\/posts\/16902\/revisions"}],"wp:attachment":[{"href":"http:\/\/www.korhanyilmaz.com\/index.php?rest_route=%2Fwp%2Fv2%2Fmedia&parent=16902"}],"wp:term":[{"taxonomy":"category","embeddable":true,"href":"http:\/\/www.korhanyilmaz.com\/index.php?rest_route=%2Fwp%2Fv2%2Fcategories&post=16902"},{"taxonomy":"post_tag","embeddable":true,"href":"http:\/\/www.korhanyilmaz.com\/index.php?rest_route=%2Fwp%2Fv2%2Ftags&post=16902"}],"curies":[{"name":"wp","href":"https:\/\/api.w.org\/{rel}","templated":true}]}}