{"id":1690,"date":"2008-10-10T13:25:09","date_gmt":"2008-10-10T10:25:09","guid":{"rendered":"http:\/\/www.korhanyilmaz.com\/?p=1690"},"modified":"2008-10-10T13:25:09","modified_gmt":"2008-10-10T10:25:09","slug":"ridvan-fenere-mi-donuyor","status":"publish","type":"post","link":"http:\/\/www.korhanyilmaz.com\/?p=1690","title":{"rendered":"R\u0131dvan Fener&#8217;e mi d\u00f6n\u00fcyor?"},"content":{"rendered":"<p style=\"text-align: center;\"><img loading=\"lazy\" decoding=\"async\" class=\"alignnone size-full wp-image-1691\" title=\"R\u0131dvan Dilmen\" src=\"http:\/\/www.korhanyilmaz.com\/wp-content\/uploads\/2008\/10\/ridvan-dilmen.jpg\" alt=\"\" width=\"470\" height=\"300\" \/><\/p>\n<p style=\"text-align: justify;\">Tam yetki ile g\u00f6reve gelecek olan teknik menajer, kul\u00fcb\u00fcn transfer \u00e7al\u0131\u015fmalar\u0131n\u0131 da y\u00fcr\u00fctecek. Y\u00f6netim bu konuyu pazartesi g\u00fcnk\u00fc toplant\u0131da g\u00fcndeme getirip tart\u0131\u015facak.<\/p>\n<p style=\"text-align: justify;\">SIKINTILI g\u00fcnler ge\u00e7iren Fenerbah\u00e7e&#8217;de y\u00f6netim kaos ortam\u0131ndan kurtulmak i\u00e7in \u00e7\u00f6z\u00fcm pe\u015finde. Sar\u0131 lacivertlilerde uzun s\u00fcredir konu\u015fulan teknik menajerlik form\u00fcl\u00fc yeniden g\u00fcndeme geldi. \u0130spanya Milli Tak\u0131m\u0131&#8217;n\u0131 Euro 2008&#8217;de \u015fampiyonlu\u011fa ta\u015f\u0131yan Luis Aragones&#8217;in T\u00fcrkiye&#8217;yi yeteri derecede tan\u0131mad\u0131\u011f\u0131 i\u00e7in sezona k\u00f6t\u00fc ba\u015flad\u0131\u011f\u0131 kan\u0131s\u0131na varan y\u00f6netim, pazartesi g\u00fcn\u00fc yap\u0131lacak toplant\u0131 \u00f6ncesinde radikal kararlar almay\u0131 planlad\u0131. <!--more--><\/p>\n<p style=\"text-align: justify;\">Listede \u00fc\u00e7 aday var<\/p>\n<p style=\"text-align: justify;\">H\u00fcrriyet Gazetesi&#8217;nden Sadi Kemal Ya\u015far&#8217;\u0131n haberine g\u00f6re Luis Aragones ile devam karar\u0131 alan y\u00f6netim, tam yetki ile g\u00f6reve getirmek istedi\u011fi teknik menajer ile yeni bir olu\u015fumun i\u00e7ine girecek. Yerli isimlerden olu\u015fan listede Sivasspor&#8217;un ba\u015far\u0131l\u0131 teknik direkt\u00f6r\u00fc B\u00fclent Uygun, Ankaraspor Teknik Direkt\u00f6r\u00fc Aykut Kocaman ve kul\u00fcb\u00fcn efsane futbolcular\u0131ndan eski teknik direkt\u00f6r R\u0131dvan Dilmen var.<\/p>\n<p style=\"text-align: justify;\">Daha \u00f6nce kul\u00fcb\u00fcn ba\u015f\u0131na CEO getiren ancak k\u0131sa s\u00fcrede anla\u015fmazl\u0131k ya\u015fayarak bu giri\u015fiminden vazge\u00e7en kul\u00fcp ba\u015fkan\u0131 Aziz Y\u0131ld\u0131r\u0131m&#8217;\u0131n teknik menajerlik konusunda hen\u00fcz net karar vermedi\u011fi \u00f6\u011frenildi.<\/p>\n<p style=\"text-align: justify;\">Dilmen&#8217;in \u015fans\u0131 y\u00fcksek<\/p>\n<p style=\"text-align: justify;\">Listedeki \u00fc\u00e7 isimden B\u00fclent Uygun ile Aykut Kocaman&#8217;\u0131n faal \u00e7al\u0131\u015ft\u0131r\u0131c\u0131 olmas\u0131 nedeniyle ilk olarak R\u0131dvan Dilmen d\u00fc\u015f\u00fcn\u00fcl\u00fcyor. Sar\u0131 lacivertli y\u00f6netim bu konuyu pazartesi g\u00fcnk\u00fc toplant\u0131da yeniden g\u00f6r\u00fc\u015fecek ve kul\u00fcb\u00fcn gelece\u011fi ile ilgili karar\u0131n\u0131 verecek.<\/p>\n<p style=\"text-align: justify;\">Tam yetki ile g\u00f6reve gelecek olan teknik menajer, sadece Luis Aragones&#8217;e yard\u0131m etmekle kalmayacak, transfer \u00e7al\u0131\u015fmalar\u0131n\u0131 da bizzat y\u00fcr\u00fctecek. Gelece\u011fe y\u00f6nelik gen\u00e7 yerli ve yabanc\u0131 oyuncular\u0131n transferi ile ilgilenecek. Bu konudaki g\u00f6r\u00fc\u015flerini y\u00f6netim ile payla\u015farak yat\u0131r\u0131mlar\u0131n yap\u0131lmas\u0131n\u0131 sa\u011flayacak.<\/p>\n<p style=\"text-align: justify;\"><span style=\"color: #888888;\">Kaynak : Milliyet Gazetesi<\/span><\/p>\n","protected":false},"excerpt":{"rendered":"<p style=\"text-align: center;\">\n<p style=\"text-align: justify;\">Tam yetki ile g\u00f6reve gelecek olan teknik menajer, kul\u00fcb\u00fcn transfer \u00e7al\u0131\u015fmalar\u0131n\u0131 da y\u00fcr\u00fctecek. Y\u00f6netim bu konuyu pazartesi g\u00fcnk\u00fc toplant\u0131da g\u00fcndeme getirip tart\u0131\u015facak.<\/p>\n<p style=\"text-align: justify;\">SIKINTILI g\u00fcnler ge\u00e7iren Fenerbah\u00e7e&#8217;de y\u00f6netim kaos ortam\u0131ndan kurtulmak i\u00e7in \u00e7\u00f6z\u00fcm pe\u015finde. Sar\u0131 lacivertlilerde uzun s\u00fcredir konu\u015fulan teknik menajerlik form\u00fcl\u00fc yeniden g\u00fcndeme geldi. \u0130spanya Milli Tak\u0131m\u0131&#8217;n\u0131 Euro <\/p>\n","protected":false},"author":1,"featured_media":0,"comment_status":"open","ping_status":"open","sticky":false,"template":"","format":"standard","meta":{"footnotes":""},"categories":[42],"tags":[],"class_list":["post-1690","post","type-post","status-publish","format-standard","hentry","category-spor","odd"],"_links":{"self":[{"href":"http:\/\/www.korhanyilmaz.com\/index.php?rest_route=\/wp\/v2\/posts\/1690","targetHints":{"allow":["GET"]}}],"collection":[{"href":"http:\/\/www.korhanyilmaz.com\/index.php?rest_route=\/wp\/v2\/posts"}],"about":[{"href":"http:\/\/www.korhanyilmaz.com\/index.php?rest_route=\/wp\/v2\/types\/post"}],"author":[{"embeddable":true,"href":"http:\/\/www.korhanyilmaz.com\/index.php?rest_route=\/wp\/v2\/users\/1"}],"replies":[{"embeddable":true,"href":"http:\/\/www.korhanyilmaz.com\/index.php?rest_route=%2Fwp%2Fv2%2Fcomments&post=1690"}],"version-history":[{"count":0,"href":"http:\/\/www.korhanyilmaz.com\/index.php?rest_route=\/wp\/v2\/posts\/1690\/revisions"}],"wp:attachment":[{"href":"http:\/\/www.korhanyilmaz.com\/index.php?rest_route=%2Fwp%2Fv2%2Fmedia&parent=1690"}],"wp:term":[{"taxonomy":"category","embeddable":true,"href":"http:\/\/www.korhanyilmaz.com\/index.php?rest_route=%2Fwp%2Fv2%2Fcategories&post=1690"},{"taxonomy":"post_tag","embeddable":true,"href":"http:\/\/www.korhanyilmaz.com\/index.php?rest_route=%2Fwp%2Fv2%2Ftags&post=1690"}],"curies":[{"name":"wp","href":"https:\/\/api.w.org\/{rel}","templated":true}]}}