{"id":16898,"date":"2009-12-02T17:04:36","date_gmt":"2009-12-02T15:04:36","guid":{"rendered":"http:\/\/www.korhanyilmaz.com\/?p=16898"},"modified":"2009-12-02T17:04:36","modified_gmt":"2009-12-02T15:04:36","slug":"turk-yine-imrali-imrali-imrali-dedi","status":"publish","type":"post","link":"http:\/\/www.korhanyilmaz.com\/?p=16898","title":{"rendered":"T\u00fcrk yine &quot;\u0130mral\u0131 \u0130mral\u0131 \u0130mral\u0131&quot; dedi"},"content":{"rendered":"<p style=\"text-align: center;\"><a href=\"http:\/\/www.korhanyilmaz.com\/wp-content\/uploads\/2009\/12\/DTP.jpg\"  class=\"lightview\"><img loading=\"lazy\" decoding=\"async\" class=\"aligncenter size-full wp-image-16899\" src=\"http:\/\/www.korhanyilmaz.com\/wp-content\/uploads\/2009\/12\/DTP.jpg\" alt=\"\" width=\"307\" height=\"236\" \/><\/a><\/p>\n<p style=\"text-align: justify;\">DTP Genel Ba\u015fkan\u0131 Ahmet T\u00fcrk, &#8220;\u0130mral\u0131 sistemi halen ortadayken ve bu sistem daha da a\u011f\u0131rla\u015f\u0131rken a\u00e7\u0131l\u0131mdan s\u00f6z etmenin inand\u0131r\u0131c\u0131l\u0131\u011f\u0131 olamaz. Toplumsal gerginli\u011fin daha fazla t\u0131rmanmamas\u0131 ve \u00fclkemizin yeniden \u00e7at\u0131\u015fmal\u0131 bir ortama d\u00f6nmemesi i\u00e7in halk\u0131n hassasiyetlerinin dikkate al\u0131nmas\u0131 en temel zorunluluktur&#8221; dedi.<!--more--><\/p>\n<p style=\"text-align: justify;\">Sorunun K\u00fcrt halk\u0131n\u0131n varl\u0131\u011f\u0131n\u0131n Anayasa&#8217;da kabul edilip edilmeme sorunu oldu\u011funu belirten T\u00fcrk, k\u00f6y-kasaba isimlerinin geri verilmesini &#8220;ceviz kabu\u011funu bile dolduramayacak bir de\u011fi\u015fiklik&#8221; olarak niteledi. T\u00fcrk son d\u00f6nemde artan toplumsal gerginli\u011fin faturas\u0131n\u0131n da DTP&#8217;ye \u00e7\u0131kar\u0131lmak istendi\u011fini s\u00f6yledi.<\/p>\n<p style=\"text-align: justify;\">T\u00fcrk, \u0130stanbul, Mersin ve Hakkari gibi illerdeki gerilimlerle ilgili olarak da, &#8220;Toplumun bu konudaki tespitidir. Biz bunu bir gerilim olarak de\u011ferlendiriyoruz. Hi\u00e7bir insana y\u00f6nelik bir eylemin, olay\u0131n ya\u015fanmas\u0131n\u0131 istemiyoruz ama toplumsal bir gerilim \u00e7\u0131kt\u0131\u011f\u0131 zaman bunu bir siyasi partiye, anlay\u0131\u015fa ba\u011flamak do\u011fru de\u011fil. Halk\u0131n ortaya \u00e7\u0131kard\u0131\u011f\u0131 bir tepkidir bu. Biz ba\u015f\u0131ndan beri bu tepkilerin, hassasiyetlerin g\u00f6z \u00f6n\u00fcnde tutularak, T\u00fcrkiye&#8217;yi rahatlatarak bir s\u00fcrecin ba\u015flat\u0131lmas\u0131 gerekti\u011fini s\u00f6yl\u00fcyoruz&#8221; dedi.<\/p>\n<p style=\"text-align: justify;\">T\u00fcrk, ayr\u0131ca toplumu tatmin etmeyen bir durum ortaya \u00e7\u0131karsa do\u011fal olarak tepkilerin de geli\u015fece\u011fini, d\u00fcnyan\u0131n her yerinde bunun b\u00f6yle oldu\u011funu s\u00f6yledi.<\/p>\n<p style=\"text-align: justify;\">T\u00fcrk, partisinin genel merkezi \u00f6n\u00fcnde baz\u0131 DTP y\u00f6neticileri ve milletvekilleri ile yapt\u0131\u011f\u0131 bas\u0131n a\u00e7\u0131klamas\u0131nda, &#8220;K\u00fcrt sorunu, oyalamadan, kand\u0131rmadan, zamana yaymadan, ciddiyetle ele al\u0131nmak zorundad\u0131r&#8221; dedi.<\/p>\n<p style=\"text-align: justify;\">&#8220;AKP iktidar\u0131n\u0131n demokratik a\u00e7\u0131l\u0131m ad\u0131 alt\u0131nda y\u00fcr\u00fct\u00fc\u011f\u00fc baz\u0131 giri\u015fimler aldatmaca ve oyalamaya y\u00f6neliktir&#8221; diyen T\u00fcrk, &#8220;\u0130\u015fin esas\u0131nda, K\u00fcrtleri d\u0131\u015f\u0131nda tutan, onlar\u0131n iradesini dikkate almayan politikalar yatmaktad\u0131r. Bu politikalar y\u0131llard\u0131r denendi ancak sonu\u00e7 al\u0131namad\u0131. Buna ra\u011fmen ayn\u0131 \u00e7\u00f6z\u00fcms\u00fczl\u00fck politikalar\u0131nda \u0131srar edilmektedir&#8221; diye konu\u015ftu.<\/p>\n<p style=\"text-align: justify;\">T\u00fcrk, sorunun K\u00fcrt halk\u0131n\u0131n varl\u0131\u011f\u0131n\u0131n T\u00fcrkiye Cumhuriyet Anayasas\u0131&#8217;nda kabul edilip edilmeme sorunu oldu\u011funu kaydetti.<\/p>\n<p style=\"text-align: justify;\"><strong><em>&#8220;Ceviz kabu\u011funu doldurmaz&#8221; <\/em><\/strong><\/p>\n<p style=\"text-align: justify;\">K\u00fcrt halk\u0131n\u0131n siyasi ve k\u00fclt\u00fcrel haklar\u0131 tan\u0131nmadan, iradesi muhatap al\u0131nmadan, diyalog ve uzla\u015f\u0131 s\u00fcreci geli\u015ftirilmeden bu sorunun \u00e7\u00f6z\u00fclmesinin m\u00fcmk\u00fcn olmad\u0131\u011f\u0131n\u0131 kaydeden Ahmet T\u00fcrk, &#8220;\u015eimdi kar\u015f\u0131m\u0131zda bu d\u00fczeyde k\u00f6kl\u00fc bir sorun varken, baz\u0131 idari d\u00fczenlemeler ve y\u00f6netmelik de\u011fi\u015fiklikleriyle \u00e7\u00f6z\u00fcm m\u00fcmk\u00fcn m\u00fcd\u00fcr? K\u00f6y, kasaba isimlerinin geri verilmesi gibi ceviz kabu\u011funu bile dolduramayacak d\u00fczeyde baz\u0131 de\u011fi\u015fikliklerden bahsediliyor. Kald\u0131 ki halk\u0131m\u0131z zaten bu yerlerin T\u00fcrk\u00e7e isimlerini kullanm\u0131yor. G\u00fcya bu \u015fekilde, bu k\u00f6kl\u00fc sorun \u00e7\u00f6z\u00fclecekmi\u015f&#8230;&#8221; diye konu\u015ftu.<\/p>\n<p style=\"text-align: justify;\"><strong><em>&#8220;Sanc\u0131l\u0131 s\u00fcre\u00e7ten bizi sorumlu tutacaklar&#8221; <\/em><\/strong><\/p>\n<p style=\"text-align: justify;\">&#8220;Halk\u0131, kamuoyunu bu anlamda kand\u0131r\u0131p, sanc\u0131l\u0131 s\u00fcre\u00e7lerin geli\u015fmesinden K\u00fcrtleri, partimizi sorumlu tutacaklar. B\u00f6yle bir plan\u0131n, aray\u0131\u015f\u0131n oldu\u011funu d\u00fc\u015f\u00fcn\u00fcyoruz&#8221; diyen T\u00fcrk, siyaset\u00e7ilerin sorumlu ve ciddi yakla\u015f\u0131m g\u00f6stermesi gerekti\u011fini ifade etti.<\/p>\n<p style=\"text-align: justify;\">&#8220;K\u00fcrt halk\u0131n\u0131n hassas oldu\u011fu de\u011fer yarg\u0131lar\u0131na yakla\u015f\u0131m konusunda, iktidar ve muhalefet partilerinin \u00f6zenli bir \u00fcsluba ve yakla\u015f\u0131ma sahip olmas\u0131 gerekti\u011fini&#8221; s\u00f6yleyen T\u00fcrk, bu konulardaki duyars\u0131zl\u0131\u011f\u0131n ve yok sayma yakla\u015f\u0131m\u0131n\u0131n, \u00e7\u00f6z\u00fcme de\u011fil, tam tersine \u00e7\u00f6z\u00fcms\u00fczl\u00fc\u011fe ve gerilimlere yol a\u00e7t\u0131\u011f\u0131n\u0131 \u00f6ne s\u00fcrd\u00fc.<\/p>\n<p style=\"text-align: justify;\"><strong><em>\u00d6CALAN&#8217;IN DURUMU <\/em><\/strong><\/p>\n<p style=\"text-align: justify;\"><strong><em>&#8220;Zorla sa\u00e7 kaz\u0131ma&#8230;&#8221;<\/em><\/strong><\/p>\n<p style=\"text-align: justify;\">T\u00fcrk, &#8220;\u0130mral\u0131&#8217;da uygulanan politikalar\u0131n, \u015fantaj ve tehdit unsuru haline getirildi\u011fine dair K\u00fcrt halk\u0131nda ciddi ku\u015fkular ve kayg\u0131lar olu\u015ftu&#8221; g\u00f6r\u00fc\u015f\u00fcn\u00fc savundu.<\/p>\n<p style=\"text-align: justify;\">T\u00fcrk, &#8220;Ge\u00e7ti\u011fimiz y\u0131l ya\u015fanan ve halk\u0131 olduk\u00e7a geren, rencide edici k\u00f6t\u00fc uygulamalar\u0131n yaratt\u0131\u011f\u0131 tepkiler hala hepimizin haf\u0131zalar\u0131ndad\u0131r. Zorla sa\u00e7 kaz\u0131ma ve fiziki \u015fiddet uygulama durumu hala ayd\u0131nlat\u0131lmad\u0131. Sorumlular yarg\u0131 \u00f6n\u00fcne \u00e7\u0131kar\u0131lmad\u0131. \u015eimdi ise g\u00fcya uluslararas\u0131 hukuka g\u00f6re yap\u0131lan bir iyile\u015ftirmeymi\u015f gibi kamuoyuna sunulan yer de\u011fi\u015fikli\u011fiyle birlikte, \u0130mral\u0131&#8217;daki ko\u015fullar daha da a\u011f\u0131rla\u015ft\u0131r\u0131lm\u0131\u015ft\u0131r. Asl\u0131nda toplumun ve demokratik kamuoyunun beklentisi, tutukluluk ko\u015fullar\u0131n\u0131n d\u00fczeltilmesi y\u00f6n\u00fcndeyken, tam aksine bir yakla\u015f\u0131m g\u00f6r\u00fcyoruz&#8221; dedi.<\/p>\n<p style=\"text-align: justify;\">Ya\u015fanan bu son durumun toplumsal bar\u0131\u015f\u0131 ciddi bir bi\u00e7imde tehdit etti\u011fini, b\u00fcy\u00fck gerilimlere yol a\u00e7maya ba\u015flad\u0131\u011f\u0131n\u0131 s\u00f6yleyen T\u00fcrk, &#8220;Normal bir cezaevinde bile uygulanmas\u0131 d\u00fc\u015f\u00fcn\u00fclemeyen, mutlak tecrit ve izolasyon durumu, 11 y\u0131ldan beri \u0130mral\u0131&#8217;da uygulan\u0131yor. \u00d6calan&#8217;\u0131n sa\u011fl\u0131k ko\u015fullar\u0131, ya\u015fam\u0131 ve g\u00fcvenli\u011fi T\u00fcrkiye&#8217;deki geli\u015fmeleri derinden etkileyecek d\u00fczeyde kilit bir \u00f6neme sahiptir. Bu realitenin g\u00f6r\u00fclmesi ve buna g\u00f6re hareket edilmesi, i\u00e7inden ge\u00e7mekte oldu\u011fumuz hassas s\u00fcrecin en stratejik noktas\u0131n\u0131 olu\u015fturmaktad\u0131r&#8221; diye konu\u015ftu.<\/p>\n<p style=\"text-align: justify;\"><strong><em>&#8220;\u0130mral\u0131 incelenmeli&#8221; <\/em><\/strong><\/p>\n<p style=\"text-align: justify;\">T\u00fcrk, Avrupa \u0130\u015fkenceyi \u00d6nleme Komitesi ve ulusal sivil toplum \u00f6rg\u00fctleri ile siyasi parti temsilcilerinden olu\u015fan bir heyetin \u0130mral\u0131&#8217;da inceleme yapmas\u0131n\u0131 istedi.<\/p>\n<p style=\"text-align: justify;\"><strong><em>&#8220;K\u00fcrtlerin g\u00f6z\u00fc kula\u011f\u0131 \u0130mral\u0131&#8217;da&#8221; <\/em><\/strong><\/p>\n<p style=\"text-align: justify;\">&#8220;\u0130mral\u0131&#8217;n\u0131n, h\u00fck\u00fcmetin a\u00e7\u0131l\u0131m olarak savundu\u011fu s\u00fcrecin bir aynas\u0131&#8221; oldu\u011funu iddia eden T\u00fcrk, &#8220;Bu s\u00fcrecin ger\u00e7ek bir demokrasi a\u00e7\u0131l\u0131m\u0131na d\u00f6n\u00fc\u015fmesinin en \u00f6nemli ko\u015fullar\u0131ndan biri \u0130mral\u0131&#8217;ya yakla\u015f\u0131md\u0131r. \u00c7\u00fcnk\u00fc K\u00fcrtlerin g\u00f6z\u00fc kula\u011f\u0131 \u0130mral\u0131&#8217;dad\u0131r. K\u00fcrtler, \u0130mral\u0131&#8217;ya kar\u015f\u0131 geli\u015ftirilen olumlu ya da olumsuz bir tavr\u0131 kendisine kar\u015f\u0131 al\u0131nan bir tutum olarak saymakta ve g\u00f6rmektedir. Bu nedenle \u0130mral\u0131, K\u00fcrtlerin ve toplumsal bar\u0131\u015f\u0131n en hassas noktas\u0131d\u0131r&#8221; diye konu\u015ftu.<\/p>\n<p style=\"text-align: justify;\"><strong><em>&#8220;\u00d6calan&#8217;\u0131n bar\u0131\u015f eli&#8230;&#8221; <\/em><\/strong><\/p>\n<p style=\"text-align: justify;\">&#8220;\u00d6calan&#8217;\u0131n uzatt\u0131\u011f\u0131 bu bar\u0131\u015f elinin tutulmas\u0131 gerekirken, sergilenen tam aksi yakla\u015f\u0131mlar\u0131 ne bizim, ne halk\u0131m\u0131z\u0131n ne de demokratik kamuoyunun kabul etmesi, me\u015fru g\u00f6rmesi m\u00fcmk\u00fcnd\u00fcr&#8221; diyen T\u00fcrk, &#8220;\u00d6calan&#8217;\u0131n dikkate al\u0131nmad\u0131\u011f\u0131, onun yok say\u0131ld\u0131\u011f\u0131, diyalog kanallar\u0131n\u0131n kapat\u0131ld\u0131\u011f\u0131 bir s\u00fcre\u00e7, K\u00fcrt sorununun \u00e7\u00f6z\u00fcm\u00fcne hizmet etmeyecek, aksine \u00e7\u00f6z\u00fcms\u00fczl\u00fc\u011f\u00fc derinle\u015ftirecektir. Tecride ve yok etmeye dayal\u0131 \u0130mral\u0131 sistemi halen ortadayken ve bu sistem daha da a\u011f\u0131rla\u015ft\u0131r\u0131l\u0131rken, a\u00e7\u0131l\u0131mdan s\u00f6z etmenin inand\u0131r\u0131c\u0131l\u0131\u011f\u0131 olmaz, olamaz. Bu nedenle, toplumsal gerginli\u011fin daha fazla t\u0131rmanmamas\u0131 ve \u00fclkemizin yeniden \u00e7at\u0131\u015fmal\u0131 bir ortama d\u00f6nmemesi i\u00e7in halk\u0131n hassasiyetlerinin dikkate al\u0131nmas\u0131 en temel zorunluluktur&#8221; ifadesini kulland\u0131.<\/p>\n<p style=\"text-align: justify;\"><strong><em>&#8220;K\u00fcrtlere kar\u015f\u0131 \u0131rk\u00e7\u0131 lin\u00e7 kampanyas\u0131&#8221; <\/em><\/strong><\/p>\n<p style=\"text-align: justify;\">T\u00fcrk, son d\u00f6nemde ya\u015fananlar\u0131n, uzun vadeli bir plan\u0131n-genel bir konseptin a\u015fama a\u015fama hayata ge\u00e7irilmeye \u00e7al\u0131\u015f\u0131ld\u0131\u011f\u0131n\u0131 ortaya koydu\u011funu savunarak, &#8220;Bar\u0131\u015f grubunun geli\u015fi sonras\u0131 estirilen milliyet\u00e7i hava, \u0130zmir ve sonras\u0131nda somut \u00f6rneklerini g\u00f6rd\u00fc\u011f\u00fcm\u00fcz K\u00fcrtlere kar\u015f\u0131 \u0131rk\u00e7\u0131 lin\u00e7 kampanyas\u0131na d\u00f6n\u00fc\u015ft\u00fcr\u00fclm\u00fc\u015ft\u00fcr. Benzer \u015fekilde, partimizi siyaseten tasfiyeye d\u00f6n\u00fck bir s\u00fcre\u00e7 i\u015fletilmektedir. \u0130mral\u0131&#8217;da ya\u015fananlar da bu konseptin en \u00f6nemli par\u00e7as\u0131d\u0131r&#8221; dedi.<\/p>\n<p style=\"text-align: justify;\">Bu tablo kar\u015f\u0131s\u0131nda, K\u00fcrt halk\u0131n\u0131n ve demokratik kamuoyunun sessiz kalmas\u0131n\u0131n beklenemeyece\u011fini bildiren T\u00fcrk, &#8220;demokratik ve me\u015fru zeminde bar\u0131\u015f m\u00fccadelelerini s\u00fcrd\u00fcreceklerini&#8221; s\u00f6yledi.<\/p>\n<p style=\"text-align: justify;\"><strong><em>Gazeteci sordu: &#8220;Tehdit mi?&#8221; <\/em><\/strong><\/p>\n<p style=\"text-align: justify;\">Konu\u015fmas\u0131n\u0131n ard\u0131ndan gazetecilerin sorular\u0131n\u0131 da yan\u0131tlayan T\u00fcrk, bir gazetecinin, &#8220;\u0130mral\u0131&#8217;daki ko\u015fullarla ilgili somut \u00f6rnekler verir misiniz?&#8221; ve &#8220;Toplumun gerilmemesini s\u00f6yl\u00fcyorsunuz ama (\u0130mral\u0131&#8217;daki ko\u015fullar de\u011fi\u015fmezse toplumda baz\u0131 gerilimler ya\u015fan\u0131r) dediniz. Bu tehdit de\u011fil mi?&#8221; \u015feklindeki sorusuna, \u015fu yan\u0131t\u0131 verdi:<\/p>\n<p style=\"text-align: justify;\">&#8220;Biz bir ger\u00e7e\u011fi dile getiriyoruz. Ald\u0131\u011f\u0131m\u0131z bilgiler, ya\u015fama ko\u015fullar\u0131 daha iyile\u015ftirilece\u011fi \u015fekildeydi. \u015eimdi 10 metrekare yerden 6,5 metrekare yere al\u0131nd\u0131. Pencereden rahat rahat hava alma imkan\u0131 varken, tavana yap\u0131\u015f\u0131k k\u00fc\u00e7\u00fck bir pencerenin oldu\u011fu yere ta\u015f\u0131nd\u0131. Toplumdaki hassasiyeti g\u00f6rmek laz\u0131m. Burada iyile\u015ftirme de\u011fil, mevcut ko\u015fullar daha da geriletilmi\u015ftir. Bu yakla\u015f\u0131m bi\u00e7imlerinin toplumda gerilim yaratt\u0131\u011f\u0131n\u0131 hepimiz biliyoruz.&#8221;<\/p>\n<p style=\"text-align: justify;\">T\u00fcrk, bir ba\u015fka gazetecinin, &#8220;A\u00e7\u0131klaman\u0131z, s\u00f6yledi\u011finiz hassasiyetlerin neresinde duruyor?&#8221; sorusunu, &#8220;Oradaki ya\u015fama ko\u015fullar\u0131n\u0131n d\u00fczeltilmesi gerekiyor. \u0130yile\u015ftirme ad\u0131na daha da geri \u015fartlar getirdi\u011finizde, burada toplumu germeye y\u00f6nelik bir anlay\u0131\u015f\u0131n yatt\u0131\u011f\u0131n\u0131 ortaya koymaya \u00e7al\u0131\u015f\u0131yoruz. &#8216;T\u00fcrkiye&#8217;nin, 72 milyonun hassasiyetleri&#8217; diyorsan\u0131z, bir de K\u00fcrtlerin hassasiyetlerini, bu 72 milyonun i\u00e7ine katarak, baz\u0131 \u015feyleri geli\u015ftirmemiz laz\u0131m&#8221; diye yan\u0131tlad\u0131.<\/p>\n<p style=\"text-align: justify;\">Bir ba\u015fka soruyu yan\u0131tlarken de T\u00fcrk, &#8220;B\u00fct\u00fcn K\u00fcrtler bu bar\u0131\u015f\u00e7\u0131l s\u00fcrecin ger\u00e7ekle\u015fmesi, \u00e7at\u0131\u015fmal\u0131 ortam\u0131n sona ermesi konusunda kararl\u0131 duru\u015f g\u00f6stermi\u015ftir. \u0130stedi\u011fimiz, sorunun onurlu \u015fekilde \u00e7\u00f6z\u00fcm\u00fc, K\u00fcrtlerin taleplerini yerine getirecek bir form\u00fcl\u00fcn ortaya konulmas\u0131. Aldatmacaya y\u00f6nelik bir s\u00fcrecin kimseye faydas\u0131 yok&#8221; dedi.<\/p>\n<p style=\"text-align: justify;\">&#8220;Tepkileri dindirmek i\u00e7in giri\u015fimleriniz olacak m\u0131?&#8221; \u015feklindeki bir ba\u015fka soru \u00fczerine ise T\u00fcrk, tepkilerin demokratik bi\u00e7imde olmas\u0131 i\u00e7in parti olarak \u00e7al\u0131\u015fma yapacaklar\u0131n\u0131, illeri ziyaret edeceklerini, demokratik tepkilerin \u00f6l\u00e7\u00fcs\u00fcn\u00fc, yap\u0131lmas\u0131 gerekenler konusunda d\u00fc\u015f\u00fcncelerini ortaya koyacaklar\u0131n\u0131 bildirdi.<\/p>\n<p style=\"text-align: justify;\"><span style=\"color: #888888;\">CNN T\u00dcRK<\/span><\/p>\n","protected":false},"excerpt":{"rendered":"<p style=\"text-align: center;\">\n<p style=\"text-align: justify;\">DTP Genel Ba\u015fkan\u0131 Ahmet T\u00fcrk, &#8220;\u0130mral\u0131 sistemi halen ortadayken ve bu sistem daha da a\u011f\u0131rla\u015f\u0131rken a\u00e7\u0131l\u0131mdan s\u00f6z etmenin inand\u0131r\u0131c\u0131l\u0131\u011f\u0131 olamaz. Toplumsal gerginli\u011fin daha fazla t\u0131rmanmamas\u0131 ve \u00fclkemizin yeniden \u00e7at\u0131\u015fmal\u0131 bir ortama d\u00f6nmemesi i\u00e7in halk\u0131n hassasiyetlerinin dikkate al\u0131nmas\u0131 en temel zorunluluktur&#8221; dedi.<\/p>\n","protected":false},"author":1,"featured_media":0,"comment_status":"open","ping_status":"closed","sticky":false,"template":"","format":"standard","meta":{"footnotes":""},"categories":[105],"tags":[],"class_list":["post-16898","post","type-post","status-publish","format-standard","hentry","category-gundem","odd"],"_links":{"self":[{"href":"http:\/\/www.korhanyilmaz.com\/index.php?rest_route=\/wp\/v2\/posts\/16898","targetHints":{"allow":["GET"]}}],"collection":[{"href":"http:\/\/www.korhanyilmaz.com\/index.php?rest_route=\/wp\/v2\/posts"}],"about":[{"href":"http:\/\/www.korhanyilmaz.com\/index.php?rest_route=\/wp\/v2\/types\/post"}],"author":[{"embeddable":true,"href":"http:\/\/www.korhanyilmaz.com\/index.php?rest_route=\/wp\/v2\/users\/1"}],"replies":[{"embeddable":true,"href":"http:\/\/www.korhanyilmaz.com\/index.php?rest_route=%2Fwp%2Fv2%2Fcomments&post=16898"}],"version-history":[{"count":0,"href":"http:\/\/www.korhanyilmaz.com\/index.php?rest_route=\/wp\/v2\/posts\/16898\/revisions"}],"wp:attachment":[{"href":"http:\/\/www.korhanyilmaz.com\/index.php?rest_route=%2Fwp%2Fv2%2Fmedia&parent=16898"}],"wp:term":[{"taxonomy":"category","embeddable":true,"href":"http:\/\/www.korhanyilmaz.com\/index.php?rest_route=%2Fwp%2Fv2%2Fcategories&post=16898"},{"taxonomy":"post_tag","embeddable":true,"href":"http:\/\/www.korhanyilmaz.com\/index.php?rest_route=%2Fwp%2Fv2%2Ftags&post=16898"}],"curies":[{"name":"wp","href":"https:\/\/api.w.org\/{rel}","templated":true}]}}