{"id":16894,"date":"2009-12-02T16:24:59","date_gmt":"2009-12-02T14:24:59","guid":{"rendered":"http:\/\/www.korhanyilmaz.com\/?p=16894"},"modified":"2009-12-02T16:24:59","modified_gmt":"2009-12-02T14:24:59","slug":"sincan-hakimi-recm-edilmemi-istediler","status":"publish","type":"post","link":"http:\/\/www.korhanyilmaz.com\/?p=16894","title":{"rendered":"Sincan Hakimi: &#039;Recm edilmemi istediler&#039;"},"content":{"rendered":"<p style=\"text-align: center;\"><a href=\"http:\/\/www.korhanyilmaz.com\/wp-content\/uploads\/2009\/12\/kacmaz.jpg\"  class=\"lightview\"><img loading=\"lazy\" decoding=\"async\" class=\"aligncenter size-full wp-image-16895\" src=\"http:\/\/www.korhanyilmaz.com\/wp-content\/uploads\/2009\/12\/kacmaz.jpg\" alt=\"\" width=\"307\" height=\"236\" \/><\/a><\/p>\n<p style=\"text-align: justify;\">Sincan 1. Ceza Mahkemesi Ba\u015fkan\u0131 Osman Ka\u00e7maz, Hakimler ve Savc\u0131lar Y\u00fcksek Kurulu&#8217;na (HSYK) yapt\u0131\u011f\u0131 savunmada Ba\u015fbakan ve Cumhurba\u015fkan\u0131 hakk\u0131nda verdi\u011fi kararlar nedeniyle hakk\u0131nda soru\u015fturma ba\u015flat\u0131ld\u0131\u011f\u0131n\u0131 s\u00f6yledi. &#8220;Soru\u015fturma duyduklar\u0131 derin kayg\u0131 nedeniyle ba\u015flat\u0131ld\u0131. Kamuoyu g\u00f6z\u00fcnde benim recm edilmemi sa\u011flamak istediler&#8221; diyen Ka\u00e7maz, torpil iddias\u0131na ise bir ba\u015fka belgeyle yan\u0131t verdi.<!--more--><\/p>\n<p style=\"text-align: justify;\">Adalet Bakanl\u0131\u011f\u0131 m\u00fcfetti\u015fleri meslekten ihra\u00e7 edilmesini istiyor. O ise HSYK&#8217;ya yapt\u0131\u011f\u0131 savunmada, Ba\u015fbakan ve Cumhurba\u015fkan\u0131 hakk\u0131nda verdi\u011fi yarg\u0131lama kararlar\u0131n\u0131 hat\u0131rlatarak, hakk\u0131ndaki soru\u015fturman\u0131n nedenini sorgulad\u0131.<\/p>\n<p style=\"text-align: justify;\">Hakim Ka\u00e7maz, toplam 100 sayfal\u0131k savunmas\u0131nda, &#8220;Bir tak\u0131m ki\u015fi ve g\u00f6revlilerin tepkisini \u00e7eken, bu tepkiyi i\u00e7sel olarak b\u00fcy\u00fcterek adeta intikam duygusuyla ve gelecekteki g\u00f6revim s\u0131ras\u0131nda hukukun \u00fcst\u00fcnl\u00fc\u011f\u00fc ve adalet ilkesinden ayr\u0131lmaz bir \u015fekilde karar verme ihtimalim bulunan kararlar hakk\u0131ndaki duyduklar\u0131 derin kayg\u0131 nedeniyle hi\u00e7bir yasal gerek\u00e7e, delil ve hatta \u015f\u00fcphe dahi bulunmaks\u0131z\u0131n adeta gizli bir elin d\u00fc\u011fmeye basmas\u0131yla hakk\u0131mda soru\u015fturmaya ba\u015flan\u0131lm\u0131\u015ft\u0131r&#8221; dedi.<\/p>\n<p style=\"text-align: justify;\">Ka\u00e7maz, kendisine y\u00f6neltilen su\u00e7lamalar\u0131n kurguland\u0131\u011f\u0131n\u0131, Adalet Bakanl\u0131\u011f\u0131&#8217;nca hakk\u0131nda yalan bilgilerin servis edildi\u011fini ileri s\u00fcrd\u00fc ve &#8220;Kamuoyu g\u00f6z\u00fcnde benim recm edilmemi sa\u011flamak istemi\u015flerdir&#8221; dedi.<\/p>\n<p style=\"text-align: justify;\">Hakim Ka\u00e7maz hakk\u0131ndaki iddianamenin dayana\u011f\u0131n\u0131 olu\u015fturan telefon kay\u0131tlar\u0131na da itiraz etti ve &#8220;Dinlemeler yasak delil niteli\u011finde, yok h\u00fckm\u00fcndedir&#8221; dedi.<\/p>\n<p style=\"text-align: justify;\"><strong><em>&#8220;Orta\u00e7a\u011f Avrupas\u0131&#8217;nda rastlan\u0131r&#8221;<\/em><\/strong><\/p>\n<p style=\"text-align: justify;\">&#8220;Yetkisiz ve g\u00f6revsiz mahkemelerden al\u0131nm\u0131\u015f dinleme kararlar\u0131na dayal\u0131 olarak telefonlar\u0131m dinlenmi\u015ftir. Bu dinleme i\u015flemi hukuka ayk\u0131r\u0131d\u0131r&#8221; diyen Ka\u00e7maz, &#8220;Ge\u00e7ti\u011fimiz y\u0131llar i\u00e7erisinde hukukumuza giren gizli tan\u0131k m\u00fcessesesi gibi Tefti\u015f Kurulu Ba\u015fkanl\u0131\u011f\u0131&#8217;n\u0131n uygulamas\u0131yla hukukumuza gizli mahkeme, gizli mahkeme karar\u0131, gizli cumhuriyet savc\u0131s\u0131, gizli hakim, gizli savunma tutana\u011f\u0131 gibi m\u00fcesseseler girmi\u015f bulunmaktad\u0131r. Bu t\u00fcr bir yarg\u0131lama \u00f6rne\u011fine ancak H\u0131ristiyan Orta\u00e7a\u011f Avrupas\u0131&#8217;n\u0131n engizisyon yarg\u0131lamalar\u0131nda rastlanabilir&#8221; ifadesini kulland\u0131.<\/p>\n<p style=\"text-align: justify;\"><strong><em>Adalet Bakan\u0131&#8217;n\u0131n &#8220;irkildim&#8221; a\u00e7\u0131klamas\u0131n\u0131 ele\u015ftirdi <\/em><\/strong><\/p>\n<p style=\"text-align: justify;\">Hakim Ka\u00e7maz, &#8220;Ben de dinlendim, kendi sesimi duyunca irkildim&#8221; diyen Adalet Bakan\u0131 Sadullah Ergin&#8217;i de, &#8220;Say\u0131n Adalet Bakan\u0131 kendi sesini duymaktan irkiliyor da benim sesimi duymaktan irkilmiyor mu? Belirtti\u011fi Anayasal haklar Say\u0131n Ergin&#8217;e tan\u0131nm\u0131\u015f da bana tan\u0131nmam\u0131\u015f m\u0131?&#8221; s\u00f6zleriyle ele\u015ftirdi.<\/p>\n<p style=\"text-align: justify;\"><strong><em>Torpil su\u00e7lamas\u0131 <\/em><\/strong><\/p>\n<p style=\"text-align: justify;\">Hakim Ka\u00e7maz iddianamede kendisine y\u00f6neltilen &#8220;tavassut&#8221; yani torpil su\u00e7lamas\u0131na da, d\u00f6nemin Adalet Bakan\u0131 Cemil \u00c7i\u00e7ek&#8217;in kendisine g\u00f6nderdi\u011fi faks\u0131 da dosyaya koyarak yan\u0131t verdi.<\/p>\n<p style=\"text-align: justify;\">Osman Ka\u00e7maz&#8217;\u0131n avukat\u0131 Baykal Do\u011fan, &#8220;Baz\u0131 zab\u0131t katiplerinin isimleri i\u015fe al\u0131nmas\u0131 i\u00e7in g\u00f6nderilmi\u015f. O zaman bu ne? Kendisine gelen her telefon torpil yap\u0131ld\u0131\u011f\u0131n\u0131n kan\u0131t\u0131 m\u0131?&#8221; dedi.<\/p>\n<p style=\"text-align: justify;\">Ka\u00e7maz&#8217;\u0131n iddias\u0131na g\u00f6re, Sincan A\u011f\u0131r Ceza Mahkemesi&#8217;ne bir i\u015fe al\u0131nma talebi de d\u00f6nemin Malatya milletvekili Fuat \u00d6lmeztoprak&#8217;tan geldi. Ka\u00e7maz, o talebin belgesini de savunma dosyas\u0131na koydu.<\/p>\n<p style=\"text-align: justify;\"><span style=\"color: #888888;\">Serhat Dal &#8211; CNN T\u00dcRK<\/span><\/p>\n","protected":false},"excerpt":{"rendered":"<p style=\"text-align: center;\">\n<p style=\"text-align: justify;\">Sincan 1. Ceza Mahkemesi Ba\u015fkan\u0131 Osman Ka\u00e7maz, Hakimler ve Savc\u0131lar Y\u00fcksek Kurulu&#8217;na (HSYK) yapt\u0131\u011f\u0131 savunmada Ba\u015fbakan ve Cumhurba\u015fkan\u0131 hakk\u0131nda verdi\u011fi kararlar nedeniyle hakk\u0131nda soru\u015fturma ba\u015flat\u0131ld\u0131\u011f\u0131n\u0131 s\u00f6yledi. &#8220;Soru\u015fturma duyduklar\u0131 derin kayg\u0131 nedeniyle ba\u015flat\u0131ld\u0131. Kamuoyu g\u00f6z\u00fcnde benim recm edilmemi sa\u011flamak istediler&#8221; diyen Ka\u00e7maz, torpil iddias\u0131na ise bir ba\u015fka belgeyle yan\u0131t verdi.<\/p>\n","protected":false},"author":1,"featured_media":0,"comment_status":"open","ping_status":"closed","sticky":false,"template":"","format":"standard","meta":{"footnotes":""},"categories":[105],"tags":[],"class_list":["post-16894","post","type-post","status-publish","format-standard","hentry","category-gundem","odd"],"_links":{"self":[{"href":"http:\/\/www.korhanyilmaz.com\/index.php?rest_route=\/wp\/v2\/posts\/16894","targetHints":{"allow":["GET"]}}],"collection":[{"href":"http:\/\/www.korhanyilmaz.com\/index.php?rest_route=\/wp\/v2\/posts"}],"about":[{"href":"http:\/\/www.korhanyilmaz.com\/index.php?rest_route=\/wp\/v2\/types\/post"}],"author":[{"embeddable":true,"href":"http:\/\/www.korhanyilmaz.com\/index.php?rest_route=\/wp\/v2\/users\/1"}],"replies":[{"embeddable":true,"href":"http:\/\/www.korhanyilmaz.com\/index.php?rest_route=%2Fwp%2Fv2%2Fcomments&post=16894"}],"version-history":[{"count":0,"href":"http:\/\/www.korhanyilmaz.com\/index.php?rest_route=\/wp\/v2\/posts\/16894\/revisions"}],"wp:attachment":[{"href":"http:\/\/www.korhanyilmaz.com\/index.php?rest_route=%2Fwp%2Fv2%2Fmedia&parent=16894"}],"wp:term":[{"taxonomy":"category","embeddable":true,"href":"http:\/\/www.korhanyilmaz.com\/index.php?rest_route=%2Fwp%2Fv2%2Fcategories&post=16894"},{"taxonomy":"post_tag","embeddable":true,"href":"http:\/\/www.korhanyilmaz.com\/index.php?rest_route=%2Fwp%2Fv2%2Ftags&post=16894"}],"curies":[{"name":"wp","href":"https:\/\/api.w.org\/{rel}","templated":true}]}}