{"id":16886,"date":"2009-11-30T00:37:03","date_gmt":"2009-11-29T22:37:03","guid":{"rendered":"http:\/\/www.korhanyilmaz.com\/?p=16886"},"modified":"2009-11-30T00:37:03","modified_gmt":"2009-11-29T22:37:03","slug":"bu-nasil-laf-bay-arinc","status":"publish","type":"post","link":"http:\/\/www.korhanyilmaz.com\/?p=16886","title":{"rendered":"Bu nas\u0131l laf Bay Ar\u0131n\u00e7?"},"content":{"rendered":"<p style=\"text-align: justify;\"><a href=\"http:\/\/www.korhanyilmaz.com\/wp-content\/uploads\/2009\/11\/arinc2.jpg\"  class=\"lightview\"><img loading=\"lazy\" decoding=\"async\" class=\"aligncenter size-full wp-image-16887\" src=\"http:\/\/www.korhanyilmaz.com\/wp-content\/uploads\/2009\/11\/arinc2.jpg\" alt=\"\" width=\"450\" height=\"225\" \/><\/a><\/p>\n<p style=\"text-align: justify;\">AKP Genel Merkezi\u2019nde partililerle d\u00fczenlenen bayramla\u015fma t\u00f6renine damgay\u0131, Ba\u015fbakan Yard\u0131mc\u0131s\u0131 B\u00fclent Ar\u0131n\u00e7 vurdu. T\u00f6ren \u00e7\u0131k\u0131\u015f\u0131 gazetecilerin g\u00fcncel konulara ili\u015fkin sorular\u0131n\u0131 cevaplamaktan ka\u00e7\u0131nan Ar\u0131n\u00e7, \u00f6nce \u201cSoru yok\u201d dedi, hemen ard\u0131ndan da \u201cBayramdan sonra, g\u00fczel \u015feyler s\u00f6yleyece\u011fim\u201d a\u00e7\u0131klamas\u0131nda bulundu. <!--more--><\/p>\n<p style=\"text-align: justify;\">DANI\u015eTAY\u2019\u0131n katsay\u0131 karar\u0131na ili\u015fkin de\u011ferlendirmesi sorulunca Ar\u0131n\u00e7\u2019tan \u015fok s\u00f6zler geldi: <span style=\"background-color: #ffcc00;\"><em>Bayramdan sonra ne Dan\u0131\u015ftay kalacak, ne B\u00fclent Ar\u0131n\u00e7!..<\/em><\/span> Bir gazetecinin \u201cSert olacak o zaman\u201d s\u00f6zlerine de<em> <span style=\"background-color: #ffcc00;\">\u201cSert, yumu\u015fak&#8230; B\u00fclent Ar\u0131n\u00e7 bir \u015fey s\u00f6yleyecek\u201d<\/span><\/em> kar\u015f\u0131l\u0131\u011f\u0131n\u0131 verdi. Ar\u0131n\u00e7\u2019\u0131n s\u00f6zlerinin ne anlama geldi\u011fi tart\u0131\u015fma konusu oldu.<\/p>\n<p style=\"text-align: justify;\"><strong><em>Ar\u0131n\u00e7 kafalar\u0131 kar\u0131\u015ft\u0131rd\u0131<\/em><\/strong><\/p>\n<p style=\"text-align: justify;\">Zaman zaman sivri \u00e7\u0131k\u0131\u015flar\u0131yla \u00fcn yapan Ba\u015fbakan Yard\u0131mc\u0131s\u0131 B\u00fclent Ar\u0131n\u00e7, yine bombay\u0131 patlatt\u0131: Bayramdan sonra ne Dan\u0131\u015ftay kalacak ne de Ar\u0131n\u00e7. Sert, yumu\u015fak bir \u015feyler s\u00f6yleyece\u011fim!<\/p>\n<p style=\"text-align: justify;\">AKP Genel Merkezi\u2019nde partililerle d\u00fczenlenen bayramla\u015fma t\u00f6renine damgay\u0131, Devlet Bakan\u0131 ve Ba\u015fbakan Yard\u0131mc\u0131s\u0131 B\u00fclent Ar\u0131n\u00e7 vurdu. Ar\u0131n\u00e7,g\u00fcncel konulara ili\u015fkin yapt\u0131\u011f\u0131 \u00e7arp\u0131c\u0131 a\u00e7\u0131klamalarla kaflar\u0131 kar\u0131\u015ft\u0131rd\u0131. B\u00fclent Ar\u0131n\u00e7, parti genel merkezinde \u00f6nceki g\u00fcn yap\u0131lan bayramla\u015fma t\u00f6reninden ayr\u0131l\u0131rken ilgin\u00e7 bir c\u00fcmle sarf etti. Ar\u0131n\u00e7, \u00e7\u0131k\u0131\u015fta bir gazetecinin, \u201cDan\u0131\u015ftay\u2019\u0131n ald\u0131\u011f\u0131 katsay\u0131 karar\u0131na ili\u015fkin de\u011ferlendirmesini\u201d sormas\u0131 \u00fczerine \u00f6nce \u201csoru yok\u201d dedi. Ancak daha sonra, \u201cBayramdan sonra, g\u00fczel \u015feyler s\u00f6yleyece\u011fim\u201d diye konu\u015ftu.<\/p>\n<p style=\"text-align: justify;\"><strong><em>Bir \u015feyler s\u00f6yleyece\u011fim<\/em><\/strong><\/p>\n<p style=\"text-align: justify;\">B\u00fclent Ar\u0131n\u00e7, gazetecilerin ayn\u0131 konudaki sorusu \u00fczerine, \u201cBayramdan sonra ne Dan\u0131\u015ftay kalacak, ne B\u00fclent Ar\u0131n\u00e7\u201d dedi. Ba\u015fbakan Yard\u0131mc\u0131s\u0131, bir gazetecinin \u201cSert olacak o zaman\u201d s\u00f6zleri \u00fczerine ise, \u201cSert, yumu\u015fak, B\u00fclent Ar\u0131n\u00e7 bir\u015fey s\u00f6yleyecek\u201d kar\u015f\u0131l\u0131\u011f\u0131n\u0131 verdi. Ar\u0131n\u00e7\u2019\u0131n bu kafa kar\u0131\u015ft\u0131r\u0131c\u0131 s\u00f6zleri, kulislerde \u201cBayramdan sonra bu konuda ilgin\u00e7 geli\u015fmeler ya\u015fanacak\u201d yorumlar\u0131na neden oldu. Bayramla\u015fma t\u00f6reninde milliyet\u00e7ilik \u00fczerine de bir de\u011ferlendirme yapan Ba\u015fbakan Yard\u0131mc\u0131s\u0131 B\u00fclent Ar\u0131n\u00e7,  \u201cEn iyi milliyet\u00e7ilik, vatan\u0131 ve milleti i\u00e7in en g\u00fczel i\u015fleri yapmakt\u0131r\u201d dedi.<\/p>\n<p style=\"text-align: justify;\"><strong><em>AKP\u2019nin yapt\u0131klar\u0131 ortadad\u0131r<\/em><\/strong><\/p>\n<p style=\"text-align: justify;\">Konu\u015fmas\u0131nda AKP\u2019nin b\u00fcy\u00fck i\u015fler ba\u015fard\u0131\u011f\u0131n\u0131 iddia eden Ar\u0131n\u00e7, partisinin \u201cy\u0131llard\u0131r g\u00f6rmezden gelinen, korkulan, el bile s\u00fcr\u00fclmeyen, ihmal edilen toplumsal sorunlar\u0131 bir bir \u00e7\u00f6zmeye ba\u015flad\u0131\u011f\u0131n\u0131\u201d \u00f6ne s\u00fcrd\u00fc. Ar\u0131n\u00e7, iktidar\u0131n, bunlar\u0131n en \u00f6nemlilerini \u00e7ok cesur bir bi\u00e7imde ele alarak \u00e7\u00f6zmek i\u00e7in gayret etti\u011fini belirtti.<\/p>\n<p style=\"text-align: justify;\"><span style=\"color: #888888;\">Haber Kayna\u011f\u0131 : Fatih Erboz &#8211; <a href=\"http:\/\/www.yenicaggazetesi.com.tr\/haberdetay.php?hit=27102\" target=\"_blank\">yenicaggazetesi.com.tr<\/a><\/span><\/p>\n","protected":false},"excerpt":{"rendered":"<p style=\"text-align: justify;\">\n<p style=\"text-align: justify;\">AKP Genel Merkezi\u2019nde partililerle d\u00fczenlenen bayramla\u015fma t\u00f6renine damgay\u0131, Ba\u015fbakan Yard\u0131mc\u0131s\u0131 B\u00fclent Ar\u0131n\u00e7 vurdu. T\u00f6ren \u00e7\u0131k\u0131\u015f\u0131 gazetecilerin g\u00fcncel konulara ili\u015fkin sorular\u0131n\u0131 cevaplamaktan ka\u00e7\u0131nan Ar\u0131n\u00e7, \u00f6nce \u201cSoru yok\u201d dedi, hemen ard\u0131ndan da \u201cBayramdan sonra, g\u00fczel \u015feyler s\u00f6yleyece\u011fim\u201d a\u00e7\u0131klamas\u0131nda bulundu. <\/p>\n","protected":false},"author":1,"featured_media":0,"comment_status":"open","ping_status":"closed","sticky":false,"template":"","format":"standard","meta":{"footnotes":""},"categories":[105],"tags":[],"class_list":["post-16886","post","type-post","status-publish","format-standard","hentry","category-gundem","odd"],"_links":{"self":[{"href":"http:\/\/www.korhanyilmaz.com\/index.php?rest_route=\/wp\/v2\/posts\/16886","targetHints":{"allow":["GET"]}}],"collection":[{"href":"http:\/\/www.korhanyilmaz.com\/index.php?rest_route=\/wp\/v2\/posts"}],"about":[{"href":"http:\/\/www.korhanyilmaz.com\/index.php?rest_route=\/wp\/v2\/types\/post"}],"author":[{"embeddable":true,"href":"http:\/\/www.korhanyilmaz.com\/index.php?rest_route=\/wp\/v2\/users\/1"}],"replies":[{"embeddable":true,"href":"http:\/\/www.korhanyilmaz.com\/index.php?rest_route=%2Fwp%2Fv2%2Fcomments&post=16886"}],"version-history":[{"count":0,"href":"http:\/\/www.korhanyilmaz.com\/index.php?rest_route=\/wp\/v2\/posts\/16886\/revisions"}],"wp:attachment":[{"href":"http:\/\/www.korhanyilmaz.com\/index.php?rest_route=%2Fwp%2Fv2%2Fmedia&parent=16886"}],"wp:term":[{"taxonomy":"category","embeddable":true,"href":"http:\/\/www.korhanyilmaz.com\/index.php?rest_route=%2Fwp%2Fv2%2Fcategories&post=16886"},{"taxonomy":"post_tag","embeddable":true,"href":"http:\/\/www.korhanyilmaz.com\/index.php?rest_route=%2Fwp%2Fv2%2Ftags&post=16886"}],"curies":[{"name":"wp","href":"https:\/\/api.w.org\/{rel}","templated":true}]}}