{"id":16864,"date":"2009-11-24T09:44:16","date_gmt":"2009-11-24T07:44:16","guid":{"rendered":"http:\/\/www.korhanyilmaz.com\/?p=16864"},"modified":"2009-11-24T09:44:16","modified_gmt":"2009-11-24T07:44:16","slug":"katliamcilarin-yakinlari-yeni-yuvalarinda","status":"publish","type":"post","link":"http:\/\/www.korhanyilmaz.com\/?p=16864","title":{"rendered":"Katliamc\u0131lar\u0131n yak\u0131nlar\u0131 yeni yuvalar\u0131nda"},"content":{"rendered":"<p style=\"text-align: justify;\"><a href=\"http:\/\/www.korhanyilmaz.com\/wp-content\/uploads\/2009\/11\/bilgekoyu.jpg\"  class=\"lightview\"><img loading=\"lazy\" decoding=\"async\" class=\"aligncenter size-full wp-image-16865\" src=\"http:\/\/www.korhanyilmaz.com\/wp-content\/uploads\/2009\/11\/bilgekoyu.jpg\" alt=\"\" width=\"298\" height=\"228\" \/><\/a><\/p>\n<p style=\"text-align: justify;\">Mardin&#8217;in Bilge K\u00f6y\u00fc&#8217;nde 44 ki\u015finin \u00f6l\u00fcm\u00fcyle sonu\u00e7lanan silahl\u0131 sald\u0131r\u0131y\u0131 yapanlar\u0131n yak\u0131nlar\u0131 K\u0131rklareli&#8217;ndeki konutlara yerle\u015ftirildi.<\/p>\n<p style=\"text-align: justify;\">KIRKLAREL\u0130 &#8211; Mardin&#8217;in Maz\u0131da\u011f\u0131 il\u00e7esine ba\u011fl\u0131 Bilge K\u00f6y\u00fc&#8217;de 4 May\u0131s\u2019ta 7&#8217;si \u00e7ocuk 44 ki\u015fi \u00f6ld\u00fcr\u00fclm\u00fc\u015ft\u00fc. Katliamda 10 ki\u015fi de yaralanm\u0131\u015ft\u0131.<!--more--><\/p>\n<p style=\"text-align: justify;\">Olay\u0131 ger\u00e7ekle\u015ftirenlerin yak\u0131nlar\u0131ndan olu\u015fan 84 ki\u015fi i\u00e7in b\u00f6lgede gece boyunca g\u00fcvenlik \u00f6nlemi ald\u0131.<\/p>\n<p style=\"text-align: justify;\">Konutlar\u0131n 100 metre uza\u011f\u0131na bariyerler kurup, g\u00fcvenlik \u015feridi \u00e7eken polis, binalar\u0131 da yerle\u015ftirdi\u011fi 2 kamera ile s\u00fcrekli g\u00f6zetim alt\u0131nda tutuyor. Binan\u0131n giri\u015fine de polis noktas\u0131 olu\u015fturdu.<\/p>\n<p style=\"text-align: justify;\">Mardin&#8217;den 58&#8217;i \u00e7ocuk, 18&#8217;i kad\u0131n 8&#8217;i erkek toplam 84 ki\u015fi 2 otob\u00fcs, 1 otomobil, 1 TIR ve 1 kamyon dolusu e\u015fya ile g\u00fcvenlik \u00f6nlemleri alt\u0131nda sabah saat 08.00&#8217;de yerle\u015ftirilecekleri konutlar\u0131n \u00f6n\u00fcne getirildi.<\/p>\n<p style=\"text-align: justify;\">Gelenleri, K\u0131rklareli Vali Yard\u0131mc\u0131s\u0131 \u0130smail G\u00fcltekin, \u0130l Emniyet M\u00fcd\u00fcr\u00fc Mehmet Behzat Canbazo\u011flu, K\u0131rklareli Sosyal Hizmetler ve \u00c7ocuk Esirgeme Kurumu yetkilileri kar\u015f\u0131lad\u0131.<\/p>\n<p style=\"text-align: justify;\"><strong><em>\u2018\u015e\u00fck\u00fcr Kurtulduk\u2019<\/em><\/strong><\/p>\n<p style=\"text-align: justify;\">Ya\u015fl\u0131 bir kad\u0131n, otob\u00fcsten iner inmez, ellerini a\u00e7arak &#8221;\u015f\u00fck\u00fcr kurtulduk&#8221; dedi. Ba\u015fka bir kad\u0131n ise &#8221;Buraya gelmekten memnun musunuz?&#8221; sorusuna &#8221;G\u00f6rece\u011fiz. \u0130nsan\u0131n kendi evi gibi yok&#8221; yan\u0131t\u0131n\u0131 verdi.<\/p>\n<p style=\"text-align: justify;\">\u00c7ocuklar ve kad\u0131nlar bina i\u00e7inde bir yerde toplan\u0131rken, erkekler de otob\u00fcsteki e\u015fyay\u0131 i\u00e7eriye ta\u015f\u0131d\u0131. Bu arada, \u00f6z\u00fcrl\u00fc 2 \u00e7ocuk da yak\u0131nlar\u0131n\u0131n yard\u0131m\u0131yla i\u00e7eriye g\u00f6t\u00fcr\u00fcld\u00fc.<\/p>\n<p style=\"text-align: justify;\">K\u0131rklareli Vali Yard\u0131mc\u0131s\u0131 \u0130smail G\u00fcltekin, \u201cMisafirlerimizin sa\u011fl\u0131k kontrolleri yap\u0131lacak. Sosyal hizmet g\u00f6revlilerimizde gerekli incelemeyi yapacaklar. Bundan sonra ihtiya\u00e7lar\u0131n\u0131 kar\u015f\u0131lamaya devam edece\u011fiz&#8221; dedi.<\/p>\n<p style=\"text-align: justify;\">Mardin&#8217;den gelenler 90 ila 100 metrekarelik dairelerde kalacak. Bu dairelerin i\u00e7indeki b\u00fct\u00fcn beyaz e\u015fyalar valilik taraf\u0131ndan sat\u0131n al\u0131nd\u0131.<\/p>\n<p style=\"text-align: justify;\">32 dairenin bulundu\u011fu sitede, sa\u011fl\u0131k istasyonu ve e\u011fitim \u00e7a\u011f\u0131ndaki \u00e7ocuklar i\u00e7in s\u0131n\u0131flar olu\u015fturulacak.<\/p>\n<p style=\"text-align: justify;\">Konutlar\u0131n bulundu\u011fu b\u00f6lgeye ge\u00e7mesine izin verilmedi\u011fi i\u00e7in gazeteciler, Bilge k\u00f6yl\u00fclerle r\u00f6portaj yapma imkan\u0131 bulamad\u0131.<\/p>\n<p style=\"text-align: justify;\"><span style=\"color: #888888;\">ntvmsnbc ve Ajanslar<\/span><\/p>\n","protected":false},"excerpt":{"rendered":"<p style=\"text-align: justify;\">\n<p style=\"text-align: justify;\">Mardin&#8217;in Bilge K\u00f6y\u00fc&#8217;nde 44 ki\u015finin \u00f6l\u00fcm\u00fcyle sonu\u00e7lanan silahl\u0131 sald\u0131r\u0131y\u0131 yapanlar\u0131n yak\u0131nlar\u0131 K\u0131rklareli&#8217;ndeki konutlara yerle\u015ftirildi.<\/p>\n<p style=\"text-align: justify;\">KIRKLAREL\u0130 &#8211; Mardin&#8217;in Maz\u0131da\u011f\u0131 il\u00e7esine ba\u011fl\u0131 Bilge K\u00f6y\u00fc&#8217;de 4 May\u0131s\u2019ta 7&#8217;si \u00e7ocuk 44 ki\u015fi \u00f6ld\u00fcr\u00fclm\u00fc\u015ft\u00fc. Katliamda 10 ki\u015fi de yaralanm\u0131\u015ft\u0131.<\/p>\n","protected":false},"author":1,"featured_media":0,"comment_status":"open","ping_status":"closed","sticky":false,"template":"","format":"standard","meta":{"footnotes":""},"categories":[105],"tags":[],"class_list":["post-16864","post","type-post","status-publish","format-standard","hentry","category-gundem","odd"],"_links":{"self":[{"href":"http:\/\/www.korhanyilmaz.com\/index.php?rest_route=\/wp\/v2\/posts\/16864","targetHints":{"allow":["GET"]}}],"collection":[{"href":"http:\/\/www.korhanyilmaz.com\/index.php?rest_route=\/wp\/v2\/posts"}],"about":[{"href":"http:\/\/www.korhanyilmaz.com\/index.php?rest_route=\/wp\/v2\/types\/post"}],"author":[{"embeddable":true,"href":"http:\/\/www.korhanyilmaz.com\/index.php?rest_route=\/wp\/v2\/users\/1"}],"replies":[{"embeddable":true,"href":"http:\/\/www.korhanyilmaz.com\/index.php?rest_route=%2Fwp%2Fv2%2Fcomments&post=16864"}],"version-history":[{"count":0,"href":"http:\/\/www.korhanyilmaz.com\/index.php?rest_route=\/wp\/v2\/posts\/16864\/revisions"}],"wp:attachment":[{"href":"http:\/\/www.korhanyilmaz.com\/index.php?rest_route=%2Fwp%2Fv2%2Fmedia&parent=16864"}],"wp:term":[{"taxonomy":"category","embeddable":true,"href":"http:\/\/www.korhanyilmaz.com\/index.php?rest_route=%2Fwp%2Fv2%2Fcategories&post=16864"},{"taxonomy":"post_tag","embeddable":true,"href":"http:\/\/www.korhanyilmaz.com\/index.php?rest_route=%2Fwp%2Fv2%2Ftags&post=16864"}],"curies":[{"name":"wp","href":"https:\/\/api.w.org\/{rel}","templated":true}]}}