{"id":16860,"date":"2009-11-24T11:22:19","date_gmt":"2009-11-24T09:22:19","guid":{"rendered":"http:\/\/www.korhanyilmaz.com\/?p=16860"},"modified":"2009-11-24T11:22:19","modified_gmt":"2009-11-24T09:22:19","slug":"memurlar-yarin-hayati-durduracak","status":"publish","type":"post","link":"http:\/\/www.korhanyilmaz.com\/?p=16860","title":{"rendered":"Memurlar yar\u0131n hayat\u0131 durduracak!"},"content":{"rendered":"<div id=\"attachment_16861\" style=\"width: 302px\" class=\"wp-caption aligncenter\"><a title=\"T\u00fcrkiye Kamu-Sen Genel Ba\u015fkan\u0131 Bircan Aky\u0131ld\u0131z\" href=\"http:\/\/www.korhanyilmaz.com\/wp-content\/uploads\/2009\/11\/EYLEM1.jpg\"  class=\"lightview\"><img loading=\"lazy\" decoding=\"async\" aria-describedby=\"caption-attachment-16861\" class=\"size-full wp-image-16861\" title=\"T\u00fcrkiye Kamu-Sen Genel Ba\u015fkan\u0131 Bircan Aky\u0131ld\u0131z\" src=\"http:\/\/www.korhanyilmaz.com\/wp-content\/uploads\/2009\/11\/EYLEM1.jpg\" alt=\"\" width=\"292\" height=\"192\" \/><\/a><p id=\"caption-attachment-16861\" class=\"wp-caption-text\">T\u00fcrkiye Kamu-Sen Genel Ba\u015fkan\u0131 Bircan Aky\u0131ld\u0131z<\/p><\/div>\n<p style=\"text-align: justify;\">Memur konfederasyonlar\u0131, yar\u0131n &#8220;uyar\u0131 grevi&#8221; ad\u0131yla i\u015f b\u0131rakma eylemi yapacak.<\/p>\n<p style=\"text-align: justify;\">T\u00fcrkiye Kamu-Sen ve KESK \u00e7a\u011fr\u0131s\u0131yla yap\u0131lacak eyleme, Birle\u015fik Kamu-\u0130\u015f, BASK ve HAKSEN \u00fcyeleri de kat\u0131lacak.<\/p>\n<p style=\"text-align: justify;\">Eyleme, memur konfederasyonlar\u0131ndan sadece Memur-Sen kat\u0131lmayacak.<\/p>\n<p style=\"text-align: justify;\">\u00c7al\u0131\u015fma ve Sosyal G\u00fcvenlik Bakanl\u0131\u011f\u0131 verilerine g\u00f6re, uyar\u0131 grevine kat\u0131lacak konfederasyonlardan T\u00fcrkiye Kamu-Sen&#8217;in 375 bin 990, KESK&#8217;in 224 bin 413, Birle\u015fik Kamu-\u0130\u015f&#8217;in 20 bin 731, BASK&#8217;\u0131n 4 bin 976 ve HAKSEN&#8217;in 2 bin 967 \u00fcyesi bulunuyor. <!--more--><\/p>\n<p style=\"text-align: justify;\">Konfederasyonlar, sendikal\u0131 sendikas\u0131z t\u00fcm memurlar\u0131 eyleme kat\u0131larak taleplerinin ger\u00e7ekle\u015fmesi konusunda kendilerine destek vermeye \u00e7a\u011f\u0131r\u0131yor.<\/p>\n<p style=\"text-align: justify;\">Memur konfederasyonlar\u0131n\u0131n yapaca\u011f\u0131 &#8220;uyar\u0131 grevi&#8221;nin ba\u015fta ula\u015f\u0131m, e\u011fitim, sa\u011fl\u0131k ve maliye olmak \u00fczere \u00e7e\u015fitli kamu hizmetlerinde aksamalara yol a\u00e7mas\u0131 bekleniyor.<\/p>\n<p style=\"text-align: justify;\">T\u00fcrk-\u0130\u015f, D\u0130SK, TTB, TMMOB&#8217;un da aralar\u0131nda bulundu\u011fu konfederasyon, meslek ve sivil toplum \u00f6rg\u00fctleri memurlara destek verecek.<\/p>\n<p style=\"text-align: justify;\">T\u00fcrk-\u0130\u015f ve D\u0130SK, \u00fcyelerine, yasal \u00e7er\u00e7eveler i\u00e7erisinde 25 Kas\u0131m&#8217;da yap\u0131lacak eyleme katk\u0131da bulunmalar\u0131 y\u00f6n\u00fcnde \u00e7a\u011fr\u0131 yapt\u0131.<\/p>\n<p style=\"text-align: justify;\">Memur konfederasyonlar\u0131n\u0131n temel talebini, kamu \u00e7al\u0131\u015fanlar\u0131na grevli, toplu s\u00f6zle\u015fmeli sendika hakk\u0131 verilmesi ve toplu pazarl\u0131\u011f\u0131n altyap\u0131s\u0131n\u0131n kurulmas\u0131 olu\u015fturuyor.<\/p>\n<p style=\"text-align: justify;\">Konfederasyonlar, h\u00fck\u00fcmetin son s\u00f6z\u00fc s\u00f6yledi\u011fi toplu g\u00f6r\u00fc\u015fme s\u00fcrecinin y\u0131llard\u0131r biriken sorunlar\u0131 \u00e7\u00f6zmekte yetersiz kald\u0131\u011f\u0131n\u0131 savunuyor.<\/p>\n<p style=\"text-align: justify;\">\u0130\u015f b\u0131rakma eyleminin yarataca\u011f\u0131 aksakl\u0131klar\u0131 i\u00e7in halktan anlay\u0131\u015f bekleyen konfederasyon y\u00f6neticileri, eylemin ayn\u0131 zamanda kamu hizmetlerinin \u00fccretsiz ve daha kaliteli olmas\u0131na y\u00f6nelik oldu\u011funu belirterek, vatanda\u015flardan \u00e7ocuklar\u0131n\u0131 okula g\u00f6ndermeyerek, acil haller d\u0131\u015f\u0131nda sa\u011fl\u0131k kurulu\u015flar\u0131na gitmeyerek kendilerine destek verilmesini talep ediyor.<\/p>\n<p style=\"text-align: justify;\"><strong><em>Ba\u015fkanlar Ankara ve \u0130stanbul&#8217;da olacak <\/em><\/strong><\/p>\n<p style=\"text-align: justify;\">T\u00fcrkiye Kamu-Sen Genel Ba\u015fkan\u0131 Bircan Aky\u0131ld\u0131z, yar\u0131n Ankara&#8217;da olacak. Konfederasyon \u00fcyeleri, sabah saatlerinde i\u015fyerleri \u00f6n\u00fcnde bir araya gelecek, daha sonra Aky\u0131ld\u0131z&#8217;\u0131n kat\u0131l\u0131m\u0131yla Abdi \u0130pek\u00e7i Park\u0131&#8217;nda merkezi bir etkinlik ger\u00e7ekle\u015ftirecek.<\/p>\n<p style=\"text-align: justify;\">KESK Genel Ba\u015fkan\u0131 Sami Evren ise sabah\u0131n ilk saatlerinde tren seferlerinin duraca\u011f\u0131 Haydarpa\u015fa Gar\u0131&#8217;nda olacak. Evren, daha sonra \u0130stanbul&#8217;da yap\u0131lacak merkezi etkinlik i\u00e7in \u00e7e\u015fitli il\u00e7elerden gelen \u00fcyeleriyle \u00f6\u011fle saatlerinde Beyaz\u0131t Meydan\u0131&#8217;nda bir araya gelecek.<\/p>\n<p style=\"text-align: justify;\"><span style=\"color: #888888;\">CNN T\u00dcRK<\/span><\/p>\n","protected":false},"excerpt":{"rendered":"<p id=\"caption-attachment-16861\" class=\"wp-caption-text\">T\u00fcrkiye Kamu-Sen Genel Ba\u015fkan\u0131 Bircan Aky\u0131ld\u0131z<\/p>\n<p style=\"text-align: justify;\">Memur konfederasyonlar\u0131, yar\u0131n &#8220;uyar\u0131 grevi&#8221; ad\u0131yla i\u015f b\u0131rakma eylemi yapacak.<\/p>\n<p style=\"text-align: justify;\">T\u00fcrkiye Kamu-Sen ve KESK \u00e7a\u011fr\u0131s\u0131yla yap\u0131lacak eyleme, Birle\u015fik Kamu-\u0130\u015f, BASK ve HAKSEN \u00fcyeleri de kat\u0131lacak.<\/p>\n<p style=\"text-align: justify;\">Eyleme, memur konfederasyonlar\u0131ndan sadece Memur-Sen kat\u0131lmayacak.<\/p>\n<p style=\"text-align: justify;\">\u00c7al\u0131\u015fma ve Sosyal G\u00fcvenlik Bakanl\u0131\u011f\u0131 verilerine g\u00f6re, uyar\u0131 <\/p>\n","protected":false},"author":1,"featured_media":0,"comment_status":"open","ping_status":"closed","sticky":false,"template":"","format":"standard","meta":{"footnotes":""},"categories":[105],"tags":[],"class_list":["post-16860","post","type-post","status-publish","format-standard","hentry","category-gundem","odd"],"_links":{"self":[{"href":"http:\/\/www.korhanyilmaz.com\/index.php?rest_route=\/wp\/v2\/posts\/16860","targetHints":{"allow":["GET"]}}],"collection":[{"href":"http:\/\/www.korhanyilmaz.com\/index.php?rest_route=\/wp\/v2\/posts"}],"about":[{"href":"http:\/\/www.korhanyilmaz.com\/index.php?rest_route=\/wp\/v2\/types\/post"}],"author":[{"embeddable":true,"href":"http:\/\/www.korhanyilmaz.com\/index.php?rest_route=\/wp\/v2\/users\/1"}],"replies":[{"embeddable":true,"href":"http:\/\/www.korhanyilmaz.com\/index.php?rest_route=%2Fwp%2Fv2%2Fcomments&post=16860"}],"version-history":[{"count":0,"href":"http:\/\/www.korhanyilmaz.com\/index.php?rest_route=\/wp\/v2\/posts\/16860\/revisions"}],"wp:attachment":[{"href":"http:\/\/www.korhanyilmaz.com\/index.php?rest_route=%2Fwp%2Fv2%2Fmedia&parent=16860"}],"wp:term":[{"taxonomy":"category","embeddable":true,"href":"http:\/\/www.korhanyilmaz.com\/index.php?rest_route=%2Fwp%2Fv2%2Fcategories&post=16860"},{"taxonomy":"post_tag","embeddable":true,"href":"http:\/\/www.korhanyilmaz.com\/index.php?rest_route=%2Fwp%2Fv2%2Ftags&post=16860"}],"curies":[{"name":"wp","href":"https:\/\/api.w.org\/{rel}","templated":true}]}}