{"id":1686,"date":"2008-10-10T12:53:33","date_gmt":"2008-10-10T09:53:33","guid":{"rendered":"http:\/\/www.korhanyilmaz.com\/?p=1686"},"modified":"2008-10-10T12:53:33","modified_gmt":"2008-10-10T09:53:33","slug":"sinan-engin-konustu-gidisimin-mustafa-abi-ile-bir-ilgisi-yok","status":"publish","type":"post","link":"http:\/\/www.korhanyilmaz.com\/?p=1686","title":{"rendered":"Sinan Engin konu\u015ftu: Gidi\u015fimin Mustafa Abi ile bir ilgisi yok!"},"content":{"rendered":"<p style=\"text-align: center;\"><img loading=\"lazy\" decoding=\"async\" class=\"size-full wp-image-1687  aligncenter\" title=\"Sinan Engin\" src=\"http:\/\/www.korhanyilmaz.com\/wp-content\/uploads\/2008\/10\/fft17_mf115181.jpg\" alt=\"\" width=\"400\" height=\"276\" \/><\/p>\n<p style=\"text-align: justify;\">Be\u015fikta\u015f&#8217;ta tart\u0131\u015f\u0131lan isim Sinan Engin, g\u00f6revden ayr\u0131ld\u0131ktan sonra yaz\u0131l\u0131 bir a\u00e7\u0131klama ile merak edilenleri yan\u0131tlad\u0131.Be\u015fikta\u015f&#8217;ta menajerlik g\u00f6revinden ayr\u0131lan Sinan Egin&#8217;in, istifas\u0131n\u0131n Mustafa Denizli&#8217;nin geli\u015fiyle hi\u00e7bir ilgisinin olmad\u0131n\u0131 s\u00f6yledi.<\/p>\n<p style=\"text-align: justify;\">Engin yapt\u0131\u011f\u0131 yaz\u0131l\u0131 a\u00e7\u0131klamada 1.5 y\u0131l \u00f6nce ba\u015flad\u0131\u011f\u0131 menajerlik g\u00f6revine bug\u00fcn itibar\u0131yla son verdi\u011fini belirterek, &#8220;Yanl\u0131\u015f anlamalara sebebiyet vermemek i\u00e7in g\u00f6revden ayr\u0131l\u0131rken b\u00fcy\u00fck Be\u015fikta\u015f camias\u0131na, b\u00fcy\u00fck Be\u015fikta\u015f taraftar\u0131na ve sayg\u0131de\u011fer medyaya bir a\u00e7\u0131klama yapma ihtiyac\u0131 duyuyorum. <!--more-->1.5 y\u0131ld\u0131r omuz omuza \u00e7al\u0131\u015ft\u0131\u011f\u0131m eski teknik direkt\u00f6r\u00fcm\u00fcz Ertu\u011frul Sa\u011flam&#8217;m istifas\u0131ndan sonra hakk\u0131mda haketti\u011fimi hi\u00e7 d\u00fc\u015f\u00fcnmedi\u011fim yorumlar yap\u0131ld\u0131. Bunlar beni \u00e7ok \u00fczmesine ra\u011fmen b\u00fcy\u00fck Be\u015fikta\u015f i\u00e7in hepsini sineye \u00e7ektim.. Bu yorumlar\u0131 yapanlar beni Be\u015fikta\u015f Genel Menajeri san\u0131yorlard\u0131. Oysa bilmiyorlard\u0131 ki, ben Be\u015fikta\u015f &#8220;G\u00f6n\u00fcl&#8221; Menajeriydim. Benim i\u00e7in \u00f6nemli olan f\u0131rt\u0131nalarda gemiyi azg\u0131n dalgalar\u0131n aras\u0131nda b\u0131rakmak de\u011fil, gemiyi her hal\u00fckarda k\u0131y\u0131ya yana\u015ft\u0131rmakt\u0131. Azg\u0131n dalgalar bizi y\u0131pratsa da gemiyi k\u0131y\u0131ya yana\u015ft\u0131rd\u0131m ve \u015fimdi g\u00f6n\u00fcl rahatl\u0131\u011f\u0131yla g\u00f6revime veda ediyorum&#8221; dedi.<\/p>\n<p style=\"text-align: justify;\">Ald\u0131\u011f\u0131 Be\u015fikta\u015f terbiyesi, hem ta\u015f\u0131d\u0131\u011f\u0131 ekip anlay\u0131\u015f\u0131, hem de ya\u015fad\u0131\u011f\u0131 sa\u011fl\u0131k sorunlar\u0131 nedeniyle bir s\u00fcredir g\u00f6revden ayr\u0131lmay\u0131<\/p>\n<p>d\u00fc\u015f\u00fcnd\u00fc\u011f\u00fcn\u00fc kaydederek, &#8220;Ancak Ertu\u011frul Sa\u011flam&#8217;\u0131n ani istifas\u0131ndan sonra bana yak\u0131\u015fan b\u00fcy\u00fck Be\u015fikta\u015f&#8217;\u0131 sahipsiz b\u0131rakmamakt\u0131. Nitekim, \u00e7ok yak\u0131ndan tan\u0131d\u0131\u011f\u0131m, \u00e7ok takdir etti\u011fim, Be\u015fikta\u015f&#8217;\u0131 b\u00fcy\u00fck hedeflere ta\u015f\u0131yaca\u011f\u0131na y\u00fcrekten inand\u0131\u011f\u0131m Mustafa Denizli&#8217;nin g\u00f6reve ba\u015flad\u0131\u011f\u0131 g\u00fcn, bayra\u011f\u0131 kendisine teslim etme \u015fans\u0131n\u0131 buldum. Sa\u011flamla beraber b\u0131rakmad\u0131m, \u00e7\u00fcnk\u00fc Be\u015fikta\u015f&#8217;\u0131 sahipsiz b\u0131rakmak bu camiaya verilecek en b\u00fcy\u00fck zarar olurdu. Sa\u011flam&#8217;la beraber b\u0131rakmad\u0131m, \u00e7\u00fcnk\u00fc ben ba\u015fkan\u0131m\u0131z Y\u0131ld\u0131r\u0131m Demir\u00f6ren&#8217;i b\u00f6yle kritik bir a\u015famada yaln\u0131z b\u0131rakmak istemedim. Sa\u011flam&#8217;la beraber b\u0131rakmad\u0131m, \u00e7\u00fcnk\u00fc transferlerini bizzat yapt\u0131\u011f\u0131m yabanc\u0131 oyuncular ba\u015fta olmak \u00fczere t\u00fcm futbolcu ekibimizle ilgili bilgileri g\u00f6revi yeni devralacak ekibe vermeyi kendime bir bor\u00e7 bildim&#8221; \u015feklinde konu\u015ftu.<\/p>\n<p>Baz\u0131 ele\u015ftirilere \u00e7ok sinirlendi\u011fini ancak &#8220;kan kusup k\u0131z\u0131lc\u0131k \u015ferbeti i\u00e7tim&#8221; dedi\u011finin alt\u0131n\u0131 \u00e7izen Sinan Engin, &#8220;Baz\u0131 \u00e7evrelerin \u00fcretmekten keyif ald\u0131klar\u0131 hayali senaryolara itibar edilmemesi i\u00e7in bu a\u00e7\u0131klamay\u0131 yap\u0131yorum&#8221; diyerek \u015fu ifadeleri kulland\u0131:<\/p>\n<p>&#8220;\u0130stifa etmemin Mustafa Denizli&#8217;nin geli\u015fiyle hi\u00e7 ilgisi yoktur. Aksine kendisi g\u00f6reve devam etmem konusunda bana b\u00fcy\u00fck \u0131srarlarda bulunmu\u015ftur. Mustafa Abi ile bir sorun ya\u015famam\u0131z\u0131n imkan\u0131 yoktur. Ancak benimle ilgili yap\u0131lan haks\u0131z sald\u0131r\u0131lar\u0131n, yeni ekibi rahats\u0131z etmesini engellemek de bana d\u00fc\u015fen ilk g\u00f6revdir. Ayn\u0131 \u015fekilde sevgiii ba\u015fkan\u0131m\u0131z\u0131n gitmemi engelleme giri\u015fimlerini de g\u00f6rev yapt\u0131\u011f\u0131m d\u00f6nemde &#8216;ba\u015far\u0131l\u0131 oldu\u011fumun&#8217; bir \u00f6l\u00e7\u00fcs\u00fc olarak de\u011ferlendiriyorum. Dedi\u011fim gibi ben &#8216;genel&#8217; de\u011fil, &#8216;g\u00f6n\u00fcl&#8217; menajeriyim. B\u00fcy\u00fck Be\u015fikta\u015f&#8217;a elimden geldi\u011fince yard\u0131m etmeye devam edece\u011fim. Kamuoyunun bilgilerine sayg\u0131lar\u0131mla sunar\u0131m.&#8221;\u00a0<\/p>\n<p><span style=\"color: #888888;\">Kaynak : Milliyet Gazetesi<\/span><\/p>\n","protected":false},"excerpt":{"rendered":"<p style=\"text-align: center;\">\n<p style=\"text-align: justify;\">Be\u015fikta\u015f&#8217;ta tart\u0131\u015f\u0131lan isim Sinan Engin, g\u00f6revden ayr\u0131ld\u0131ktan sonra yaz\u0131l\u0131 bir a\u00e7\u0131klama ile merak edilenleri yan\u0131tlad\u0131.Be\u015fikta\u015f&#8217;ta menajerlik g\u00f6revinden ayr\u0131lan Sinan Egin&#8217;in, istifas\u0131n\u0131n Mustafa Denizli&#8217;nin geli\u015fiyle hi\u00e7bir ilgisinin olmad\u0131n\u0131 s\u00f6yledi.<\/p>\n<p style=\"text-align: justify;\">Engin yapt\u0131\u011f\u0131 yaz\u0131l\u0131 a\u00e7\u0131klamada 1.5 y\u0131l \u00f6nce ba\u015flad\u0131\u011f\u0131 menajerlik g\u00f6revine bug\u00fcn itibar\u0131yla son verdi\u011fini belirterek, &#8220;Yanl\u0131\u015f anlamalara sebebiyet vermemek i\u00e7in <\/p>\n","protected":false},"author":1,"featured_media":0,"comment_status":"open","ping_status":"open","sticky":false,"template":"","format":"standard","meta":{"footnotes":""},"categories":[42],"tags":[],"class_list":["post-1686","post","type-post","status-publish","format-standard","hentry","category-spor","odd"],"_links":{"self":[{"href":"http:\/\/www.korhanyilmaz.com\/index.php?rest_route=\/wp\/v2\/posts\/1686","targetHints":{"allow":["GET"]}}],"collection":[{"href":"http:\/\/www.korhanyilmaz.com\/index.php?rest_route=\/wp\/v2\/posts"}],"about":[{"href":"http:\/\/www.korhanyilmaz.com\/index.php?rest_route=\/wp\/v2\/types\/post"}],"author":[{"embeddable":true,"href":"http:\/\/www.korhanyilmaz.com\/index.php?rest_route=\/wp\/v2\/users\/1"}],"replies":[{"embeddable":true,"href":"http:\/\/www.korhanyilmaz.com\/index.php?rest_route=%2Fwp%2Fv2%2Fcomments&post=1686"}],"version-history":[{"count":0,"href":"http:\/\/www.korhanyilmaz.com\/index.php?rest_route=\/wp\/v2\/posts\/1686\/revisions"}],"wp:attachment":[{"href":"http:\/\/www.korhanyilmaz.com\/index.php?rest_route=%2Fwp%2Fv2%2Fmedia&parent=1686"}],"wp:term":[{"taxonomy":"category","embeddable":true,"href":"http:\/\/www.korhanyilmaz.com\/index.php?rest_route=%2Fwp%2Fv2%2Fcategories&post=1686"},{"taxonomy":"post_tag","embeddable":true,"href":"http:\/\/www.korhanyilmaz.com\/index.php?rest_route=%2Fwp%2Fv2%2Ftags&post=1686"}],"curies":[{"name":"wp","href":"https:\/\/api.w.org\/{rel}","templated":true}]}}