{"id":16855,"date":"2009-11-24T10:44:40","date_gmt":"2009-11-24T08:44:40","guid":{"rendered":"http:\/\/www.korhanyilmaz.com\/?p=16855"},"modified":"2009-11-24T10:44:40","modified_gmt":"2009-11-24T08:44:40","slug":"birilerine-galataport-icin-soz-mu-verdiniz","status":"publish","type":"post","link":"http:\/\/www.korhanyilmaz.com\/?p=16855","title":{"rendered":"&#039;Birilerine Galataport i\u00e7in s\u00f6z m\u00fc verdiniz&#039;"},"content":{"rendered":"<p style=\"text-align: center;\"><a href=\"http:\/\/www.korhanyilmaz.com\/wp-content\/uploads\/2009\/11\/sener1.jpg\"  class=\"lightview\"><img loading=\"lazy\" decoding=\"async\" class=\"aligncenter size-full wp-image-16856\" src=\"http:\/\/www.korhanyilmaz.com\/wp-content\/uploads\/2009\/11\/sener1.jpg\" alt=\"\" width=\"400\" height=\"200\" \/><\/a><\/p>\n<p style=\"text-align: justify;\">T\u00dcRK\u0130YE Partisi Genel Ba\u015fkan\u0131 Abd\u00fcllatif \u015eener, Ba\u015fbakan yard\u0131mc\u0131s\u0131 oldu\u011fu s\u0131rada engelledi\u011fi Galataport ihalesini AKP\u2019nin yeniden g\u00fcndeme getirmesine sert tepki g\u00f6sterdi: Bu sadece liman ihalesi de\u011fil, Cumhuriyet tarihinin en b\u00fcy\u00fck imar rantlar\u0131ndan biri. Tarih b\u00f6yle bir rant\u0131n pe\u015fine tak\u0131lan Ba\u015fbakan\u2019a hesap sorar. Kime veriyorsunuz, birilerine s\u00f6z\u00fcn\u00fcz m\u00fc var! <!--more--><\/p>\n<p style=\"text-align: justify;\"><strong><em>Galataport rant kap\u0131s\u0131 olacak<\/em><\/strong><\/p>\n<p style=\"text-align: justify;\">T\u00fcrkiye Partisi Genel Ba\u015fkan\u0131 Abd\u00fcllatif \u015eener, 2010\u2019da yeniden ihaleye a\u00e7\u0131lacak Galaport\u2019a ili\u015fkin sert a\u00e7\u0131klamalarda bulundu. \u015eener, Galataport\u2019un o b\u00f6lgede ve m\u00fccavir alanda topyek\u00fcn bir imar de\u011fi\u015fikli\u011fi i\u00e7eren, Cumhuriyet tarihin en b\u00fcy\u00fck imar rantlar\u0131ndan birini ortaya \u00e7\u0131karan bir ihale oldu\u011funu s\u00f6yleyerek, \u201cOfer\u2019e verildi ama ne ko\u015fullarda verildi. Herkesin rahat\u00e7a girece\u011fi bir ihale ortam\u0131 var m\u0131yd\u0131, yok muydu? Bu da bir soru i\u015faretidir. Ama b\u00fcy\u00fck bir imar rant\u0131 vard\u0131r burada. Galataport, sadece bir liman ihalesi de\u011fildir\u201d dedi. Ba\u015fbakan Yard\u0131mc\u0131s\u0131 oldu\u011fu d\u00f6nemde, kendisinin ihaleyi engelledi\u011fini hat\u0131rlatan \u015eener, \u015funlar\u0131 dedi. \u201cBa\u015fbakan da ge\u00e7en \u2019Galataport\u2019u engelleyenler tarihe hesap verecek\u2019dedi. Ancak b\u00f6ylesine bir imar rant\u0131n\u0131n pe\u015fine tak\u0131lm\u0131\u015f olan Ba\u015fbakan\u2019dan, tarih hesap soracakt\u0131r. Kime veriyorsunuz, birilerine angajman\u0131n\u0131z m\u0131 var! Yani, rant taraf\u0131n\u0131 tamamlad\u0131k demek istiyorlar, imar de\u011fi\u015fiklikleri ile i\u015fin \u00f6nemli ad\u0131m\u0131n\u0131 att\u0131k demek istiyorlar.\u201d<\/p>\n<p style=\"text-align: justify;\"><span style=\"color: #888888;\">Haber Kayna\u011f\u0131 : <a href=\"http:\/\/www.yenicaggazetesi.com.tr\/haberdetay.php?hit=26776\" target=\"_blank\">yenicaggazetesi.com.tr<\/a><\/span><\/p>\n","protected":false},"excerpt":{"rendered":"<p style=\"text-align: center;\">\n<p style=\"text-align: justify;\">T\u00dcRK\u0130YE Partisi Genel Ba\u015fkan\u0131 Abd\u00fcllatif \u015eener, Ba\u015fbakan yard\u0131mc\u0131s\u0131 oldu\u011fu s\u0131rada engelledi\u011fi Galataport ihalesini AKP\u2019nin yeniden g\u00fcndeme getirmesine sert tepki g\u00f6sterdi: Bu sadece liman ihalesi de\u011fil, Cumhuriyet tarihinin en b\u00fcy\u00fck imar rantlar\u0131ndan biri. Tarih b\u00f6yle bir rant\u0131n pe\u015fine tak\u0131lan Ba\u015fbakan\u2019a hesap sorar. Kime veriyorsunuz, birilerine s\u00f6z\u00fcn\u00fcz m\u00fc var! <\/p>\n","protected":false},"author":1,"featured_media":0,"comment_status":"open","ping_status":"closed","sticky":false,"template":"","format":"standard","meta":{"footnotes":""},"categories":[105],"tags":[],"class_list":["post-16855","post","type-post","status-publish","format-standard","hentry","category-gundem","odd"],"_links":{"self":[{"href":"http:\/\/www.korhanyilmaz.com\/index.php?rest_route=\/wp\/v2\/posts\/16855","targetHints":{"allow":["GET"]}}],"collection":[{"href":"http:\/\/www.korhanyilmaz.com\/index.php?rest_route=\/wp\/v2\/posts"}],"about":[{"href":"http:\/\/www.korhanyilmaz.com\/index.php?rest_route=\/wp\/v2\/types\/post"}],"author":[{"embeddable":true,"href":"http:\/\/www.korhanyilmaz.com\/index.php?rest_route=\/wp\/v2\/users\/1"}],"replies":[{"embeddable":true,"href":"http:\/\/www.korhanyilmaz.com\/index.php?rest_route=%2Fwp%2Fv2%2Fcomments&post=16855"}],"version-history":[{"count":0,"href":"http:\/\/www.korhanyilmaz.com\/index.php?rest_route=\/wp\/v2\/posts\/16855\/revisions"}],"wp:attachment":[{"href":"http:\/\/www.korhanyilmaz.com\/index.php?rest_route=%2Fwp%2Fv2%2Fmedia&parent=16855"}],"wp:term":[{"taxonomy":"category","embeddable":true,"href":"http:\/\/www.korhanyilmaz.com\/index.php?rest_route=%2Fwp%2Fv2%2Fcategories&post=16855"},{"taxonomy":"post_tag","embeddable":true,"href":"http:\/\/www.korhanyilmaz.com\/index.php?rest_route=%2Fwp%2Fv2%2Ftags&post=16855"}],"curies":[{"name":"wp","href":"https:\/\/api.w.org\/{rel}","templated":true}]}}