{"id":16850,"date":"2009-11-24T10:40:06","date_gmt":"2009-11-24T08:40:06","guid":{"rendered":"http:\/\/www.korhanyilmaz.com\/?p=16850"},"modified":"2009-11-24T10:40:06","modified_gmt":"2009-11-24T08:40:06","slug":"cindoruk-sert-ciktiarinc-aglayan-kasar","status":"publish","type":"post","link":"http:\/\/www.korhanyilmaz.com\/?p=16850","title":{"rendered":"Cindoruk sert \u00e7\u0131kt\u0131:Ar\u0131n\u00e7, a\u011flayan ka\u015far"},"content":{"rendered":"<p style=\"text-align: justify;\"><a href=\"http:\/\/www.korhanyilmaz.com\/wp-content\/uploads\/2009\/11\/cindoruk.jpg\"  class=\"lightview\"><img loading=\"lazy\" decoding=\"async\" class=\"aligncenter size-full wp-image-16851\" src=\"http:\/\/www.korhanyilmaz.com\/wp-content\/uploads\/2009\/11\/cindoruk.jpg\" alt=\"\" width=\"400\" height=\"200\" \/><\/a><\/p>\n<p style=\"text-align: justify;\">\u0130ktidar\u0131n PKK a\u00e7\u0131l\u0131m\u0131na kar\u015f\u0131 \u00e7\u0131kan muhalefete \u201c3-5 tane ka\u015farlanm\u0131\u015f siyaset\u00e7i\u201d diyen Ba\u015fbakan Yard\u0131mc\u0131s\u0131 B\u00fclent Ar\u0131n\u00e7\u2019a, DP lideri H\u00fcsamettin Cindoruk\u2019tan sert yan\u0131t geldi: Siyaset; o s\u00f6yleyecek, biz s\u00f6yleyece\u011fiz. Ama tabii ben a\u011flayarak s\u00f6ylemiyorum. Ba\u015fbakan\u2019\u0131n duygulu konu\u015fmalar\u0131 B\u00fclent Ar\u0131n\u00e7\u2019\u0131 s\u0131k s\u0131k a\u011flat\u0131yor. A\u011flama ya\u015f\u0131n\u0131 ge\u00e7mi\u015fim. Bize \u2018ka\u015far\u2019 dedi. Biz ka\u015farsak, o da a\u011flayan ka\u015far!<!--more--><\/p>\n<p style=\"text-align: justify;\"><strong><em>Cindoruk cevap verdi: Ar\u0131n\u00e7 a\u011flayan ka\u015far<\/em><\/strong><\/p>\n<p style=\"text-align: justify;\">DP Genel Ba\u015fkan\u0131 Cindoruk, Eski\u015fehir Hac\u0131 Bekta\u015f Veli Anadolu K\u00fclt\u00fcr Vakf\u0131\u2019n\u0131 ziyaret etti.<\/p>\n<p style=\"text-align: justify;\">Diyarbak\u0131r\u2019da yapt\u0131\u011f\u0131 bir konu\u015fmada, PKK a\u00e7\u0131l\u0131m\u0131na kar\u015f\u0131 \u00e7\u0131kan muhalefet partililere \u201c3-5 tane ka\u015farlanm\u0131\u015f siyaset\u00e7i\u201d diyen Ba\u015fbakan Yard\u0131mc\u0131s\u0131 B\u00fclent Ar\u0131n\u00e7\u2019a, H\u00fcsamettin Cindoruk\u2019tan sert yan\u0131t geldi. Gazetecilerin konuyla ilgili sorular\u0131n\u0131 cevaplayan Demokrat Parti (DP) Genel Ba\u015fkan\u0131, \u201cSiyaset, o s\u00f6yleyecek biz s\u00f6yleyece\u011fiz. Ama tabii a\u011flayarak s\u00f6ylemiyorum. Ba\u015fbakan\u2019\u0131n duygulu konu\u015fmalar\u0131 B\u00fclent Ar\u0131n\u00e7\u2019\u0131 s\u0131k s\u0131k a\u011flat\u0131yor. A\u011flama ya\u015f\u0131n\u0131 ge\u00e7mi\u015fim. Bize \u2019ka\u015far\u2019dedi. Biz ka\u015farsak, oda a\u011flayan ka\u015far\u201d dedi.<\/p>\n<p style=\"text-align: justify;\"><strong><em>\u015eener\u2019e \u00e7a\u011fr\u0131 yapt\u0131<\/em><\/strong><\/p>\n<p style=\"text-align: justify;\">T\u00fcrkiye Partisi lideri Abd\u00fcllatif \u015eener\u2019in \u201cBa\u015fbakan herkesi dinliyor\u201d s\u00f6zlerine de dikkat \u00e7eken Cindoruk \u201c\u015eener ahlakl\u0131 ve s\u00f6z\u00fcne g\u00fcvenilir bir adam\u201d dedi ve ona \u015f\u00f6yle seslendi: \u201cManisa mitingimiz, siyasette kendisini yaln\u0131z, eksik hissedenlere \u00e7a\u011fr\u0131d\u0131r.\u201d Cindoruk, K\u00fcrt a\u00e7\u0131l\u0131m\u0131 ve etnik say\u0131m yap\u0131ls\u0131n y\u00f6n\u00fcndeki taleplerle ilgili olarak da \u015f\u00f6yle konu\u015ftu: \u201cAtat\u00fcrk\u2019e \u2018Ebedi \u015eef\u2019 diyen T\u00fcrkiye Cumhuriyeti, bir K\u00fcrt olan \u0130n\u00f6n\u00fc\u2019ye \u2019Milli \u015eef dedi. Daha objektif, daha herkesi kucaklayan bir devlet olur mu? Bu nedenle \u00e7ok fazla etnik kimli\u011fe dalmamak laz\u0131m. Bu farkl\u0131l\u0131k yaratmak d\u0131\u015f\u0131nda ba\u015fka bir \u015fey de\u011fildir. Bu b\u00f6l\u00fcc\u00fcl\u00fck hareketidir, anayasaya ayk\u0131r\u0131d\u0131r. K\u00fcrt\u00e7e se\u00e7meli ders olamaz. Edirne\u2019de K\u00fcrt\u00e7e se\u00e7meli ders odu, ona hangi \u00f6\u011fretmeni atayacaks\u0131n\u0131z? K\u00fcrt\u00e7e az\u0131nl\u0131k dili de\u011fil. Az\u0131nl\u0131k dilleri bellidir.\u201d<\/p>\n<p style=\"text-align: justify;\"><span style=\"color: #888888;\">Haber Kayna\u011f\u0131 : <a href=\"http:\/\/www.yenicaggazetesi.com.tr\/haberdetay.php?hit=26775\" target=\"_blank\">yenicaggazetesi.com.tr<\/a><\/span><\/p>\n","protected":false},"excerpt":{"rendered":"<p style=\"text-align: justify;\">\n<p style=\"text-align: justify;\">\u0130ktidar\u0131n PKK a\u00e7\u0131l\u0131m\u0131na kar\u015f\u0131 \u00e7\u0131kan muhalefete \u201c3-5 tane ka\u015farlanm\u0131\u015f siyaset\u00e7i\u201d diyen Ba\u015fbakan Yard\u0131mc\u0131s\u0131 B\u00fclent Ar\u0131n\u00e7\u2019a, DP lideri H\u00fcsamettin Cindoruk\u2019tan sert yan\u0131t geldi: Siyaset; o s\u00f6yleyecek, biz s\u00f6yleyece\u011fiz. Ama tabii ben a\u011flayarak s\u00f6ylemiyorum. Ba\u015fbakan\u2019\u0131n duygulu konu\u015fmalar\u0131 B\u00fclent Ar\u0131n\u00e7\u2019\u0131 s\u0131k s\u0131k a\u011flat\u0131yor. A\u011flama ya\u015f\u0131n\u0131 ge\u00e7mi\u015fim. Bize \u2018ka\u015far\u2019 dedi. Biz ka\u015farsak, o da <\/p>\n","protected":false},"author":1,"featured_media":0,"comment_status":"open","ping_status":"closed","sticky":false,"template":"","format":"standard","meta":{"footnotes":""},"categories":[105],"tags":[],"class_list":["post-16850","post","type-post","status-publish","format-standard","hentry","category-gundem","odd"],"_links":{"self":[{"href":"http:\/\/www.korhanyilmaz.com\/index.php?rest_route=\/wp\/v2\/posts\/16850","targetHints":{"allow":["GET"]}}],"collection":[{"href":"http:\/\/www.korhanyilmaz.com\/index.php?rest_route=\/wp\/v2\/posts"}],"about":[{"href":"http:\/\/www.korhanyilmaz.com\/index.php?rest_route=\/wp\/v2\/types\/post"}],"author":[{"embeddable":true,"href":"http:\/\/www.korhanyilmaz.com\/index.php?rest_route=\/wp\/v2\/users\/1"}],"replies":[{"embeddable":true,"href":"http:\/\/www.korhanyilmaz.com\/index.php?rest_route=%2Fwp%2Fv2%2Fcomments&post=16850"}],"version-history":[{"count":0,"href":"http:\/\/www.korhanyilmaz.com\/index.php?rest_route=\/wp\/v2\/posts\/16850\/revisions"}],"wp:attachment":[{"href":"http:\/\/www.korhanyilmaz.com\/index.php?rest_route=%2Fwp%2Fv2%2Fmedia&parent=16850"}],"wp:term":[{"taxonomy":"category","embeddable":true,"href":"http:\/\/www.korhanyilmaz.com\/index.php?rest_route=%2Fwp%2Fv2%2Fcategories&post=16850"},{"taxonomy":"post_tag","embeddable":true,"href":"http:\/\/www.korhanyilmaz.com\/index.php?rest_route=%2Fwp%2Fv2%2Ftags&post=16850"}],"curies":[{"name":"wp","href":"https:\/\/api.w.org\/{rel}","templated":true}]}}