{"id":16838,"date":"2009-11-23T21:48:09","date_gmt":"2009-11-23T19:48:09","guid":{"rendered":"http:\/\/www.korhanyilmaz.com\/?p=16838"},"modified":"2009-11-23T21:48:09","modified_gmt":"2009-11-23T19:48:09","slug":"gulun-atamasi-rektor-surmeliyi-kizdirdi","status":"publish","type":"post","link":"http:\/\/www.korhanyilmaz.com\/?p=16838","title":{"rendered":"G\u00fcl&#039;\u00fcn atamas\u0131 Rekt\u00f6r S\u00fcrmeli&#039;yi k\u0131zd\u0131rd\u0131"},"content":{"rendered":"<p><a href=\"http:\/\/www.korhanyilmaz.com\/wp-content\/uploads\/2009\/11\/surmeli.jpg\"  class=\"lightview\"><img loading=\"lazy\" decoding=\"async\" class=\"aligncenter size-full wp-image-16839\" src=\"http:\/\/www.korhanyilmaz.com\/wp-content\/uploads\/2009\/11\/surmeli.jpg\" alt=\"\" width=\"292\" height=\"242\" \/><\/a><\/p>\n<p style=\"text-align: justify;\">Cumhurba\u015fkan\u0131 Abdullah G\u00fcl, Anadolu \u00dcniversitesi Rekt\u00f6rl\u00fc\u011f\u00fc&#8217;ne Prof. Dr. Davut Ayd\u0131n&#8217;\u0131 atad\u0131.<\/p>\n<p style=\"text-align: justify;\">Cumhurba\u015fkanl\u0131\u011f\u0131 Bas\u0131n Merkezi&#8217;nden yap\u0131lan yaz\u0131l\u0131 a\u00e7\u0131klamada, G\u00fcl&#8217;\u00fcn, Anadolu \u00dcniversitesi Rekt\u00f6rl\u00fc\u011f\u00fc&#8217;ne, Anayasan\u0131n 130&#8217;uncu ve 2547 say\u0131l\u0131 Y\u00fcksek\u00f6\u011fretim Kanununun 13&#8217;\u00fcnc\u00fc maddeleri uyar\u0131nca, Y\u00fcksek\u00f6\u011fretim Kurulunun \u00f6nerdi\u011fi adaylar aras\u0131ndan Prof. Dr. Davut Ayd\u0131n&#8217;\u0131 atad\u0131\u011f\u0131 bildirildi. <!--more--><\/p>\n<p style=\"text-align: justify;\">Anadolu \u00dcniversitesi&#8217;nde rekt\u00f6rl\u00fck se\u00e7iminde, rekt\u00f6r Fevzi S\u00fcrmeli 334 oyla birinci \u00e7\u0131karken, Davut Ayd\u0131n 96 oyla \u00fc\u00e7\u00fcnc\u00fc olmu\u015ftu.<\/p>\n<p style=\"text-align: justify;\">Ama Y\u00d6K, Ayd\u0131n&#8217;\u0131n ismini ilk s\u0131raya koyarak \u00c7ankaya&#8217;ya g\u00f6ndermi\u015fti.<\/p>\n<p style=\"text-align: justify;\">Anadolu \u00dcniversitesi (A\u00dc) Rekt\u00f6r\u00fc Prof. Dr. Fevzi S\u00fcrmeli, A\u00dc&#8217;ye 96 oy alan Prof. Dr. Davut Ayd\u0131n&#8217;\u0131n rekt\u00f6r olarak atanmas\u0131n\u0131n, \u00fcniversiteye ve demokrasiye yap\u0131lan en b\u00fcy\u00fck haks\u0131zl\u0131k oldu\u011funu savundu.<\/p>\n<p style=\"text-align: justify;\">Prof. Dr. S\u00fcrmeli, yapt\u0131\u011f\u0131 a\u00e7\u0131klamada, &#8220;yak\u0131n zamanda ulusal bas\u0131nda &#8220;A\u00dc&#8217;n\u00fcn mevduat\u0131n\u0131n y\u00fczde 50&#8217;sine Maliye Bakanl\u0131\u011f\u0131nca el konuldu\u011fu&#8221; y\u00f6n\u00fcnde haberlerin \u00e7\u0131kart\u0131ld\u0131\u011f\u0131n\u0131, bunun hemen ard\u0131ndan da Prof. Dr. Davut Ayd\u0131n&#8217;\u0131n Cumhurba\u015fkan\u0131 Abdullah G\u00fcl taraf\u0131ndan A\u00dc Rekt\u00f6rl\u00fc\u011f\u00fcne atand\u0131\u011f\u0131n\u0131&#8221; ifade etti.<\/p>\n<p style=\"text-align: justify;\">Prof. Dr. S\u00fcrmeli, &#8220;Bu se\u00e7imde 334 oy ald\u0131m. Akademisyenlerden en fazla oyu ben ald\u0131m. Prof. Dr. Davut Ayd\u0131n 96 oy ald\u0131. A\u00dc&#8217;ye 96 oy alan Prof. Dr. Ayd\u0131n&#8217;\u0131n rekt\u00f6r olarak atanmas\u0131 \u00fcniversitemize ve demokrasiye yap\u0131lan en b\u00fcy\u00fck haks\u0131zl\u0131kt\u0131r. Birileri Prof. Dr. Ayd\u0131n&#8217;a &#8216;Ne kadar oy alaca\u011f\u0131n \u00f6nemli de\u011fil, \u00f6nemli olan adayl\u0131\u011f\u0131n\u0131 koyman, gerisi bize ait&#8217; demi\u015ftir. A\u00dc herkese b\u0131rak\u0131labilecek, hele hele basit uygulamalar\u0131 olan ki\u015filere b\u0131rak\u0131lacak bir \u00fcniversite de\u011fildir&#8221; dedi.<\/p>\n<p style=\"text-align: justify;\"><span style=\"color: #888888;\">CNN T\u00dcRK<\/span><\/p>\n","protected":false},"excerpt":{"rendered":"<\/p>\n<p style=\"text-align: justify;\">Cumhurba\u015fkan\u0131 Abdullah G\u00fcl, Anadolu \u00dcniversitesi Rekt\u00f6rl\u00fc\u011f\u00fc&#8217;ne Prof. Dr. Davut Ayd\u0131n&#8217;\u0131 atad\u0131.<\/p>\n<p style=\"text-align: justify;\">Cumhurba\u015fkanl\u0131\u011f\u0131 Bas\u0131n Merkezi&#8217;nden yap\u0131lan yaz\u0131l\u0131 a\u00e7\u0131klamada, G\u00fcl&#8217;\u00fcn, Anadolu \u00dcniversitesi Rekt\u00f6rl\u00fc\u011f\u00fc&#8217;ne, Anayasan\u0131n 130&#8217;uncu ve 2547 say\u0131l\u0131 Y\u00fcksek\u00f6\u011fretim Kanununun 13&#8217;\u00fcnc\u00fc maddeleri uyar\u0131nca, Y\u00fcksek\u00f6\u011fretim Kurulunun \u00f6nerdi\u011fi adaylar aras\u0131ndan Prof. Dr. Davut Ayd\u0131n&#8217;\u0131 atad\u0131\u011f\u0131 bildirildi. <\/p>\n","protected":false},"author":1,"featured_media":0,"comment_status":"open","ping_status":"closed","sticky":false,"template":"","format":"standard","meta":{"footnotes":""},"categories":[105],"tags":[],"class_list":["post-16838","post","type-post","status-publish","format-standard","hentry","category-gundem","odd"],"_links":{"self":[{"href":"http:\/\/www.korhanyilmaz.com\/index.php?rest_route=\/wp\/v2\/posts\/16838","targetHints":{"allow":["GET"]}}],"collection":[{"href":"http:\/\/www.korhanyilmaz.com\/index.php?rest_route=\/wp\/v2\/posts"}],"about":[{"href":"http:\/\/www.korhanyilmaz.com\/index.php?rest_route=\/wp\/v2\/types\/post"}],"author":[{"embeddable":true,"href":"http:\/\/www.korhanyilmaz.com\/index.php?rest_route=\/wp\/v2\/users\/1"}],"replies":[{"embeddable":true,"href":"http:\/\/www.korhanyilmaz.com\/index.php?rest_route=%2Fwp%2Fv2%2Fcomments&post=16838"}],"version-history":[{"count":0,"href":"http:\/\/www.korhanyilmaz.com\/index.php?rest_route=\/wp\/v2\/posts\/16838\/revisions"}],"wp:attachment":[{"href":"http:\/\/www.korhanyilmaz.com\/index.php?rest_route=%2Fwp%2Fv2%2Fmedia&parent=16838"}],"wp:term":[{"taxonomy":"category","embeddable":true,"href":"http:\/\/www.korhanyilmaz.com\/index.php?rest_route=%2Fwp%2Fv2%2Fcategories&post=16838"},{"taxonomy":"post_tag","embeddable":true,"href":"http:\/\/www.korhanyilmaz.com\/index.php?rest_route=%2Fwp%2Fv2%2Ftags&post=16838"}],"curies":[{"name":"wp","href":"https:\/\/api.w.org\/{rel}","templated":true}]}}