{"id":16834,"date":"2009-11-23T22:08:59","date_gmt":"2009-11-23T20:08:59","guid":{"rendered":"http:\/\/www.korhanyilmaz.com\/?p=16834"},"modified":"2009-11-23T22:08:59","modified_gmt":"2009-11-23T20:08:59","slug":"basbakan-erdogandan-dtpye-uyari","status":"publish","type":"post","link":"http:\/\/www.korhanyilmaz.com\/?p=16834","title":{"rendered":"Ba\u015fbakan Erdo\u011fan&#039;dan DTP&#039;ye uyar\u0131"},"content":{"rendered":"<p style=\"text-align: center;\"><a href=\"http:\/\/www.korhanyilmaz.com\/wp-content\/uploads\/2009\/11\/DTP1.jpg\"  class=\"lightview\"><img loading=\"lazy\" decoding=\"async\" class=\"aligncenter size-full wp-image-16835\" src=\"http:\/\/www.korhanyilmaz.com\/wp-content\/uploads\/2009\/11\/DTP1.jpg\" alt=\"\" width=\"307\" height=\"236\" \/><\/a><\/p>\n<p style=\"text-align: justify;\">Ba\u015fbakan Recep Tayyip Erdo\u011fan, &#8220;bir partinin otob\u00fcs\u00fcnde veya konvoyunun i\u00e7inde ter\u00f6r \u00f6rg\u00fct\u00fcn\u00fcn bayraklar\u0131 olursa, b\u00f6l\u00fcc\u00fc ter\u00f6rist ba\u015f\u0131n\u0131n posterleri olursa buna s\u0131cak bakman\u0131n m\u00fcmk\u00fcn olmad\u0131\u011f\u0131n\u0131&#8221; belirterek, &#8220;Bu t\u00fcr g\u00f6r\u00fcnt\u00fcler, s\u00fcreci, bizim olumlu bak\u0131\u015f\u0131m\u0131z\u0131n aksine etkilemektedir. Kesinlikle daha \u00f6nce ya\u015fad\u0131klar\u0131m\u0131z\u0131 asla ya\u015fayamay\u0131z. Buna da m\u00fcsaade edemeyiz&#8221; dedi. <!--more--><\/p>\n<p style=\"text-align: justify;\">Erdo\u011fan, Libya&#8217;ya hareketinden \u00f6nce Esenbo\u011fa Havaliman\u0131&#8217;nda ziyaretine ili\u015fkin a\u00e7\u0131klamas\u0131n\u0131n ard\u0131ndan bas\u0131n mensuplar\u0131n\u0131n g\u00fcndeme ili\u015fkin sorular\u0131n\u0131 yan\u0131tlad\u0131.<\/p>\n<p style=\"text-align: justify;\">Bir gazetecinin, \u0130zmir&#8217;de DTP konvoyuna yap\u0131lan sald\u0131r\u0131yla ilgili g\u00f6r\u00fcnt\u00fclerin &#8220;demokratik a\u00e7\u0131l\u0131m&#8221; s\u00fcrecini olumsuz etkileyip etkilemeyece\u011fini sormas\u0131 \u00fczerine, Ba\u015fbakan Erdo\u011fan, &#8220;Bir defa burada bir siyasi partinin toplant\u0131s\u0131 m\u0131d\u0131r ve bir siyasi partinin lideri mi orada bir parti etkinli\u011fi yapacak? Yoksa ter\u00f6r \u00f6rg\u00fct\u00fc m\u00fc orada bir toplant\u0131 yapacak?&#8221; diye sordu.<\/p>\n<p style=\"text-align: justify;\">Erdo\u011fan, &#8220;Bu \u00e7ok \u00f6nemli. E\u011fer bir partinin otob\u00fcs\u00fcnde veya konvoyunun i\u00e7inde ter\u00f6r \u00f6rg\u00fct\u00fcn\u00fcn bayraklar\u0131 olursa, b\u00f6l\u00fcc\u00fc ter\u00f6rist ba\u015f\u0131n\u0131n posterleri olursa buna tabii ki s\u0131cak bakmak m\u00fcmk\u00fcn de\u011fildir. Konuyla ilgili olarak gerek g\u00fcvenlik g\u00fc\u00e7lerimiz gerekse bu noktada yarg\u0131, tabii ki gerekli \u00e7al\u0131\u015fmalar\u0131n\u0131 yapmaktad\u0131r, yapacakt\u0131r. Bu t\u00fcr g\u00f6r\u00fcnt\u00fcler s\u00fcreci bizim olumlu bak\u0131\u015f\u0131m\u0131z\u0131n aksine etkilemektedir. Kesinlikle daha \u00f6nce ya\u015fad\u0131klar\u0131m\u0131z\u0131 asla ya\u015fayamay\u0131z. Buna da m\u00fcsaade edemeyiz. Bunu \u00e7ok a\u00e7\u0131k, net s\u00f6yleyeyim&#8221; dedi.<\/p>\n<p style=\"text-align: justify;\">Bug\u00fcn \u0130\u00e7i\u015fleri Bakan\u0131 Be\u015fir Atalay ile de bu konuyu ele ald\u0131klar\u0131n\u0131 ifade eden Erdo\u011fan, &#8220;Kendisine de bunlar\u0131 a\u00e7\u0131k, net s\u00f6yledik. Herhangi bir yerde bu t\u00fcr g\u00f6r\u00fcnt\u00fclere asla m\u00fcsaade edilmeyecektir, edilmemelidir. M\u00fcdahaleler de an\u0131nda yap\u0131lacakt\u0131r, yap\u0131lmal\u0131d\u0131r. Fakat tabii kar\u015f\u0131 gruplar\u0131n da tav\u0131rlar\u0131yla, hareketleriyle, i\u015faretleriyle, sloganlar\u0131yla neyi temsil ettiklerini de herhalde anl\u0131yorsunuz. Onu da benim s\u00f6ylememe gerek yok. \u00c7\u00fcnk\u00fc burada b\u00f6yle bir \u00e7at\u0131\u015fma ortam\u0131n\u0131 haz\u0131rlama gayretleri de var. Bunlara da biz f\u0131rsat vermek istemiyoruz&#8221; diye konu\u015ftu.<\/p>\n<p style=\"text-align: justify;\">Ba\u015fbakan Erdo\u011fan, Mahmur Kamp\u0131&#8217;ndan yeni gelecek grupla ilgili \u0130\u00e7i\u015fleri Bakan\u0131 Be\u015fir Atalay&#8217;\u0131n &#8220;bayramdan sonra y\u0131lba\u015f\u0131ndan \u00f6nce&#8221; ifadesini kulland\u0131\u011f\u0131n\u0131n hat\u0131rlat\u0131lmas\u0131 ve &#8220;Tekrar ayn\u0131 g\u00f6r\u00fcnt\u00fclerin ya\u015fanmamas\u0131 i\u00e7in herhangi bir tedbir, \u00e7al\u0131\u015fma yap\u0131l\u0131yor mu?&#8221; diye sorulmas\u0131 \u00fczerine, &#8220;Mahmur&#8217;un i\u00e7erisinde \u015fu ana kadar ter\u00f6re bula\u015fmam\u0131\u015f olanlar var. Bunlar\u0131n i\u00e7erisinde e\u011fer \u00fclkemize d\u00f6nmek isteyenler varsa ki bunlar bizim vatanda\u015flar\u0131m\u0131z, silahla ili\u015fkisi olmayan, ter\u00f6re bula\u015fmam\u0131\u015f, bunlara kap\u0131m\u0131z\u0131n zaten a\u00e7\u0131k oldu\u011funu s\u00f6yledik&#8221; dedi.<\/p>\n<p style=\"text-align: justify;\">Erdo\u011fan, &#8220;Ama bunun tabii ki bir geli\u015fte, uygulamada ancak yak\u0131nlar\u0131 taraf\u0131ndan kar\u015f\u0131lanmas\u0131, bunun d\u0131\u015f\u0131nda bundan \u00f6nce oldu\u011fu gibi bir kar\u015f\u0131lamaya m\u00fcsaade etmemiz kesinlikle m\u00fcmk\u00fcn de\u011fil. Onun da b\u00fct\u00fcn tedbirlerini, her \u015feyini Bakanl\u0131\u011f\u0131m\u0131z g\u00fcvenlik g\u00fc\u00e7leriyle al\u0131yor, alacak. O \u015fekilde bir kabul s\u00f6z konusu olabilecek&#8221; ifadesini kulland\u0131.<\/p>\n<p style=\"text-align: justify;\"><strong><em>Demokratik a\u00e7\u0131l\u0131m <\/em><\/strong><\/p>\n<p style=\"text-align: justify;\">Ba\u015fbakan Erdo\u011fan, ziyarete ili\u015fkin a\u00e7\u0131klamalar\u0131n\u0131n ard\u0131ndan gazetecilerin sorular\u0131n\u0131 da yan\u0131tlad\u0131.<\/p>\n<p style=\"text-align: justify;\">Erdo\u011fan, partisince K\u0131z\u0131lcahamam&#8217;da d\u00fczenlenen 14. \u0130sti\u015fare ve De\u011ferlendirme Toplant\u0131s\u0131&#8217;n\u0131n kapan\u0131\u015f konu\u015fmas\u0131nda muhalefete destek \u00e7a\u011fr\u0131s\u0131n\u0131 yineledi\u011finin belirtilmesi ve &#8220;Bundan sonraki s\u00fcre\u00e7te \u015f\u00fcpheleri gidermek i\u00e7in farkl\u0131 bir yol izlenecek mi?&#8221; diye sorulmas\u0131 \u00fczerine, AK Parti&#8217;nin 6 ayda bir ger\u00e7ekle\u015ftirilen mutat isti\u015fare ve de\u011ferlendirme toplant\u0131lar\u0131nda ana ba\u015fl\u0131klar tespit edildi\u011fini, bu \u00e7er\u00e7evede m\u00fczakerelerin yap\u0131ld\u0131\u011f\u0131n\u0131 anlatt\u0131.<\/p>\n<p style=\"text-align: justify;\">14. \u0130sti\u015fare ve De\u011ferlendirme Toplant\u0131s\u0131&#8217;n\u0131n ana ba\u015fl\u0131\u011f\u0131n\u0131 da &#8220;Milli Birlik ve Karde\u015flik Projesi&#8221; kapsam\u0131nda &#8220;demokratik a\u00e7\u0131l\u0131m&#8221; s\u00fcrecinin te\u015fkil etti\u011fini aktaran Ba\u015fbakan Erdo\u011fan, bu \u00e7er\u00e7evede \u0130\u00e7i\u015fleri Bakan\u0131 Be\u015fir Atalay&#8217;\u0131n bir sunum yapt\u0131\u011f\u0131n\u0131, sunumun ard\u0131ndan milletvekillerinin de m\u00fczakere k\u0131sm\u0131nda d\u00fc\u015f\u00fcncelerini ilettiklerinin ifade etti.<\/p>\n<p style=\"text-align: justify;\">Erdo\u011fan, &#8220;Bunlar bizim i\u00e7in ortak akl\u0131n olu\u015fturulmas\u0131 s\u00fcrecinde \u00e7ok \u00e7ok \u00f6nemli. Kanaatlerin al\u0131nmas\u0131 anlam\u0131ndad\u0131r&#8221; dedi.<\/p>\n<p style=\"text-align: justify;\">&#8220;Demokratik a\u00e7\u0131l\u0131m&#8221; s\u00fcrecinin TBMM&#8217;de g\u00f6r\u00fc\u015f\u00fclmesinin hemen ard\u0131ndan 78 ilde geni\u015fletilmi\u015f il dan\u0131\u015fma meclisi toplant\u0131lar\u0131 yap\u0131ld\u0131\u011f\u0131n\u0131, s\u00fcrecin anlat\u0131ld\u0131\u011f\u0131n\u0131 an\u0131msatan Ba\u015fbakan Erdo\u011fan, &#8220;\u0130lkbahar\u0131n sonuna kadar bu \u00e7al\u0131\u015fmalar devam edecek. Bunlar\u0131 gerekirse tek tek ta evlere kadar gitmek suretiyle anlataca\u011f\u0131z. Biz, &#8216;Bu bir devlet projesidir dolay\u0131s\u0131yla muhatab\u0131 millettir. \u00d6yleyse iktidar\u0131yla ve muhalefetiyle herkesin burada ta\u015f\u0131n alt\u0131na eline sokmas\u0131 gerekir&#8217; diyerek muhalefete tekrar \u00e7a\u011fr\u0131m\u0131z\u0131 yineledik. Olay budur&#8221; diye konu\u015ftu.<\/p>\n<p style=\"text-align: justify;\"><strong><em>Erbakan&#8217;\u0131n Libya gezisi <\/em><\/strong><\/p>\n<p style=\"text-align: justify;\">Ba\u015fbakan Erdo\u011fan, &#8220;Libya&#8217;ya son olarak ziyaret 13 y\u0131l \u00f6nce ger\u00e7eklemi\u015fti. Say\u0131n Erbakan gitmi\u015fti. Kaddafi ile g\u00f6r\u00fc\u015fmesi ve bu g\u00f6r\u00fc\u015fmede Kaddafi&#8217;nin yapt\u0131\u011f\u0131 a\u00e7\u0131klamalar, \u00f6zellikle sert \u00fcslubu \u00e7ok tart\u0131\u015f\u0131lm\u0131\u015ft\u0131. Bu y\u00f6nden bakt\u0131\u011f\u0131n\u0131zda bir kayg\u0131 ta\u015f\u0131yor musunuz?&#8221; sorusuna, &#8220;Benim \u015fu ana kadar Say\u0131n Kaddafi ile iki kez, farkl\u0131 uluslararas\u0131 toplant\u0131larda ikili g\u00f6r\u00fc\u015fmelerim oldu. Ben, 13 y\u0131l \u00f6ncesinin de\u011ferlendirmesini yapm\u0131yorum. \u015eu anda mevcut durumumuzu de\u011ferlendiriyoruz. Biz farkl\u0131 bir gelece\u011fi in\u015fa etmenin gayreti i\u00e7erisindeyiz. Libya ziyaretimizin ana temas\u0131 budur&#8221; yan\u0131t\u0131n\u0131 verdi.<\/p>\n<p style=\"text-align: justify;\">AB Ba\u015fkan\u0131 olarak atanan Bel\u00e7ika Ba\u015fbakan\u0131 Herman Van Rompuy&#8217;un daha \u00f6nce T\u00fcrkiye&#8217;nin AB \u00fcyeli\u011fine kar\u015f\u0131t g\u00f6r\u00fc\u015fler dile getirdi\u011finin hat\u0131rlat\u0131lmas\u0131 ve bu konudaki de\u011ferlendirmesinin sorulmas\u0131 \u00fczerine Ba\u015fbakan Erdo\u011fan, Van Rompuy&#8217;un daha \u00f6nce farkl\u0131 bir konumda bulundu\u011funu, \u015fimdi ise AB Konseyi Ba\u015fkan\u0131 oldu\u011funu belirterek, &#8220;Bunu hatta kendisi de a\u00e7\u0131klad\u0131lar. &#8216;Burada AB&#8217;nin bu noktadaki ilkeleri neyse ben o ilkeler do\u011frultusunda hareket etmek durumunday\u0131m&#8217; dedi&#8221; diye konu\u015ftu.<\/p>\n<p style=\"text-align: justify;\">\u0130ngiltere Ba\u015fbakan\u0131 Gordon Brown ile d\u00fcn ger\u00e7ekle\u015ftirdi\u011fi telefon konu\u015fmas\u0131nda da bunun a\u00e7\u0131k ve net bir \u015fekilde konu\u015fuldu\u011funu aktaran Ba\u015fbakan Erdo\u011fan, Brown&#8217;un bu konuda &#8220;T\u00fcrkiye ile ilgili gerek bizim bak\u0131\u015f\u0131m\u0131z gerek Ba\u015fkan&#8217;\u0131n bak\u0131\u015f\u0131 ayn\u0131 istikamette olacakt\u0131r. Bundan hi\u00e7 endi\u015feniz olmas\u0131n&#8221; dedi\u011fini iletti.<\/p>\n<p style=\"text-align: justify;\"><strong><em>Filistin-\u0130srail sorunu <\/em><\/strong><\/p>\n<p style=\"text-align: justify;\">Bir gazetecinin, \u0130srail Sanayi, Ticaret ve \u00c7al\u0131\u015fma Bakan\u0131 Binyamin Ben Eliezer&#8217;in T\u00fcrkiye&#8217;de temaslarda bulundu\u011funu ve D\u0131\u015fi\u015fleri Bakan\u0131 Ahmet Davuto\u011flu ile g\u00f6r\u00fc\u015ft\u00fc\u011f\u00fcn\u00fc an\u0131msatarak, Gazze ve Ortado\u011fu bar\u0131\u015f s\u00fcreciyle ilgili nas\u0131l bir s\u00fcre\u00e7 i\u015fleyece\u011fini sormas\u0131 \u00fczerine, g\u00f6r\u00fc\u015fmenin ayr\u0131nt\u0131lar\u0131 hen\u00fcz bilmedi\u011fini belirtti.<\/p>\n<p style=\"text-align: justify;\">Erdo\u011fan, &#8220;T\u00fcrkiye olarak bizim yakla\u015f\u0131m\u0131m\u0131z, d\u0131\u015f politikada d\u00fc\u015fman kazanmak de\u011fil, d\u00fc\u015fman \u00fcretmek de\u011fil. Biz dost kazanman\u0131n gayreti i\u00e7erisindeyiz. Ama bunu adalet \u00e7er\u00e7evesi i\u00e7erisinde, bar\u0131\u015fa endeksli olarak yapal\u0131m. Kom\u015fular\u0131m\u0131zla \u00f6zellikle bunu ayn\u0131 \u015fekilde s\u00fcrd\u00fcrelim. Filistin-\u0130srail aras\u0131ndaki bu s\u0131k\u0131nt\u0131 ayn\u0131 zamanda bizim de s\u0131k\u0131nt\u0131m\u0131zd\u0131r. Bunu biz defaatle ifade ettik. Gazze ile ilgili olaylarda \u015earm El \u015eeyh&#8217;te toplant\u0131lar yap\u0131lm\u0131\u015ft\u0131r ama hala kap\u0131lar a\u00e7\u0131lmam\u0131\u015ft\u0131r&#8221; dedi.<\/p>\n<p style=\"text-align: justify;\">Ba\u015fbakan Erdo\u011fan, &#8220;Oralarda bombalanan alt, \u00fcst yap\u0131 \u00e7\u00f6km\u00fc\u015f vaziyette. Buraya T\u00fcrkiye olarak bizler de yard\u0131m elimizi uzatmak istiyoruz. Bunun i\u00e7in bile bu konuda gerekli olumlu yakla\u015f\u0131m g\u00f6sterilmemi\u015ftir. Biz \u0130srail&#8217;i bu konular\u0131 da olumlu bir \u015fekilde ele almaya davet ediyoruz. Bu olumlu yakla\u015f\u0131mlar oldu\u011fu anda inan\u0131yorum ki b\u00f6lgede bizler herkesle \u00e7ok rahat g\u00f6r\u00fc\u015f\u00fcr\u00fcz. Bug\u00fcn geldiler, D\u0131\u015fi\u015fleri Bakan\u0131m\u0131zla g\u00f6r\u00fc\u015ft\u00fcler. Yar\u0131n da ba\u015fka g\u00f6r\u00fc\u015fmeleri olacakt\u0131r. B\u00fct\u00fcn mesele \u00f6nce kendimizi bar\u0131\u015fa motive edelim&#8221; diye konu\u015ftu.<\/p>\n<p style=\"text-align: justify;\"><strong><em>Memurlara uyar\u0131 <\/em><\/strong><\/p>\n<p style=\"text-align: justify;\">Ba\u015fbakan Erdo\u011fan, memurlar\u0131n 25 Kas\u0131m&#8217;da, grev hakk\u0131 istemiyle i\u015f b\u0131rakma eylemi yapaca\u011f\u0131n\u0131n hat\u0131rlat\u0131lmas\u0131 ve h\u00fck\u00fcmetin g\u00fcndeminde bu y\u00f6nde bir ad\u0131m olup olmad\u0131\u011f\u0131n\u0131n sorulmas\u0131 \u00fczerine, T\u00fcrkiye Cumhuriyeti&#8217;nin bir hukuk devleti oldu\u011funu, hukuk devletinin i\u00e7erisinde memurlar\u0131n da, i\u015f\u00e7ilerin de hukuki olan haklar\u0131n\u0131 rahatl\u0131kla kullanabilece\u011fini s\u00f6yledi.<\/p>\n<p style=\"text-align: justify;\">Erdo\u011fan, &#8220;Ama yasal olmayan bir hak herhalde olamaz. Yap\u0131lacak olan i\u015f de yasal bir i\u015f de\u011fildir. O zamanda tabii neticesine katlan\u0131rlar. Ancak bunu s\u00f6ylemek durumumday\u0131m. Biz her \u015feyi masada konu\u015farak, g\u00f6r\u00fc\u015ferek halletmek durumunday\u0131z. Masada konu\u015fulan, g\u00f6r\u00fc\u015f\u00fclen neyse biz de h\u00fck\u00fcmet olarak bu ad\u0131mlar\u0131 atar\u0131z&#8221; dedi.<\/p>\n<p style=\"text-align: justify;\"><strong><em>Domuz gribi <\/em><\/strong><\/p>\n<p style=\"text-align: justify;\">&#8220;Domuz gribi&#8221; salg\u0131n\u0131 nedeniyle Kurban Bayram\u0131&#8217;ndan sonraki 4 g\u00fcn i\u00e7in okullar\u0131n tatil edilmesi y\u00f6n\u00fcnde bir karar al\u0131n\u0131p al\u0131nmad\u0131\u011f\u0131n\u0131n sorulmas\u0131 \u00fczerine de Erdo\u011fan, bug\u00fcn Sa\u011fl\u0131k Bakan\u0131 Recep Akda\u011f ile g\u00f6r\u00fc\u015fmelerinde daha \u00e7ok ila\u00e7 sanayi ve eczac\u0131larla ilgili konular\u0131n ele al\u0131nd\u0131\u011f\u0131n\u0131 aktard\u0131.<\/p>\n<p style=\"text-align: justify;\">Ba\u015fbakan Erdo\u011fan, &#8220;Griple ilgili son neticeler asl\u0131nda endi\u015felerin daha alt\u0131nda bir netice ortaya \u00e7\u0131km\u0131\u015f durumda. Fakat \u00e7al\u0131\u015fmalar kontrol alt\u0131nda, s\u0131k\u0131 bir denetimle gidiyor. &#8216;Bu konuda endi\u015fe daha da minimize olmu\u015f vaziyette&#8217; deniliyor. Tedbirler tabii ki devam edecektir. Okullarla, kamu kurumlar\u0131yla ilgili tedbirler bug\u00fcne kadar nas\u0131l al\u0131nd\u0131ysa bundan sonra da herkes g\u00f6revini yerine getirmek suretiyle bu tedbir s\u00fcrecini i\u015fletecektir&#8221; diye konu\u015ftu.<\/p>\n<p style=\"text-align: justify;\"><span style=\"color: #888888;\">CNN T\u00dcRK<\/span><\/p>\n","protected":false},"excerpt":{"rendered":"<p style=\"text-align: center;\">\n<p style=\"text-align: justify;\">Ba\u015fbakan Recep Tayyip Erdo\u011fan, &#8220;bir partinin otob\u00fcs\u00fcnde veya konvoyunun i\u00e7inde ter\u00f6r \u00f6rg\u00fct\u00fcn\u00fcn bayraklar\u0131 olursa, b\u00f6l\u00fcc\u00fc ter\u00f6rist ba\u015f\u0131n\u0131n posterleri olursa buna s\u0131cak bakman\u0131n m\u00fcmk\u00fcn olmad\u0131\u011f\u0131n\u0131&#8221; belirterek, &#8220;Bu t\u00fcr g\u00f6r\u00fcnt\u00fcler, s\u00fcreci, bizim olumlu bak\u0131\u015f\u0131m\u0131z\u0131n aksine etkilemektedir. Kesinlikle daha \u00f6nce ya\u015fad\u0131klar\u0131m\u0131z\u0131 asla ya\u015fayamay\u0131z. Buna da m\u00fcsaade edemeyiz&#8221; dedi. <\/p>\n","protected":false},"author":1,"featured_media":0,"comment_status":"open","ping_status":"closed","sticky":false,"template":"","format":"standard","meta":{"footnotes":""},"categories":[105],"tags":[],"class_list":["post-16834","post","type-post","status-publish","format-standard","hentry","category-gundem","odd"],"_links":{"self":[{"href":"http:\/\/www.korhanyilmaz.com\/index.php?rest_route=\/wp\/v2\/posts\/16834","targetHints":{"allow":["GET"]}}],"collection":[{"href":"http:\/\/www.korhanyilmaz.com\/index.php?rest_route=\/wp\/v2\/posts"}],"about":[{"href":"http:\/\/www.korhanyilmaz.com\/index.php?rest_route=\/wp\/v2\/types\/post"}],"author":[{"embeddable":true,"href":"http:\/\/www.korhanyilmaz.com\/index.php?rest_route=\/wp\/v2\/users\/1"}],"replies":[{"embeddable":true,"href":"http:\/\/www.korhanyilmaz.com\/index.php?rest_route=%2Fwp%2Fv2%2Fcomments&post=16834"}],"version-history":[{"count":0,"href":"http:\/\/www.korhanyilmaz.com\/index.php?rest_route=\/wp\/v2\/posts\/16834\/revisions"}],"wp:attachment":[{"href":"http:\/\/www.korhanyilmaz.com\/index.php?rest_route=%2Fwp%2Fv2%2Fmedia&parent=16834"}],"wp:term":[{"taxonomy":"category","embeddable":true,"href":"http:\/\/www.korhanyilmaz.com\/index.php?rest_route=%2Fwp%2Fv2%2Fcategories&post=16834"},{"taxonomy":"post_tag","embeddable":true,"href":"http:\/\/www.korhanyilmaz.com\/index.php?rest_route=%2Fwp%2Fv2%2Ftags&post=16834"}],"curies":[{"name":"wp","href":"https:\/\/api.w.org\/{rel}","templated":true}]}}