{"id":16827,"date":"2009-11-23T20:59:37","date_gmt":"2009-11-23T18:59:37","guid":{"rendered":"http:\/\/www.korhanyilmaz.com\/?p=16827"},"modified":"2009-11-23T20:59:37","modified_gmt":"2009-11-23T18:59:37","slug":"10-cumhurbaskani-sezer-teror-orgutu-uyesi-mi","status":"publish","type":"post","link":"http:\/\/www.korhanyilmaz.com\/?p=16827","title":{"rendered":"10. Cumhurba\u015fkan\u0131 Sezer ter\u00f6r \u00f6rg\u00fct\u00fc \u00fcyesi mi?"},"content":{"rendered":"<p><a href=\"http:\/\/www.korhanyilmaz.com\/wp-content\/uploads\/2009\/11\/ERGENEKON1.jpg\"  class=\"lightview\"><img loading=\"lazy\" decoding=\"async\" class=\"aligncenter size-full wp-image-16828\" src=\"http:\/\/www.korhanyilmaz.com\/wp-content\/uploads\/2009\/11\/ERGENEKON1.jpg\" alt=\"\" width=\"292\" height=\"194\" \/><\/a><\/p>\n<p style=\"text-align: justify;\">\u0130kinci &#8220;Ergenekon&#8221; davas\u0131n\u0131n 19. duru\u015fmas\u0131, ge\u00e7en duru\u015fmada asma tavanda meydana gelen \u00e7\u00f6kmenin tamir edilmesinden sonra yeniden ba\u015fland\u0131. Cumhuriyet Gazetesi Ankara Temsilcisi Mustafa Balbay, \u00e7apraz sorgusunda, &#8220;10. Cumhurba\u015fkan\u0131 Ahmet Necdet Sezer ile telefon g\u00f6r\u00fc\u015fmeleri iddianameye konmu\u015ftur. Sezer, ter\u00f6r \u00f6rg\u00fct\u00fc \u00fcyesi mi? Cumhurba\u015fkanl\u0131\u011f\u0131 makam\u0131 ter\u00f6r \u00fcss\u00fc m\u00fc? &#8221; dedi. <!--more--><\/p>\n<p style=\"text-align: justify;\">\u0130kinci &#8220;Ergenekon&#8221; davas\u0131n\u0131n tutuklu san\u0131klar\u0131ndan Cumhuriyet gazetesi Ankara Temsilcisi Mustafa Balbay&#8217;\u0131n ikinci kez g\u00f6zalt\u0131na al\u0131nd\u0131\u011f\u0131nda Cumhuriyet savc\u0131s\u0131 ile n\u00f6bet\u00e7i hakime verdi\u011fi ek ifadelerinin okunmas\u0131 tamamland\u0131.<\/p>\n<p style=\"text-align: justify;\">\u0130stanbul 13. A\u011f\u0131r Ceza Mahkemesi&#8217;ndeki duru\u015fmada Mahkeme Heyeti Ba\u015fkan\u0131 K\u00f6ksal \u015eeng\u00fcn, Balbay&#8217;\u0131n savc\u0131l\u0131k\u00e7a al\u0131nan ek ifadesini okudu.<\/p>\n<p style=\"text-align: justify;\">S\u00f6z alarak, ileti\u015fim tespit tutanaklar\u0131n\u0131 tek tek incelemesinin 5-6 g\u00fcn\u00fcn\u00fc ald\u0131\u011f\u0131n\u0131 ifade eden Balbay, &#8220;Bir gazetecinin telefon g\u00f6r\u00fc\u015fmelerinden b\u00f6yle bir su\u00e7 \u00e7\u0131kart\u0131lamayaca\u011f\u0131n\u0131 d\u00fc\u015f\u00fcn\u00fcyorum. Zorlayarak bir anlam \u00e7\u0131kart\u0131lm\u0131\u015ft\u0131r&#8221; dedi.<\/p>\n<p style=\"text-align: justify;\">Tutuklu san\u0131klardan eski T\u00fcrk Metal Sendikas\u0131 Ba\u015fkan\u0131 Mustafa \u00d6zbek&#8217;i 2004 y\u0131l\u0131ndan beri tan\u0131d\u0131\u011f\u0131n\u0131 belirten Balbay, \u00d6zbek ile yapt\u0131\u011f\u0131 telefon g\u00f6r\u00fc\u015fmelerine ili\u015fkin \u015funlar\u0131 s\u00f6yledi:<\/p>\n<p style=\"text-align: justify;\">&#8220;\u00d6zbek&#8217;in g\u00fc\u00e7l\u00fc bir sendikas\u0131 var, bunu &#8216;T\u00fcrkiye&#8217;nin yarar\u0131na kullanabilir miyim&#8217; diye kafa yoran bir insan. Bu \u00fclkenin sorunlar\u0131n\u0131, kendi ba\u015f\u0131na bir \u015fey gelmi\u015f gibi d\u00fc\u015f\u00fcnen bir insand\u0131r. &#8216;Bir parti mi olur, yoksa mevcut bir partiyle mi olur&#8217; diye g\u00f6r\u00fc\u015flerde bulunuyorduk. &#8216;Ada\u015f\u0131m yeni olu\u015fumla sen \u00e7\u0131k&#8217; dedi. Ben, Cumhuriyet&#8217;e aitim, Cumhuriyetle b\u00fct\u00fcnle\u015fmi\u015f bir insan oldu\u011fum i\u00e7in kabul etmedim.&#8221;<\/p>\n<p style=\"text-align: justify;\"><strong><em>&#8220;Benim g\u00f6r\u00fc\u015fmelerimmi\u015f gibi&#8221; <\/em><\/strong><\/p>\n<p style=\"text-align: justify;\">Telefon g\u00f6r\u00fc\u015fmelerine ili\u015fkin ayr\u0131nt\u0131l\u0131 bilgiler veren Balbay, gazetenin Ankara b\u00fcrosunun santral\u0131ndan yap\u0131lan g\u00f6r\u00fc\u015fmelerin kendi g\u00f6r\u00fc\u015fmeleri gibi dosyada yer ald\u0131\u011f\u0131n\u0131 belirterek, &#8220;Benim d\u0131\u015f\u0131mda yap\u0131lm\u0131\u015f telefon g\u00f6r\u00fc\u015fmeleri konu edilerek hukukta tan\u0131mlamas\u0131 zor bir yola girilmi\u015f. Bu ola\u011fan\u00fcst\u00fc bir haks\u0131zl\u0131k. Roma hukukunda ge\u00e7tik bunlar\u0131. Orta \u00c7a\u011f&#8217;da sorulmaz b\u00f6yle sorular. Santralden yap\u0131lan g\u00f6r\u00fc\u015fmeler benim gibi g\u00f6sterilmi\u015f&#8221; diye konu\u015ftu.<\/p>\n<p style=\"text-align: justify;\">Balbay, iddianameye g\u00f6re 28 Mart 2008&#8217;den beri dinlendi\u011fini, 2007 Haziran ay\u0131na ait telefon g\u00f6r\u00fc\u015fmesinin ise bir gazetede haber yap\u0131ld\u0131\u011f\u0131n\u0131 vurgulayarak, &#8220;Demek ki \u00e7ok daha \u00f6nceden dinlenmeye ba\u015flam\u0131\u015f\u0131z. Burada bir ma\u011fduriyet var&#8221; \u015feklinde konu\u015ftu.<\/p>\n<p style=\"text-align: justify;\">Cumhuriyet gazetesinin Genel Yay\u0131n Y\u00f6netmeni \u0130brahim Y\u0131ld\u0131z ile yapt\u0131\u011f\u0131 bir telefon konu\u015fmas\u0131nda bir ki\u015fi ile ilgili &#8220;gradosu art\u0131k d\u00fc\u015ft\u00fc&#8221; dedi\u011fini ve bu s\u00f6z\u00fcn\u00fcn iddianamede &#8220;gladyo&#8221; olarak yaz\u0131ld\u0131\u011f\u0131n\u0131 anlatan Balbay, &#8220;Grado, bilirsiniz de\u011fer, d\u00fczey demek. Ben \u015fimdi Godot&#8217;u bekliyorum desem &#8216;Balbay gladyoyu bekliyor&#8217; diye yazacaklar&#8221; dedi.<\/p>\n<p style=\"text-align: justify;\"><strong><em>&#8220;Hi\u00e7bir ter\u00f6r \u00f6rg\u00fct\u00fc ile ilgim yok&#8221; <\/em><\/strong><\/p>\n<p style=\"text-align: justify;\">\u0130ddia olunan &#8220;Ergenekon Ter\u00f6r \u00d6rg\u00fct\u00fc&#8221; ile ilgili kendisine hi\u00e7bir belge g\u00f6sterilmedi\u011fini ve soru da sorulmad\u0131\u011f\u0131n\u0131 ifade eden Balbay, kendisinin de bu tan\u0131m\u0131 kullanmad\u0131\u011f\u0131n\u0131, hi\u00e7bir ter\u00f6r \u00f6rg\u00fct\u00fc ile ilgisinin olamayaca\u011f\u0131n\u0131 ifade etti.<\/p>\n<p style=\"text-align: justify;\">Balbay, Ba\u015fkan \u015eeng\u00fcn taraf\u0131ndan okunan hakim ifadesinin ard\u0131ndan, &#8220;Cumhuriyet \u00c7al\u0131\u015fma Grubu&#8221;nu bu soru\u015fturma ile duydu\u011funu belirterek, bununla ilgili rapor haz\u0131rlamad\u0131\u011f\u0131n\u0131 ve kendisinden de b\u00f6yle bir rapor \u00e7\u0131kmad\u0131\u011f\u0131n\u0131 vurgulad\u0131.<\/p>\n<p style=\"text-align: justify;\">T\u00fcrkiyem Toplulu\u011fu&#8217;nun y\u00f6netiminde olmad\u0131\u011f\u0131n\u0131 ifade eden Balbay, ancak bu toplulu\u011fun konferanslar\u0131na kat\u0131ld\u0131\u011f\u0131n\u0131, g\u00f6r\u00fc\u015flerini aleni bir \u015fekilde a\u00e7\u0131klad\u0131\u011f\u0131na i\u015faret etti.<\/p>\n<p style=\"text-align: justify;\"><strong><em>&#8220;Sezer ter\u00f6r \u00f6rg\u00fct\u00fc \u00fcyesi mi?&#8221; <\/em><\/strong><\/p>\n<p style=\"text-align: justify;\">\u0130stanbul 13. A\u011f\u0131r Ceza Mahkemesi&#8217;ndeki duru\u015fmada, Balbay&#8217;a Cumhuriyet savc\u0131lar\u0131 Mehmet Ali Pekg\u00fczel ve Nihat Ta\u015fk\u0131n d\u00f6n\u00fc\u015f\u00fcml\u00fc olarak sorular y\u00f6neltti.<\/p>\n<p style=\"text-align: justify;\">Balbay, &#8220;G\u00fcnl\u00fcklerde yap\u0131ld\u0131\u011f\u0131n\u0131 iddia etti\u011finiz de\u011fi\u015fliklere, neden savc\u0131l\u0131k ifadeniz s\u0131ras\u0131nda itiraz etmediniz?&#8221; \u015feklindeki soru \u00fczerine, tutukland\u0131ktan bir hafta sonra ak\u015fam \u00fcst\u00fc b\u00fct\u00fcn internet sitelerinde, &#8220;Balbay&#8217;\u0131n g\u00fcnl\u00fckleri&#8221; \u015feklinde haber yay\u0131mland\u0131\u011f\u0131n\u0131 anlatt\u0131.<\/p>\n<p style=\"text-align: justify;\">Avukatlar\u0131 arac\u0131l\u0131\u011f\u0131yla haberleri getirtip inceledi\u011fini belirten Balbay, &#8220;Montaj oldu\u011funu s\u00f6yledim. &#8216;Benim notlar\u0131mdan yeniden olu\u015fturulmu\u015f&#8217; dedim. Medyada, &#8216;Balbay&#8217;\u0131n g\u00fcnl\u00fckleri&#8217; diye \u00e7\u0131kt\u0131. Ama benim b\u00f6yle bir g\u00fcnl\u00fc\u011f\u00fcm yok&#8221; dedi.<\/p>\n<p style=\"text-align: justify;\">Her iki savc\u0131l\u0131k ifadesi al\u0131n\u0131rken tedirgin oldu\u011funu dile getiren Balbay, &#8220;Tek endi\u015fem, korkum mesle\u011fime halel gelmesiydi. Ayn\u0131 zamanda bunu mesle\u011fime sald\u0131r\u0131 olarak alg\u0131lad\u0131m. Tedirginli\u011fim bu nedenleydi. Bu verilerin hukuk d\u0131\u015f\u0131 elde edildi\u011fini bilmiyordum. 10. Cumhurba\u015fkan\u0131 Ahmet Necdet Sezer ile telefon g\u00f6r\u00fc\u015fmeleri iddianameye konmu\u015ftur. Sezer, ter\u00f6r \u00f6rg\u00fct\u00fc \u00fcyesi mi? Cumhurba\u015fkanl\u0131\u011f\u0131 makam\u0131 ter\u00f6r \u00fcss\u00fc m\u00fc? &#8221; diye konu\u015ftu.<\/p>\n<p style=\"text-align: justify;\">Balbay&#8217;\u0131n, ilk savc\u0131l\u0131k ifadesinde kendisine g\u00fcnl\u00fcklerle ilgili soru sorulmad\u0131\u011f\u0131n\u0131 belirtmesi \u00fczerine savc\u0131 Nihat Ta\u015fk\u0131n, &#8220;\u0130fadenizi alan savc\u0131 bendim. \u0130lk ifadede bunlar sorulmad\u0131. \u00c7\u00fcnk\u00fc ben de bilmiyordum. Bilgisayar\u0131n silinmi\u015f k\u0131s\u0131mlar\u0131ndan elde edilmi\u015f. \u0130kinci kez ifadeye \u00e7a\u011fr\u0131lman\u0131z bu nedenledir&#8221; dedi.<\/p>\n<p style=\"text-align: justify;\">Savc\u0131n\u0131n &#8220;Gazeteci olarak tuttu\u011funuz g\u00fcnl\u00fcklerin bir k\u0131sm\u0131n\u0131 neden silme ihtiyac\u0131 hissettiniz? Bir k\u0131sm\u0131n\u0131 neden silmediniz?&#8221; \u015feklindeki sorusunu da Balbay, &#8220;Bu soruyu b\u00fct\u00fcn ayr\u0131nt\u0131lar\u0131yla yan\u0131tlam\u0131\u015ft\u0131m. E\u011fer hi\u00e7bir veriyi silmemi\u015f olsayd\u0131m, buradan tavana kadar, bilmiyorum tavan ne kadar sa\u011flam ama, tavan\u0131 a\u015facak kadar belge olurdu&#8221; \u015feklinde yan\u0131tlad\u0131.<\/p>\n<p style=\"text-align: justify;\"><strong><em>&#8220;Ankara&#8217;da ter\u00f6r \u00fcss\u00fc m\u00fc var?&#8221; <\/em><\/strong><\/p>\n<p style=\"text-align: justify;\">Balbay, bir soru \u00fczerine de T\u00fcrkiye Gazeteciler Sendikas\u0131, T\u00fcrkiye Gazeteciler Cemiyeti, \u00c7a\u011fda\u015f Gazeteciler Derne\u011fi&#8217;ne \u00fcye oldu\u011funu, Kuvay\u0131 Milliye Derne\u011fi 1919 ve Vatansever Kuvvetler G\u00fc\u00e7 Birli\u011fi ile bir irtibat\u0131n\u0131n bulunmad\u0131\u011f\u0131n\u0131 anlatt\u0131.<\/p>\n<p style=\"text-align: justify;\">Savc\u0131 Pekg\u00fczel&#8217;in, ajandada okunamayan baz\u0131 notlar\u0131yla ilgili sorusu \u00fczerine de Balbay, &#8220;Bunlar benim ham notlar\u0131m. Savc\u0131n\u0131n bundan bir \u015fey \u00e7\u0131karmas\u0131 niyet okumakt\u0131r. Bu \u00e7er\u00e7evede benim en az 30 defterim vard\u0131&#8221; dedi. Savc\u0131 Pekg\u00fczel, Balbay&#8217;a gazetenin i\u00e7 meseleleriyle ilgili \u0130lhan Sel\u00e7uk ile yapt\u0131\u011f\u0131 g\u00f6r\u00fc\u015fmesini hat\u0131rlatarak, burada ge\u00e7en Aral\u0131k g\u00f6r\u00fc\u015fmesinin ne oldu\u011funu sordu.<\/p>\n<p style=\"text-align: justify;\">Balbay ise siyaset\u00e7ilerle rahat diyalog kurmas\u0131n\u0131n nedeninin siyaset hayali kurmamas\u0131 oldu\u011funu ifade ederek, B\u00fclent Ecevit&#8217;in ba\u015fbakanl\u0131\u011f\u0131 d\u00f6neminde 6 Ankara temsilcisiyle bir araya geldiklerini, bu konuyu g\u00f6r\u00fc\u015ft\u00fcklerini s\u00f6yledi.<\/p>\n<p style=\"text-align: justify;\">\u0130lhan Sel\u00e7uk&#8217;un iki ayda bir Ankara&#8217;ya geldi\u011fini ifade eden Balbay, &#8220;Deniz Baykal zaman zaman \u00e7ay i\u00e7ti\u011fim ve sohbet etti\u011fim bir parti ba\u015fkan\u0131d\u0131r. Say\u0131n Baykal&#8217;\u0131n herkesi \u00e7a\u011f\u0131rma y\u00f6ntemi farkl\u0131d\u0131r. &#8216;CHP b\u00fct\u00fcn kap\u0131lar\u0131 a\u00e7arsa siyasetin \u00f6n\u00fc a\u00e7\u0131lacak&#8217; g\u00f6r\u00fc\u015f\u00fc vard\u0131. \u0130lhan Sel\u00e7uk bunu sormam\u0131 istedi. Bende bunu sordum. Bu g\u00f6r\u00fc\u015fmeyi telefonda \u0130lhan Sel\u00e7uk&#8217;a anlatt\u0131m&#8221; diye konu\u015ftu.<\/p>\n<p style=\"text-align: justify;\">Savc\u0131 Mehmet Ali Pekg\u00fczel&#8217;in &#8220;Sorunun cevab\u0131n\u0131 alamad\u0131m. Bu g\u00f6r\u00fc\u015fme nerede yap\u0131ld\u0131. Kent Otel olabilir mi?&#8221; sorusuna ise Balbay, &#8220;Olabilir&#8221; dedi. Savc\u0131n\u0131n toplant\u0131ya kat\u0131lan Alparslan I\u015f\u0131kl\u0131 ve Sabih Kanado\u011flu&#8217;nun da ismini okumas\u0131 \u00fczerine Balbay, sorulan bu ki\u015filerin ter\u00f6rist olmad\u0131\u011f\u0131n\u0131 s\u00f6yledi.<\/p>\n<p style=\"text-align: justify;\">Ankara&#8217;da daha ucuz oldu\u011fu i\u00e7in Tirebolular Derne\u011fi ve Ankaral\u0131lar Vakf\u0131&#8217;nda da toplant\u0131lar yap\u0131ld\u0131\u011f\u0131n\u0131 ifade eden Balbay, &#8220;Ankara&#8217;da bir ter\u00f6r \u00fcss\u00fc var da savc\u0131l\u0131k onu mu ortaya \u00e7\u0131karmaya \u00e7al\u0131\u015f\u0131yor? Savc\u0131 yeni ter\u00f6r \u00f6rg\u00fctleri kurmak istiyorsa M\u00fclkiyeliler Birli\u011fi&#8217;ne \u00f6\u011flen giderse 3, ak\u015fam giderse 5 \u00f6rg\u00fct kurar. Kent Otel&#8217;de bu aralar \u00f6rg\u00fct kuramayabilir. Tirilye Restoran&#8217;a giderse 3 tane kurar, \u00fcstelik d\u0131\u015f ba\u011flant\u0131l\u0131 kurar. Ankara \u00c7aml\u0131k Yolu \u00fczerinde 3 tane daha restoran kuruldu. Burada her ak\u015fam 3 tane ter\u00f6r \u00f6rg\u00fct\u00fc kurabilirler. E\u011fer bu t\u00fcr toplant\u0131lar b\u00f6yle irdelenirse&#8221; \u015feklinde konu\u015ftu.<\/p>\n<p style=\"text-align: justify;\">Balbay, savc\u0131n\u0131n &#8220;Ergenekon ter\u00f6r \u00f6rg\u00fct\u00fcn\u00fcn siyasi partileri y\u00f6nlendirme \u00e7abalar\u0131 var. Sorular\u0131m bunlarla ilgili. Telefonda neler konu\u015fuldu a\u00e7\u0131klar m\u0131s\u0131n\u0131z? CHP&#8217;de herhangi bir g\u00f6reviniz var m\u0131? sorusunu, &#8220;Bu soruyu daha \u00f6nce yan\u0131tlam\u0131\u015ft\u0131m&#8221; diyerek yan\u0131ts\u0131z b\u0131rakt\u0131.<\/p>\n<p style=\"text-align: justify;\">D\u00f6rt televizyonun ortak bildiri yay\u0131nlamas\u0131 ve Balbay&#8217;\u0131n burada koordinasyon sa\u011flamas\u0131na y\u00f6nelik bir soruya ise Balbay, bunlar\u0131n \u0130lhan Sel\u00e7uk ve \u0130brahim Y\u0131ld\u0131z&#8217;a sorulmas\u0131n\u0131 istedi.<\/p>\n<p style=\"text-align: justify;\">Tutuklu san\u0131k Hasan Atilla U\u011fur&#8217;un, &#8220;kendilerine verilen emir do\u011frultusunda Balbay ile g\u00f6r\u00fc\u015ft\u00fckleri&#8221; \u015feklindeki s\u00f6zleri hat\u0131rlat\u0131larak, &#8220;Siz ise ifadenizde gazeteci kimli\u011finizle gitti\u011finizi s\u00f6ylediniz. Aradaki \u00e7eli\u015fki var. Bunu a\u00e7\u0131klar m\u0131s\u0131n\u0131z?&#8221; \u015feklindeki soruya ise Balbay, &#8220;Bu soruya yan\u0131t verecek ki\u015fi ben de\u011filim. Gazeteci olarak gittim. M\u0130T M\u00fcste\u015far\u0131yla da konu\u015ftum. Ona emri kim verdi \u00f6yleyse?&#8221; dedi.<\/p>\n<p style=\"text-align: justify;\">Cumhuriyet Savc\u0131s\u0131 Nihat Ta\u015fk\u0131n&#8217;\u0131n, &#8220;Mehmet \u0130lhan diye biri var m\u0131?&#8221; \u015feklindeki sorusunu ise Mustafa Balbay, bunlar\u0131n haber kaynaklar\u0131 oldu\u011funu ve kaynaklar\u0131n\u0131n sorgulanmas\u0131na girildi\u011fini ifade ederek, &#8220;Bas\u0131n Kanunu&#8217;na g\u00f6re haber kayna\u011f\u0131m sorgulanamaz. Delil hukukunda, &#8216;zehirli a\u011fac\u0131n meyvesi zehirli olur&#8217; gibi bir de\u011ferlendirme vard\u0131r. Hukuki olmayan yollardan elde edilen deliller var. Ben bu su\u00e7a ortak olmak istemiyorum&#8221; diye konu\u015ftu.<\/p>\n<p style=\"text-align: justify;\">\u00c7apraz sorgusu s\u0131ras\u0131nda verilen k\u0131sa aran\u0131n ard\u0131ndan cumhuriyet savc\u0131lar\u0131, Balbay&#8217;a &#8220;Tutuksuz san\u0131k emekli Orgeneral \u015eener Eruygur ile yapt\u0131\u011f\u0131 baz\u0131 g\u00f6r\u00fc\u015fmelere ili\u015fkin ald\u0131\u011f\u0131 notlar\u0131 ve notlar\u0131n, &#8216;Ay\u0131\u015f\u0131\u011f\u0131&#8217; darbe plan\u0131yla \u00f6rt\u00fc\u015fmekte oldu\u011funu, yasa d\u0131\u015f\u0131 faaliyet say\u0131labilecek bu planlar\u0131n kendisine aktar\u0131lmas\u0131n\u0131n nedenini, bu notlar\u0131 haber yap\u0131p yapmad\u0131\u011f\u0131n\u0131, notlar\u0131ndaki \u015eener a\u011fabeyin kim oldu\u011funu ve gizli kalmas\u0131 gereken MGK notlar\u0131n neden kendisine verildi\u011fi&#8221; \u015feklinde sorular y\u00f6neltti.<\/p>\n<p style=\"text-align: justify;\">Balbay, bu sorular\u0131 &#8220;Daha \u00f6nce yan\u0131tlam\u0131\u015ft\u0131m ba\u015fkan\u0131m&#8221; \u015feklinde cevapland\u0131rd\u0131. Mahkeme Heyeti Ba\u015fkan\u0131 K\u00f6ksal \u015eeng\u00fcn, saatin ge\u00e7 olmas\u0131 nedeniyle \u00e7apraz sorguya ara vererek, duru\u015fmay\u0131 yar\u0131n saat 09.30&#8217;a erteledi.<\/p>\n<p style=\"text-align: justify;\"><span style=\"color: #888888;\">CNN T\u00dcRK<\/span><\/p>\n","protected":false},"excerpt":{"rendered":"<\/p>\n<p style=\"text-align: justify;\">\u0130kinci &#8220;Ergenekon&#8221; davas\u0131n\u0131n 19. duru\u015fmas\u0131, ge\u00e7en duru\u015fmada asma tavanda meydana gelen \u00e7\u00f6kmenin tamir edilmesinden sonra yeniden ba\u015fland\u0131. Cumhuriyet Gazetesi Ankara Temsilcisi Mustafa Balbay, \u00e7apraz sorgusunda, &#8220;10. Cumhurba\u015fkan\u0131 Ahmet Necdet Sezer ile telefon g\u00f6r\u00fc\u015fmeleri iddianameye konmu\u015ftur. Sezer, ter\u00f6r \u00f6rg\u00fct\u00fc \u00fcyesi mi? Cumhurba\u015fkanl\u0131\u011f\u0131 makam\u0131 ter\u00f6r \u00fcss\u00fc m\u00fc? &#8221; dedi. <\/p>\n","protected":false},"author":1,"featured_media":0,"comment_status":"open","ping_status":"closed","sticky":false,"template":"","format":"standard","meta":{"footnotes":""},"categories":[105],"tags":[],"class_list":["post-16827","post","type-post","status-publish","format-standard","hentry","category-gundem","odd"],"_links":{"self":[{"href":"http:\/\/www.korhanyilmaz.com\/index.php?rest_route=\/wp\/v2\/posts\/16827","targetHints":{"allow":["GET"]}}],"collection":[{"href":"http:\/\/www.korhanyilmaz.com\/index.php?rest_route=\/wp\/v2\/posts"}],"about":[{"href":"http:\/\/www.korhanyilmaz.com\/index.php?rest_route=\/wp\/v2\/types\/post"}],"author":[{"embeddable":true,"href":"http:\/\/www.korhanyilmaz.com\/index.php?rest_route=\/wp\/v2\/users\/1"}],"replies":[{"embeddable":true,"href":"http:\/\/www.korhanyilmaz.com\/index.php?rest_route=%2Fwp%2Fv2%2Fcomments&post=16827"}],"version-history":[{"count":0,"href":"http:\/\/www.korhanyilmaz.com\/index.php?rest_route=\/wp\/v2\/posts\/16827\/revisions"}],"wp:attachment":[{"href":"http:\/\/www.korhanyilmaz.com\/index.php?rest_route=%2Fwp%2Fv2%2Fmedia&parent=16827"}],"wp:term":[{"taxonomy":"category","embeddable":true,"href":"http:\/\/www.korhanyilmaz.com\/index.php?rest_route=%2Fwp%2Fv2%2Fcategories&post=16827"},{"taxonomy":"post_tag","embeddable":true,"href":"http:\/\/www.korhanyilmaz.com\/index.php?rest_route=%2Fwp%2Fv2%2Ftags&post=16827"}],"curies":[{"name":"wp","href":"https:\/\/api.w.org\/{rel}","templated":true}]}}