{"id":16817,"date":"2009-11-23T12:02:44","date_gmt":"2009-11-23T10:02:44","guid":{"rendered":"http:\/\/www.korhanyilmaz.com\/?p=16817"},"modified":"2009-11-23T12:02:44","modified_gmt":"2009-11-23T10:02:44","slug":"siyasette-buyuk-surpriz","status":"publish","type":"post","link":"http:\/\/www.korhanyilmaz.com\/?p=16817","title":{"rendered":"Siyasette b\u00fcy\u00fck s\u00fcrpriz"},"content":{"rendered":"<div id=\"attachment_16818\" style=\"width: 335px\" class=\"wp-caption aligncenter\"><a title=\"Hulki Cevizo\u011flu\" href=\"http:\/\/www.korhanyilmaz.com\/wp-content\/uploads\/2009\/11\/cevizoglu.Jpeg\"  class=\"lightview\"><img loading=\"lazy\" decoding=\"async\" aria-describedby=\"caption-attachment-16818\" class=\"size-full wp-image-16818\" title=\"Hulki Cevizo\u011flu\" src=\"http:\/\/www.korhanyilmaz.com\/wp-content\/uploads\/2009\/11\/cevizoglu.Jpeg\" alt=\"\" width=\"325\" height=\"218\" \/><\/a><p id=\"caption-attachment-16818\" class=\"wp-caption-text\">Hulki Cevizo\u011flu<\/p><\/div>\n<p style=\"text-align: justify;\">Demokratik Sol Halk Partisi (DSHP) resmen kuruldu. Rah\u015fan Ecevit\u2019in deste\u011fi ile kurulan partinin genel ba\u015fkan\u0131 gazeteci Hulki Cevizo\u011flu oldu.<\/p>\n<p style=\"text-align: justify;\">Partinin amblemi, a\u011fz\u0131nda bu\u011fday ba\u015fa\u011f\u0131 olan kanatlar\u0131n\u0131 a\u00e7\u0131k, mavi \u00fczerine beyaz g\u00fcvercinden olu\u015fuyor. 103 kurucu \u00fcyeden olu\u015fan partide, milletvekili bulunmuyor. <!--more--><\/p>\n<p style=\"text-align: justify;\">DSHP\u2019nin kurulu\u015f dilek\u00e7esi \u0130\u00e7i\u015fleri Bakanl\u0131\u011f\u0131\u2019nca kabul edildi. Rah\u015fan Ecevit\u2019in \u00f6nc\u00fcl\u00fc\u011f\u00fcndeki partinin Genel Ba\u015fkan\u0131 Hulki Cevizo\u011flu burada yapt\u0131\u011f\u0131 a\u00e7\u0131klamada, DSHP\u2019nin kurulu\u015funu tamamlam\u0131\u015f olduklar\u0131n\u0131 belirterek, &#8220;Partimiz \u015fu anda t\u00fczel ki\u015fili\u011fin resmen kazanm\u0131\u015ft\u0131r. T\u00fcrkiye\u2019nin i\u00e7inde bulundu\u011fu ekonomik ve siyasal s\u0131k\u0131nt\u0131lara \u00e7are olmak \u00fczere, Mustafa Kemal Atat\u00fcrk\u2019\u00fcn ve B\u00fclent Ecevit\u2019in antiemperyalist \u00e7izgisi, hak, adalet ve e\u015fitlik \u00e7izgisini korumak i\u00e7in bu parti kuruldu&#8221; dedi.<\/p>\n<p style=\"text-align: justify;\">Genel Ba\u015fkan Cevizo\u011flu, Rah\u015fan Ecevit\u2019in de Kurucular Kurulu i\u00e7inde yer ald\u0131\u011f\u0131 DSHP\u2019nin T\u00fcrkiye\u2019nin sorunlar\u0131na \u00e7\u00f6z\u00fcm bulmak i\u00e7in, birlik ve beraberlik i\u00e7in, T\u00fcrkiye\u2019nin yerli ve yabanc\u0131 kaynaklar\u0131n\u0131n ki\u015fi ve kurumlar taraf\u0131ndan s\u00f6m\u00fcr\u00fclmemesi i\u00e7in, hak\u00e7a b\u00f6l\u00fc\u015f\u00fcm i\u00e7in kuruldu\u011funu ifade etti. Ba\u015fbakan B\u00fclent Ecevit\u2019le, onun kurdu\u011fu, Ulusal Uzmanlar Kurulu\u2019nda iki bu\u00e7uk y\u0131l \u00e7al\u0131\u015ft\u0131\u011f\u0131n\u0131 hat\u0131rlatan Cevizo\u011flu, &#8220;Kurul\u2019da, T\u00fcrkiye\u2019nin sorunlar\u0131na \u00e7\u00f6z\u00fcm bulmak i\u00e7in \u00f6neriler, g\u00f6r\u00fc\u015fler, projeler \u00fcretiliyordu. Burada hem Say\u0131n Ecevit\u2019i rahmetle bir kez daha anm\u0131\u015f oluyoruz, hem de onun ilkelerini ya\u015fatmak i\u00e7in, hem de Ulu \u00d6nder Mustafa Kemal Atat\u00fcrk\u2019\u00fc rahmetle anm\u0131\u015f oluyoruz. Onun antiemperyalist \u00e7izgisi korumaya azimliyiz, yeminliyiz&#8221; dedi.<\/p>\n<p style=\"text-align: justify;\"><strong><em>Kimsenin Ku\u015funda,Ta\u015f\u0131nda g\u00f6z\u00fcm\u00fcz yok <\/em><\/strong><\/p>\n<p style=\"text-align: justify;\">DSHP\u2019nin, DSP taban\u0131ndan da olmak \u00fczere 103 Kurucu \u00dcyeden olu\u015ftu\u011funu s\u00f6yleyen Cevizo\u011flu, yeni partinin ambleminin ise, mavi \u00fczerine beyaz, a\u011fz\u0131nda bu\u011fday ba\u015fa\u011f\u0131 olan kanatlar\u0131n\u0131 a\u00e7\u0131k g\u00fcvercinden olu\u015ftu\u011funu kaydederek, &#8220;Ecevit\u2019i de simgeleyen, sembolle\u015ftiren bar\u0131\u015f\u0131n g\u00fcvercini var. Ecevit\u2019in b\u00fct\u00fcn renkleri, hem \u015fekil olarak, hem de ilke olarak var&#8221; diye konu\u015ftu.<\/p>\n<p style=\"text-align: justify;\">DSHP Genel Ba\u015fkan\u0131 Cevizo\u011flu, amblemin DSP ile bezerlik ta\u015f\u0131mas\u0131na ili\u015fkin ise, &#8220;Bu s\u0131k\u0131nt\u0131 yaratmaz. \u00d6nemli olan ilkeler, bu ilkeler \u015fu an sadece DSHP\u2019nde hayat buluyor. Orada ya\u015fat\u0131lacak, orada sahiplenilecek. Pasif de\u011fil, aktif bir politika uygulanacak. T\u00fcrkiye\u2019nin sorunlar\u0131na canla ba\u015fla, korkmadan, y\u0131lmadan, \u00fc\u015fenmeden, yorulmadan ko\u015fturaca\u011f\u0131z b\u00fct\u00fcn arkada\u015flar\u0131m\u0131zla birlikte, Amblemimiz herkesin sevdi\u011fi, benimsedi\u011fi bir amblem. \u00d6zg\u00fcrl\u00fc\u011f\u00fc bar\u0131\u015f\u0131 simgeliyor. Kimsenin ku\u015funda, ta\u015f\u0131nda g\u00f6z\u00fcm\u00fcz yok. Bu zaten Ecevit\u2019in g\u00fcverciniydi. Onun i\u00e7in ba\u015fkalar\u0131 d\u00fc\u015f\u00fcns\u00fcn, biz bu yolda gidiyoruz&#8221; dedi.<\/p>\n<p style=\"text-align: justify;\"><span style=\"color: #888888;\">Milliyet<\/span><\/p>\n","protected":false},"excerpt":{"rendered":"<p id=\"caption-attachment-16818\" class=\"wp-caption-text\">Hulki Cevizo\u011flu<\/p>\n<p style=\"text-align: justify;\">Demokratik Sol Halk Partisi (DSHP) resmen kuruldu. Rah\u015fan Ecevit\u2019in deste\u011fi ile kurulan partinin genel ba\u015fkan\u0131 gazeteci Hulki Cevizo\u011flu oldu.<\/p>\n<p style=\"text-align: justify;\">Partinin amblemi, a\u011fz\u0131nda bu\u011fday ba\u015fa\u011f\u0131 olan kanatlar\u0131n\u0131 a\u00e7\u0131k, mavi \u00fczerine beyaz g\u00fcvercinden olu\u015fuyor. 103 kurucu \u00fcyeden olu\u015fan partide, milletvekili bulunmuyor. <\/p>\n","protected":false},"author":1,"featured_media":0,"comment_status":"open","ping_status":"closed","sticky":false,"template":"","format":"standard","meta":{"footnotes":""},"categories":[105],"tags":[],"class_list":["post-16817","post","type-post","status-publish","format-standard","hentry","category-gundem","odd"],"_links":{"self":[{"href":"http:\/\/www.korhanyilmaz.com\/index.php?rest_route=\/wp\/v2\/posts\/16817","targetHints":{"allow":["GET"]}}],"collection":[{"href":"http:\/\/www.korhanyilmaz.com\/index.php?rest_route=\/wp\/v2\/posts"}],"about":[{"href":"http:\/\/www.korhanyilmaz.com\/index.php?rest_route=\/wp\/v2\/types\/post"}],"author":[{"embeddable":true,"href":"http:\/\/www.korhanyilmaz.com\/index.php?rest_route=\/wp\/v2\/users\/1"}],"replies":[{"embeddable":true,"href":"http:\/\/www.korhanyilmaz.com\/index.php?rest_route=%2Fwp%2Fv2%2Fcomments&post=16817"}],"version-history":[{"count":0,"href":"http:\/\/www.korhanyilmaz.com\/index.php?rest_route=\/wp\/v2\/posts\/16817\/revisions"}],"wp:attachment":[{"href":"http:\/\/www.korhanyilmaz.com\/index.php?rest_route=%2Fwp%2Fv2%2Fmedia&parent=16817"}],"wp:term":[{"taxonomy":"category","embeddable":true,"href":"http:\/\/www.korhanyilmaz.com\/index.php?rest_route=%2Fwp%2Fv2%2Fcategories&post=16817"},{"taxonomy":"post_tag","embeddable":true,"href":"http:\/\/www.korhanyilmaz.com\/index.php?rest_route=%2Fwp%2Fv2%2Ftags&post=16817"}],"curies":[{"name":"wp","href":"https:\/\/api.w.org\/{rel}","templated":true}]}}