{"id":16812,"date":"2009-05-17T17:30:05","date_gmt":"2009-05-17T15:30:05","guid":{"rendered":"http:\/\/www.korhanyilmaz.com\/?p=16812"},"modified":"2009-05-17T17:30:05","modified_gmt":"2009-05-17T15:30:05","slug":"danistay%e2%80%99dan-basbakan-erdogan-ve-ergenekon-sorusturmasina-elestiri","status":"publish","type":"post","link":"http:\/\/www.korhanyilmaz.com\/?p=16812","title":{"rendered":"Dan\u0131\u015ftay\u2019dan Ba\u015fbakan Erdo\u011fan ve Ergenekon soru\u015fturmas\u0131na ele\u015ftiri"},"content":{"rendered":"<div id=\"attachment_16813\" style=\"width: 242px\" class=\"wp-caption aligncenter\"><a title=\"Dan\u0131\u015ftay 5. Daire Ba\u015fkan\u0131 Salih Er\" href=\"http:\/\/www.korhanyilmaz.com\/wp-content\/uploads\/2009\/11\/saliher.jpg\"  class=\"lightview\"><img loading=\"lazy\" decoding=\"async\" aria-describedby=\"caption-attachment-16813\" class=\"size-full wp-image-16813\" title=\"Dan\u0131\u015ftay 5. Daire Ba\u015fkan\u0131 Salih Er\" src=\"http:\/\/www.korhanyilmaz.com\/wp-content\/uploads\/2009\/11\/saliher.jpg\" alt=\"\" width=\"232\" height=\"232\" \/><\/a><p id=\"caption-attachment-16813\" class=\"wp-caption-text\">Dan\u0131\u015ftay 5. Daire Ba\u015fkan\u0131 Salih Er<\/p><\/div>\n<p style=\"text-align: justify;\">Dan\u0131\u015ftay 5. Daire Ba\u015fkan\u0131 Salih Er, Dan\u0131\u015ftay\u2019a d\u00fczenlenen sald\u0131r\u0131n\u0131n 3. y\u0131ld\u00f6n\u00fcm\u00fc nedeniyle d\u00fczenlenen t\u00f6rende Ba\u015fbakan Recep Tayyip Erdo\u011fan ile Ergenekon soru\u015fturma s\u00fcrecine y\u00f6nelik a\u011f\u0131r ele\u015ftiri y\u00f6neltti. \u0130sim vermeden Erdo\u011fan\u2019\u0131n t\u00fcrban konusunu \u201culemaya\u00f6 dan\u0131\u015fmak s\u00f6z\u00fcn\u00fc an\u0131msatan Er, \u201cT\u00fcrkiye\u2019de t\u00fcrban sorunu yokken bu konuyu ka\u015f\u0131ya ka\u015f\u0131ya g\u00fcn\u00fcm\u00fcze ta\u015f\u0131yanlar, bu sald\u0131r\u0131 kar\u015f\u0131s\u0131nda bug\u00fcn de d\u00fc\u015f\u00fcnmelidirler. D\u00fc\u015f\u00fcnerek ya da d\u00fc\u015f\u00fcnmeden edilen s\u00f6zlerin, kurulan t\u00fcmcelerin, sonunun nereye vard\u0131\u011f\u0131n\u0131 g\u00f6rerek bir kez daha d\u00fc\u015f\u00fcnmelidirler. Yarg\u0131 mensuplar\u0131 yerine ulemay\u0131 koyanlar, onlara dan\u0131\u015farak hareket edenler, bulunduklar\u0131 makam\u0131n a\u011f\u0131rl\u0131\u011f\u0131n\u0131, sorumlulu\u011funu duymaktan uzak olanlar bug\u00fcn yeniden d\u00fc\u015f\u00fcnmelidirler\u00f6 dedi. Ba\u015fbakan Erdo\u011fan\u2019\u0131 \u201cbir d\u00fc\u015f g\u00f6rd\u00fcm\u00f6 diye ironi yaparak da ele\u015ftiren Er, Ergenekon soru\u015fturma s\u00fcrecine y\u00f6nelik de ele\u015ftirilerini g\u00fcndeme getirdi. <!--more--><\/p>\n<p style=\"text-align: justify;\"><strong><em>Duygusal T\u00f6ren<\/em><\/strong><\/p>\n<p style=\"text-align: justify;\">Dan\u0131\u015ftay\u2019a \u00fc\u00e7 y\u0131l \u00f6nce yap\u0131lan sald\u0131r\u0131 nedeniyle bug\u00fcn Dan\u0131\u015ftay\u2019da bir t\u00f6ren d\u00fczenlendi. T\u00f6rene, sald\u0131r\u0131da hayat\u0131n\u0131 kaybeden Dan\u0131\u015ftay 2. Dairesi \u00dcyesi Mustafa Y\u00fccel \u00d6zbilgin\u2019in e\u015fi Sema \u00d6zbilgin, o\u011fullar\u0131 G\u00f6khan ve Serkan \u00d6zbilgin\u2019nin yan\u0131 s\u0131ra Yarg\u0131tay Ba\u015fkan\u0131 Hasan Ger\u00e7eker, Yarg\u0131tay Cumhuriyet Ba\u015fsavc\u0131s\u0131 Abdurrahman Yal\u00e7\u0131nkaya, Yarg\u0131tay Ba\u015fkanvekili \u0130hsan Ak\u00e7in, T\u00fcrkiye Barolar Birli\u011fi Ba\u015fkan\u0131 \u00d6zdemir \u00d6zok, Adalet Bakanl\u0131\u011f\u0131 M\u00fcste\u015far Yard\u0131mc\u0131s\u0131 Mustafa K\u00f6k\u00e7am, baz\u0131 Anayasa Mahkemesi ve Yarg\u0131tay \u00fcyeleri ile \u00e7ok say\u0131da Dan\u0131\u015ftay mensubu kat\u0131ld\u0131. T\u00f6rende, sayg\u0131 duru\u015funda bulunuldu ve \u0130stiklal Mar\u015f\u0131 okundu. Ard\u0131ndan da \u00d6zbilgin\u2019i anlatan ve foto\u011fraflar\u0131ndan olu\u015fan sinevizyon g\u00f6sterisi sunuldu. Sinevizyon g\u00f6sterisi s\u0131ras\u0131nda \u00d6zbilgin\u2019in e\u015fi Sema \u00d6zbilgin, Dan\u0131\u015ftay Ba\u015fkan\u0131 Mustafa Birden ve baz\u0131 Dan\u0131\u015ftay mensuplar\u0131n\u0131n g\u00f6zya\u015flar\u0131n\u0131 tutamad\u0131klar\u0131 g\u00f6r\u00fcld\u00fc.<\/p>\n<p style=\"text-align: justify;\"><strong><em>\u201cKaranl\u0131k Bir Adam Kur\u015fun S\u0131kt\u0131\u201d<\/em><\/strong><\/p>\n<p style=\"text-align: justify;\">Dan\u0131\u015ftay 5. Dairesi Ba\u015fkan\u0131 Salih Er, t\u00f6rende yapt\u0131\u011f\u0131 duygusal konu\u015fmada a\u011f\u0131r ele\u015ftirilerde bulundu. Sald\u0131r\u0131 da hayat\u0131n\u0131 kaybeden \u00d6zbilgin ve sald\u0131r\u0131ya u\u011frayan Mustafa Birden, Kamuran Erbu\u011fa, Ayfer \u00d6zdemir, Ayla G\u00fcnen\u00e7 ve Ahmet \u00c7obano\u011flu ile beraber o g\u00fcn ayn\u0131 binaya girdiklerini hat\u0131rlatan Er, \u015f\u00f6yle dedi:<\/p>\n<p style=\"text-align: justify;\">\u201cSaatlerin 09.51\u2019i g\u00f6sterdi\u011fi anda karanl\u0131k bir adam devletin egemenlik alan\u0131nda kur\u015funlar\u0131n\u0131 hak ve adalete, hukukun \u00fcst\u00fcnl\u00fc\u011f\u00fcne s\u0131kmaya ba\u015flad\u0131. Mustafa\u2019lar oradayd\u0131, Kamuran, Ayfer, Ayla, Ahmet oradayd\u0131. Ayr\u0131l\u0131k Mustafa\u2019n\u0131n masan\u0131n \u00fczerinde dirse\u011fini dayad\u0131\u011f\u0131 yerdeydi. Sizler orada yoktunuz. Ben de yoktum. Dan\u0131\u015ftay sald\u0131r\u0131ya u\u011fram\u0131\u015ft\u0131.\u00f6<\/p>\n<p style=\"text-align: justify;\">Er, Dan\u0131\u015ftay\u2019\u0131n 141 y\u0131ll\u0131k bir kurulu\u015f oldu\u011funu, bir kurumun 141 y\u0131l ya\u015fabilmesinin toplumun gereksinimlerini kar\u015f\u0131lamas\u0131yla olanakl\u0131 oldu\u011funu, belirterek, Dan\u0131\u015ftay\u2019\u0131n temel hak ve \u00f6zg\u00fcrl\u00fcklerin korunmas\u0131, savunma hakk\u0131, hak arama \u00f6zg\u00fcrl\u00fc\u011f\u00fc, sosyal g\u00fcvenlik haklar\u0131, memur g\u00fcvencesi, e\u015fitlik konular\u0131nda verdi\u011fi kararlarla tan\u0131nd\u0131\u011f\u0131n\u0131 bildirdi.<\/p>\n<p style=\"text-align: justify;\"><strong><em>Ba\u015fbakan Erdo\u011fan&#8217;a Ulema Ele\u015ftirisi<\/em><\/strong><\/p>\n<p style=\"text-align: justify;\">Hukukun \u00fcst\u00fcnl\u00fc\u011f\u00fc inanc\u0131n\u0131n yerle\u015fmesindeki, hukuk devletinin geli\u015fip g\u00fc\u00e7lendirilmesindeki \u00e7abalar\u0131 ve katk\u0131lar\u0131 sonucu toplumda kazand\u0131\u011f\u0131 sayg\u0131nl\u0131\u011f\u0131yla Dan\u0131\u015ftay\u2019\u0131n tan\u0131nd\u0131\u011f\u0131n\u0131 belirten Er, konu\u015fmas\u0131n\u0131 \u015f\u00f6yle s\u00fcrd\u00fcrd\u00fc:<\/p>\n<p style=\"text-align: justify;\">\u201cT\u00fcrkiye\u2019de t\u00fcrban sorunu yokken bu konuyu ka\u015f\u0131ya ka\u015f\u0131ya g\u00fcn\u00fcm\u00fcze ta\u015f\u0131yanlar, bu sald\u0131r\u0131 kar\u015f\u0131s\u0131nda bug\u00fcn de d\u00fc\u015f\u00fcnmelidirler. D\u00fc\u015f\u00fcnerek ya da d\u00fc\u015f\u00fcnmeden edilen s\u00f6zlerin, kurulan t\u00fcmcelerin, sonunun nereye vard\u0131\u011f\u0131n\u0131 g\u00f6rerek bir kez daha d\u00fc\u015f\u00fcnmelidirler. Yarg\u0131 mensuplar\u0131 yerine ulemay\u0131 koyanlar, onlara dan\u0131\u015farak hareket edenler, bulunduklar\u0131 makam\u0131n a\u011f\u0131rl\u0131\u011f\u0131n\u0131, sorumlulu\u011funu duymaktan uzak olanlar bug\u00fcn yeniden d\u00fc\u015f\u00fcnmelidirler. \u00d6te yandan, katilin ge\u00e7mi\u015f s\u00f6ylemleri \u00fczerinden sonuca varmay\u0131 yeterli g\u00f6renler bilgi kirlili\u011fi ve y\u00f6nlendirmeler kar\u015f\u0131s\u0131nda d\u00fc\u015f\u00fcnce pencerelerini biraz daha aralamal\u0131d\u0131rlar.\u201d<\/p>\n<p style=\"text-align: justify;\"><strong><em>Erdo\u011fan ve Ergenekon S\u00fcrecini \u0130roni Yaparak Ele\u015ftirdi<\/em><\/strong><\/p>\n<p style=\"text-align: justify;\">Er, \u00d6zbilgin\u2019in hayat\u0131n\u0131 kaybetmesinin kendilerine b\u00fcy\u00fck bir ac\u0131 verirken, di\u011fer yandan da hukuk\u00e7ular\u0131n kenetlenmesini sa\u011flad\u0131\u011f\u0131n\u0131, bu duygu seli \u00f6ncesi pek \u00f6nemsenmeyen birlik ve beraberli\u011fin yeniden tan\u0131mlanmas\u0131na \u0131\u015f\u0131k tuttu\u011funu, cinayeti her ko\u015fulda k\u0131nayan hukuk\u00e7ular\u0131n art\u0131k tek derdinin karanl\u0131k noktalar\u0131n ayd\u0131nlat\u0131lmas\u0131 ve adaletin sa\u011flanmas\u0131 oldu\u011funu kaydetti.<\/p>\n<p style=\"text-align: justify;\">\u201cToplumda sars\u0131lan, siyasal emeller do\u011frultusunda korku sal\u0131narak y\u00f6nlendirilmek, eritilmek istenen adalet duygusunun mutlak ger\u00e7ek yerini alaca\u011f\u0131na inand\u0131\u011f\u0131n\u0131\u00f6 dile getiren Er, herkesin de buna inanmas\u0131 gerekti\u011fini s\u00f6yledi. Ba\u015fbakan Erdo\u011fan\u2019\u0131 ve Ergenekon s\u00fcrecini \u201cbir d\u00fc\u015f g\u00f6rd\u00fcm\u00f6 diye ironi yaparak ele\u015ftiren Er, \u015f\u00f6yle dedi:<\/p>\n<p style=\"text-align: justify;\">\u201cD\u00fcn bir d\u00fc\u015f g\u00f6rd\u00fcm. \u00dclkemin Ba\u015fbakan\u0131 Dan\u0131\u015ftay\u2019a sahip \u00e7\u0131k\u0131yor, t\u00fcrban karar\u0131ndan sonra \u2019Bunlar bu gidi\u015fle evin i\u00e7ine de kar\u0131\u015facaklar\u2019, \u2019Efendi bu senin i\u015fin de\u011fil, Diyanet\u2019in i\u015fi\u2019, \u2019Yasamada, y\u00fcr\u00fctmede baz\u0131 ad\u0131mlar\u0131 atar\u0131z ama yarg\u0131daki ad\u0131m\u0131 bizim atmam\u0131z m\u00fcmk\u00fcn de\u011fil. A\u00e7\u0131k konu\u015fuyorum, Dan\u0131\u015ftay\u2019da bir \u00e7ok engelle kar\u015f\u0131 kar\u015f\u0131yay\u0131z\u2019 diyenleri hukukun \u00fcst\u00fcnl\u00fc\u011f\u00fcn\u00fc tan\u0131maya \u00e7a\u011f\u0131r\u0131yordu. \u00dclkemin Ba\u015fbakan\u0131, yarg\u0131 kararlar\u0131na sayg\u0131 duymay\u0131 herkesin i\u00e7ine sindirmesi gerekti\u011fini s\u00f6yl\u00fcyor, Can D\u00fcndar\u2019\u0131n dedi\u011fi gibi \u2019sald\u0131rganl\u0131\u011fa zemin haz\u0131rlamamak i\u00e7in Ba\u015fbakan nas\u0131l konu\u015fmal\u0131\u2019n\u0131n dersini veriyordu.<\/p>\n<p style=\"text-align: justify;\">\u00dclkemin savc\u0131lar\u0131, insan onuruna sahip \u00e7\u0131k\u0131yorlar, soru\u015fturmalar\u0131n gizlili\u011fi konusunda b\u00fcy\u00fck duyarl\u0131l\u0131k g\u00f6steriyorlard\u0131. Sabah\u0131n erken saatlerinde evlerinin arand\u0131\u011f\u0131, anlat\u0131mlar\u0131n yanda\u015f bas\u0131na aktar\u0131ld\u0131\u011f\u0131, devlete y\u0131llarca hizmet etmi\u015f ki\u015filerin g\u00f6z alt\u0131na al\u0131nma s\u00fcrecinde \u00f6rselenmi\u015f ruhlar\u0131n b\u0131rak\u0131ld\u0131\u011f\u0131, ceplerinde kalbi k\u0131r\u0131k \u00f6m\u00fcrler ve tansiyon hap\u0131yla dola\u015fmalar\u0131n yarat\u0131ld\u0131\u011f\u0131 d\u00f6nemleri k\u0131n\u0131yorlard\u0131.<\/p>\n<p style=\"text-align: justify;\">Gelece\u011fin T\u00fcrkiyesi soru\u015fturmas\u0131n\u0131n savc\u0131s\u0131, insan onurunu g\u00fcvence alt\u0131na alan b\u00fct\u00fcn kurallar\u0131n, insan haklar\u0131 kapsam\u0131nda oldu\u011funun dersini veriyordu.\u201d<\/p>\n<p style=\"text-align: justify;\"><strong><em>Bu D\u00fc\u015f Obama&#8217;n\u0131n D\u00fc\u015f\u00fc De\u011fil<\/em><\/strong><\/p>\n<p style=\"text-align: justify;\">D\u00fcn bir d\u00fc\u015f g\u00f6rd\u00fcm. Namusun yaln\u0131zca kad\u0131nlarda bulunmas\u0131 gereken bir de\u011fer olmad\u0131\u011f\u0131, kad\u0131nlar\u0131m\u0131z\u0131n, gen\u00e7 k\u0131zlar\u0131m\u0131z\u0131n t\u00f6re cinayetlerine kurban gitmedi\u011fi, G\u00fcld\u00fcnya\u2019n\u0131n, \u015eemse\u2019nin, nicelerinin ad\u0131n\u0131n so\u011fuk mezar ta\u015flar\u0131na yaz\u0131lmad\u0131\u011f\u0131, pervas\u0131z esintili sabahlarda \u00e7ocuklar\u0131n \u00f6rselenmedi\u011fi, \u0131rk, renk, etnik k\u00f6ken, uyruk, din, cinsiyet ya da cinsel y\u00f6nelim ayr\u0131m\u0131n\u0131n olmad\u0131\u011f\u0131, etnik ve kimlik bask\u0131n\u0131n yap\u0131lmad\u0131\u011f\u0131, ya\u015f\u0131 bir gecede b\u00fcy\u00fct\u00fcl\u00fcp idam edilen gen\u00e7lerin bulunmad\u0131\u011f\u0131, \u2019asmayal\u0131m da besleyelim mi?\u2019 diyenlerin devlet b\u00fcy\u00fc\u011f\u00fc muamelesi g\u00f6rmedi\u011fi, borsan\u0131n, dolar\u0131n, silah, ila\u00e7 sanayinin emperyal g\u00fc\u00e7lerin egemen olmad\u0131\u011f\u0131, \u00f6zelle\u015ftirme ad\u0131 alt\u0131nda rant transferlerinin yap\u0131lmad\u0131\u011f\u0131, Cumhuriyet\u2019in \u00f6zellikle son y\u0131llarda elden \u00e7\u0131kar\u0131lan kazan\u0131mlar\u0131n\u0131n ger\u00e7ek sahiplerine, halka d\u00f6nd\u00fcr\u00fcld\u00fc\u011f\u00fc, korku t\u00fcnelinden \u00f6zg\u00fcrl\u00fc\u011f\u00fcn ayd\u0131nl\u0131\u011fa \u00e7\u0131kan, sorunlar\u0131n\u0131 demokratik parlamenter rejim i\u00e7inde \u00e7\u00f6z\u00fcn, hukukun \u00fcst\u00fcnl\u00fc\u011f\u00fcne inanan bir T\u00fcrkiye g\u00f6rd\u00fcm.<\/p>\n<p style=\"text-align: justify;\">Bu d\u00fc\u015f Obama\u2019n\u0131n d\u00fc\u015f\u00fc de\u011fil, bizim d\u00fc\u015f\u00fcm\u00fcz. Ula\u015fmak uzun soluklu olsa da bu d\u00fc\u015f\u00fcn ger\u00e7ekle\u015fece\u011fine ben inan\u0131yorum. Biliyorum ki, sizler de inan\u0131yorsunuz. Bu inanc\u0131m\u0131z\u0131 bir kez daha payla\u015fmak \u00fczere An\u0131tkabir\u2019e, Mustafa Kemal\u2019e gidelim.\u201d<\/p>\n<p style=\"text-align: justify;\"><span style=\"color: #888888;\">Milliyet<\/span><\/p>\n","protected":false},"excerpt":{"rendered":"<p id=\"caption-attachment-16813\" class=\"wp-caption-text\">Dan\u0131\u015ftay 5. Daire Ba\u015fkan\u0131 Salih Er<\/p>\n<p style=\"text-align: justify;\">Dan\u0131\u015ftay 5. Daire Ba\u015fkan\u0131 Salih Er, Dan\u0131\u015ftay\u2019a d\u00fczenlenen sald\u0131r\u0131n\u0131n 3. y\u0131ld\u00f6n\u00fcm\u00fc nedeniyle d\u00fczenlenen t\u00f6rende Ba\u015fbakan Recep Tayyip Erdo\u011fan ile Ergenekon soru\u015fturma s\u00fcrecine y\u00f6nelik a\u011f\u0131r ele\u015ftiri y\u00f6neltti. \u0130sim vermeden Erdo\u011fan\u2019\u0131n t\u00fcrban konusunu \u201culemaya\u00f6 dan\u0131\u015fmak s\u00f6z\u00fcn\u00fc an\u0131msatan Er, \u201cT\u00fcrkiye\u2019de t\u00fcrban sorunu yokken bu konuyu ka\u015f\u0131ya ka\u015f\u0131ya g\u00fcn\u00fcm\u00fcze <\/p>\n","protected":false},"author":1,"featured_media":0,"comment_status":"open","ping_status":"closed","sticky":false,"template":"","format":"standard","meta":{"footnotes":""},"categories":[105],"tags":[],"class_list":["post-16812","post","type-post","status-publish","format-standard","hentry","category-gundem","odd"],"_links":{"self":[{"href":"http:\/\/www.korhanyilmaz.com\/index.php?rest_route=\/wp\/v2\/posts\/16812","targetHints":{"allow":["GET"]}}],"collection":[{"href":"http:\/\/www.korhanyilmaz.com\/index.php?rest_route=\/wp\/v2\/posts"}],"about":[{"href":"http:\/\/www.korhanyilmaz.com\/index.php?rest_route=\/wp\/v2\/types\/post"}],"author":[{"embeddable":true,"href":"http:\/\/www.korhanyilmaz.com\/index.php?rest_route=\/wp\/v2\/users\/1"}],"replies":[{"embeddable":true,"href":"http:\/\/www.korhanyilmaz.com\/index.php?rest_route=%2Fwp%2Fv2%2Fcomments&post=16812"}],"version-history":[{"count":0,"href":"http:\/\/www.korhanyilmaz.com\/index.php?rest_route=\/wp\/v2\/posts\/16812\/revisions"}],"wp:attachment":[{"href":"http:\/\/www.korhanyilmaz.com\/index.php?rest_route=%2Fwp%2Fv2%2Fmedia&parent=16812"}],"wp:term":[{"taxonomy":"category","embeddable":true,"href":"http:\/\/www.korhanyilmaz.com\/index.php?rest_route=%2Fwp%2Fv2%2Fcategories&post=16812"},{"taxonomy":"post_tag","embeddable":true,"href":"http:\/\/www.korhanyilmaz.com\/index.php?rest_route=%2Fwp%2Fv2%2Ftags&post=16812"}],"curies":[{"name":"wp","href":"https:\/\/api.w.org\/{rel}","templated":true}]}}