{"id":16801,"date":"2009-11-23T20:35:51","date_gmt":"2009-11-23T18:35:51","guid":{"rendered":"http:\/\/www.korhanyilmaz.com\/?p=16801"},"modified":"2009-11-23T20:35:51","modified_gmt":"2009-11-23T18:35:51","slug":"turk-turkiye-halki-ile-sorunumuz-yok","status":"publish","type":"post","link":"http:\/\/www.korhanyilmaz.com\/?p=16801","title":{"rendered":"Ahmet T\u00fcrk&#039;ten sert uyar\u0131"},"content":{"rendered":"<p style=\"text-align: justify;\"><a href=\"http:\/\/www.korhanyilmaz.com\/wp-content\/uploads\/2009\/11\/turk.jpg\"  class=\"lightview\"><img loading=\"lazy\" decoding=\"async\" class=\"aligncenter size-full wp-image-16802\" src=\"http:\/\/www.korhanyilmaz.com\/wp-content\/uploads\/2009\/11\/turk.jpg\" alt=\"\" width=\"292\" height=\"195\" \/><\/a><\/p>\n<p style=\"text-align: justify;\">DTP Genel Ba\u015fkan\u0131 Ahmet T\u00fcrk, &#8220;G\u00fcvenlik g\u00fc\u00e7leri, DTP&#8217;ye kar\u015f\u0131 adeta &#8216;derslerini als\u0131n&#8217; gibi bir mant\u0131kla yakla\u015f\u0131rlarsa, bu \u00fclkede karga\u015fan\u0131n do\u011fmas\u0131na neden olurlar&#8221; dedi. T\u00fcrk, &#8220;Bu sald\u0131r\u0131lar devam ederse, biz bunu kabul etmeyece\u011fiz. Biz T\u00fcrkiye&#8217;nin her yerinde kendimizi koruyabiliriz. Ama b\u00f6yle bir yol a\u00e7\u0131l\u0131rsa, bunun sonu nereye gider, bunu d\u00fc\u015f\u00fcnmek laz\u0131m&#8221; diye konu\u015ftu. <!--more--><\/p>\n<p style=\"text-align: justify;\">T\u00fcrk, Ayd\u0131n Osman Yozgatl\u0131 Mahallesi&#8217;ndeki Aymek Kav\u015fa\u011f\u0131&#8217;nda DTP Ayd\u0131n \u0130l Ba\u015fkanl\u0131\u011f\u0131 taraf\u0131ndan d\u00fczenlenen mitingde yapt\u0131\u011f\u0131 konu\u015fmada, demokrasi m\u00fccadelesinin b\u00fcy\u00fck bir emek ve bedel istedi\u011fini, bug\u00fcne kadar \u00f6zg\u00fcrl\u00fck, bar\u0131\u015f, karde\u015flik i\u00e7in b\u00fcy\u00fck bedeller \u00f6dediklerini ve omuz omuza, y\u00fcrek y\u00fcre\u011fe m\u00fccadelelerini s\u00fcrd\u00fcklerini s\u00f6yledi.<\/p>\n<p style=\"text-align: justify;\">K\u00fcrt halk\u0131n\u0131n \u00f6zg\u00fcrl\u00fck ve e\u015fitlik m\u00fccadelesinde mutlaka ba\u015far\u0131ya ula\u015faca\u011f\u0131na inand\u0131\u011f\u0131n\u0131, \u00e7\u00fcnk\u00fc hakl\u0131 olduklar\u0131n\u0131 ve taleplerinin de me\u015fru oldu\u011funu \u00f6ne s\u00fcren T\u00fcrk, &#8220;Halk\u0131m\u0131z bug\u00fcne kadar inkarc\u0131, asimilasyoncu siyasetlere, anlay\u0131\u015flara, operasyonlara kar\u015f\u0131 hi\u00e7bir zaman taviz vermedi. Ba\u015f\u0131n\u0131 her zaman dik tuttu&#8221; diye konu\u015ftu.<\/p>\n<p style=\"text-align: justify;\">Ahmet T\u00fcrk, bar\u0131\u015f\u0131n, karde\u015fli\u011fin, K\u00fcrt sorununun bar\u0131\u015f\u00e7\u0131l y\u00f6ntemlerle \u00e7\u00f6z\u00fcm\u00fcn\u00fcn tart\u0131\u015f\u0131ld\u0131\u011f\u0131 bir d\u00f6nemde, T\u00fcrkiye&#8217;de \u0131rk\u00e7\u0131, milliyet\u00e7i bir mant\u0131kla kar\u015f\u0131 kar\u015f\u0131ya olduklar\u0131n\u0131 \u00f6ne s\u00fcrd\u00fc.<\/p>\n<p style=\"text-align: justify;\"><strong><em>&#8220;K\u00fcrt halk\u0131-T\u00fcrk halk\u0131&#8230;&#8221; <\/em><\/strong><\/p>\n<p style=\"text-align: justify;\">&#8220;Bug\u00fcn iktidar partisine bakt\u0131\u011f\u0131m\u0131zda, sorunun \u00e7\u00f6z\u00fcm\u00fc ad\u0131na getirdiklerinin tamamen bo\u015f bir proje oldu\u011funu yava\u015f yava\u015f g\u00f6rmeye ba\u015flad\u0131k&#8221; iddias\u0131nda bulunan T\u00fcrk, &#8220;Bu konuda g\u00f6r\u00fc\u015flerimizi a\u00e7\u0131k bir \u015fekilde ortaya koyduk. Bar\u0131\u015fa &#8216;Evet&#8217;, karde\u015fli\u011fe &#8216;Evet&#8217;, \u00e7\u00f6z\u00fcme &#8216;Evet&#8217; ama tasfiyeye &#8216;Hay\u0131r&#8217; diyoruz. Tasfiye mant\u0131\u011f\u0131na &#8216;Hay\u0131r&#8217; diyoruz. Bu mant\u0131k, tamamen bir tasfiye mant\u0131\u011f\u0131d\u0131r. Biz ba\u015f\u0131ndan beri K\u00fcrtler olarak, bar\u0131\u015f\u0131 esas al\u0131yoruz. Bizim T\u00fcrkiye halk\u0131 ile bir sorunumuz yok. T\u00fcrk karde\u015flerimizle bir sorunumuz yok. Biz T\u00fcrk halk\u0131n\u0131n da \u00f6zg\u00fcrle\u015fmesini, demokrasiye kavu\u015fmas\u0131n\u0131 istiyoruz. K\u00fcrt halk\u0131n\u0131n talepleri, T\u00fcrk halk\u0131na zarar veren talepler de\u011fildir. Tam tersine T\u00fcrk halk\u0131n\u0131n daha da \u00f6zg\u00fcrle\u015fmesine ve demokrasiye kavu\u015fmas\u0131na dair taleplerdir&#8221; diye konu\u015ftu.<\/p>\n<p style=\"text-align: justify;\">DTP&#8217;nin sorunun \u00e7\u00f6z\u00fcm\u00fcn\u00fc sa\u011flamaya y\u00f6nelik her t\u00fcrl\u00fc \u00e7aban\u0131n i\u00e7in oldu\u011funu savunan T\u00fcrk, Abdullah \u00d6calan&#8217;a &#8220;Say\u0131n&#8221; diye hitap ederek PKK&#8217;n\u0131n ve \u00d6calan&#8217;\u0131n bu s\u00fcre\u00e7teki rollerinin yok say\u0131lmas\u0131yla sorunun \u00e7\u00f6z\u00fclmeyece\u011fini iddia etti.<\/p>\n<p style=\"text-align: justify;\">\u00d6nemli bir s\u00fcre\u00e7 i\u00e7inde olduklar\u0131n\u0131 ve bu s\u00fcrecin bar\u0131\u015fa \u00e7evrilmesi i\u00e7in \u00e7aba g\u00f6sterdiklerini, dua ettiklerini dile getiren T\u00fcrk, &#8220;Bin y\u0131ld\u0131r birlikte ya\u015fam\u0131\u015f, kader birli\u011fi yapm\u0131\u015f halklar\u0131n art\u0131k karde\u015f\u00e7e, \u00f6zg\u00fcrce ya\u015famas\u0131 i\u00e7in ko\u015fullar\u0131n yarat\u0131lmas\u0131 i\u00e7in \u00e7aba g\u00f6steriyoruz. Amac\u0131m\u0131z budur&#8221; dedi.<\/p>\n<p style=\"text-align: justify;\">Mitingde, DTP milletvekilleri Ak\u0131n Birdal, S\u0131rr\u0131 Sak\u0131k, \u00d6zdal \u00dc\u00e7er ve Sevahir Bay\u0131nd\u0131r da haz\u0131r bulundu.<\/p>\n<p style=\"text-align: justify;\"><strong><em>Turgutlu&#8217;da sert konu\u015ftu <\/em><\/strong><\/p>\n<p style=\"text-align: justify;\">Ahmet T\u00fcrk, Ayd\u0131n&#8217;daki ziyaretlerinin ard\u0131ndan, Manisa&#8217;ya ge\u00e7ti. Manisa&#8217;ya Turgutlu \u00fczerinden gelen T\u00fcrk ve baz\u0131 DTP milletvekillerini, il\u00e7e giri\u015finde partililer ara\u00e7 konvoyuyla kar\u015f\u0131lad\u0131.<\/p>\n<p style=\"text-align: justify;\">Manisa&#8217;ya kadar konvoyla devam eden partililer, daha sonra il i\u00e7inde Nurlup\u0131nar ve Horozk\u00f6y&#8217;de konvoy halinde tur att\u0131.<\/p>\n<p style=\"text-align: justify;\">Geni\u015f g\u00fcvenlik \u00f6nlemlerinin ald\u0131\u011f\u0131 turun ard\u0131ndan Ahmet T\u00fcrk ve beraberindekiler, Manisa il \u00f6rg\u00fct\u00fc taraf\u0131ndan d\u00fczenlenen toplant\u0131ya kat\u0131ld\u0131.<\/p>\n<p style=\"text-align: justify;\">DTP Genel Ba\u015fkan\u0131 T\u00fcrk, gazetecilere yapt\u0131\u011f\u0131 a\u00e7\u0131klamada, d\u00fcn \u0130zmir&#8217;de DTP konvoyunda ya\u015fanan olayla ilgili \u015funlar\u0131 s\u00f6yledi: &#8220;B\u00f6yle bir hassas d\u00f6nemde, gereken hassasiyeti g\u00f6stermemiz laz\u0131m. Tabi devlet g\u00fc\u00e7lerinin, polislerinin o alanda m\u00fcdahale etmemesi, orada \u00e7oluk, \u00e7ocuk, ya\u015fl\u0131, kad\u0131n demeden yap\u0131lan sald\u0131r\u0131lar\u0131, &#8216;\u00f6ld\u00fcr\u00fcn&#8217; diye ba\u011f\u0131rmalar\u0131na ra\u011fmen polisin suskun kalmas\u0131 ve polise &#8216;niye m\u00fcdahale etmiyorsun&#8217; diye oradaki insanlar tepki g\u00f6sterince m\u00fcdahale etmek. G\u00fcvenlik g\u00fc\u00e7leri, yani bu kadar gayri ciddi, bu kadar Demokratik Toplum Partisi&#8217;ne kar\u015f\u0131 adeta &#8216;derslerini als\u0131n&#8217; gibi bir mant\u0131kla yakla\u015f\u0131rlarsa, bu \u00fclkede karga\u015fan\u0131n do\u011fmas\u0131na neden olurlar. Bunu da \u00e7ok iyi bilsinler.&#8221;<\/p>\n<p style=\"text-align: justify;\">T\u00fcrk, partisinin Manisa Atat\u00fcrk Spor Salonu&#8217;nda d\u00fczenledi\u011fi toplant\u0131da, konu\u015fmas\u0131na K\u00fcrt\u00e7e ba\u015flad\u0131.<\/p>\n<p style=\"text-align: justify;\">T\u00fcrkiye Cumhuriyeti&#8217;nin kurulu\u015fundan bug\u00fcne kadar g\u00f6r\u00fclmemi\u015f derecede \u00f6nemli, \u00f6nemli oldu\u011fu kadar tehlikeli ve umutlu bir s\u00fcre\u00e7ten ge\u00e7ti\u011fini bildiren T\u00fcrk, T\u00fcrkiye&#8217;de ge\u00e7mi\u015fte K\u00fcrt ve farkl\u0131 kimliklerin inkar edildi\u011fini s\u00f6yledi.<\/p>\n<p style=\"text-align: justify;\">Ana dilde e\u011fitimin bir halk i\u00e7in vazge\u00e7ilmez bir talep oldu\u011funu kaydeden T\u00fcrk, &#8220;E\u011fer K\u00fcrt\u00e7e, bir e\u011fitim dili olmazsa, bu dilin kamusal alanda bir i\u015flevi olmazsa, bu dilin ya\u015fama, geli\u015fme \u015fans\u0131 var m\u0131d\u0131r? Yoktur&#8221; diye konu\u015ftu.<\/p>\n<p style=\"text-align: justify;\">T\u00fcrk, K\u00fcrtlerin bu \u00fclkede T\u00fcrk halk\u0131n\u0131n de\u011ferlerine kar\u015f\u0131 olmad\u0131\u011f\u0131n\u0131 belirterek, &#8220;\u00d6zg\u00fcrl\u00fck, var olma m\u00fccadelemiz halka kar\u015f\u0131 de\u011fil. Biz ba\u015f\u0131ndan beri halklar\u0131n karde\u015fli\u011fini savunuyoruz. Olumsuzluklar\u0131n ortadan kalkmas\u0131n\u0131 istiyoruz&#8221; dedi.<\/p>\n<p style=\"text-align: justify;\"><strong><em> &#8220;Kendimizi koruyabiliriz&#8221;<\/em><\/strong><\/p>\n<p style=\"text-align: justify;\">K\u00fcrt halk\u0131n\u0131n d\u00fc\u015f\u00fcncesini, iradesini yok sayarak, K\u00fcrt sorunun \u00e7\u00f6z\u00fclemeyece\u011fini kaydeden T\u00fcrk, sorun \u00e7\u00f6z\u00fclmek isteniyorsa, b\u00fct\u00fcn akt\u00f6rlerin g\u00f6r\u00fclmek zorunda oldu\u011funu kaydetti. &#8220;D\u00fcnyada hi\u00e7 bir sorun, muhataplar\u0131 d\u0131\u015flanarak \u00e7\u00f6z\u00fclmemi\u015f&#8221; diyen T\u00fcrk, DTP&#8217;nin halk\u0131n oylar\u0131yla parlamentoya geldi\u011fini, K\u00fcrt sorununun \u00e7\u00f6z\u00fcm\u00fc i\u00e7in muhatap oldu\u011funu s\u00f6yledi.<\/p>\n<p style=\"text-align: justify;\">\u0130zmir&#8217;de parti konvoyuna y\u00f6nelik giri\u015fime de de\u011finen T\u00fcrk, partilileri provokasyonlar konusunda uyard\u0131klar\u0131n\u0131 belirterek, &#8220;Bu sald\u0131r\u0131lar devam ederse, biz bunu kabul etmeyece\u011fiz. Biz T\u00fcrkiye&#8217;nin her yerinde kendimizi koruyabiliriz. Ama b\u00f6yle bir yol a\u00e7\u0131l\u0131rsa, bunun sonu nereye gider, bunu d\u00fc\u015f\u00fcnmek laz\u0131m. Yar\u0131n farkl\u0131 alanlarda, farkl\u0131 b\u00f6lgelerde di\u011fer liderler b\u00f6yle bir \u015feyle kar\u015f\u0131larsa ger\u00e7ekten \u00fcz\u00fcl\u00fcr\u00fcz. T\u00fcrkiye&#8217;de karde\u015f kavgas\u0131n\u0131 getirmi\u015f oluruz&#8221; diye konu\u015ftu.<\/p>\n<p style=\"text-align: justify;\">Herkesi hassas davranmaya \u00e7a\u011f\u0131ran T\u00fcrk, T\u00fcrkiye&#8217;nin geli\u015fmek ve de\u011fi\u015fmek zorunda oldu\u011funu ifade etti. T\u00fcrkiye&#8217;deki farkl\u0131 kimliklerin ve k\u00fclt\u00fcrlerin, bu \u00fclkenin zenginli\u011fi oldu\u011funu kaydeden T\u00fcrk, tarihi ger\u00e7eklerin ara\u015ft\u0131r\u0131lmas\u0131 gerekti\u011fini s\u00f6yledi.<\/p>\n<p style=\"text-align: justify;\">Ya\u015fananlar\u0131n a\u00e7\u0131\u011fa \u00e7\u0131kmas\u0131 i\u00e7in ger\u00e7ekleri ara\u015ft\u0131racak bir komisyonun olu\u015fturulmas\u0131 gerekti\u011fini de bildiren T\u00fcrk, &#8220;Elbette T\u00fcrkiye&#8217;de sa\u011fl\u0131kl\u0131 bir yakla\u015f\u0131m g\u00f6sterirsek, inan\u0131yorum ki bu sorun 3 ay i\u00e7inde \u00e7\u00f6z\u00fcl\u00fcr. 3 ay sonra da ger\u00e7ekten bu tart\u0131\u015fma ve \u015fiddet ortam\u0131, silahlar T\u00fcrkiye&#8217;nin g\u00fcndeminden kalkar. Bunu b\u00fct\u00fcn samimiyetimle s\u00f6yl\u00fcyorum. Bu \u00fclkede bar\u0131\u015f\u0131 isteyen tek partiyiz&#8221; diye konu\u015ftu.<\/p>\n<p style=\"text-align: justify;\"><span style=\"color: #888888;\">CNN T\u00dcRK<\/span><\/p>\n","protected":false},"excerpt":{"rendered":"<p style=\"text-align: justify;\">\n<p style=\"text-align: justify;\">DTP Genel Ba\u015fkan\u0131 Ahmet T\u00fcrk, &#8220;G\u00fcvenlik g\u00fc\u00e7leri, DTP&#8217;ye kar\u015f\u0131 adeta &#8216;derslerini als\u0131n&#8217; gibi bir mant\u0131kla yakla\u015f\u0131rlarsa, bu \u00fclkede karga\u015fan\u0131n do\u011fmas\u0131na neden olurlar&#8221; dedi. T\u00fcrk, &#8220;Bu sald\u0131r\u0131lar devam ederse, biz bunu kabul etmeyece\u011fiz. Biz T\u00fcrkiye&#8217;nin her yerinde kendimizi koruyabiliriz. Ama b\u00f6yle bir yol a\u00e7\u0131l\u0131rsa, bunun sonu nereye gider, bunu d\u00fc\u015f\u00fcnmek laz\u0131m&#8221; <\/p>\n","protected":false},"author":1,"featured_media":0,"comment_status":"open","ping_status":"closed","sticky":false,"template":"","format":"standard","meta":{"footnotes":""},"categories":[105],"tags":[],"class_list":["post-16801","post","type-post","status-publish","format-standard","hentry","category-gundem","odd"],"_links":{"self":[{"href":"http:\/\/www.korhanyilmaz.com\/index.php?rest_route=\/wp\/v2\/posts\/16801","targetHints":{"allow":["GET"]}}],"collection":[{"href":"http:\/\/www.korhanyilmaz.com\/index.php?rest_route=\/wp\/v2\/posts"}],"about":[{"href":"http:\/\/www.korhanyilmaz.com\/index.php?rest_route=\/wp\/v2\/types\/post"}],"author":[{"embeddable":true,"href":"http:\/\/www.korhanyilmaz.com\/index.php?rest_route=\/wp\/v2\/users\/1"}],"replies":[{"embeddable":true,"href":"http:\/\/www.korhanyilmaz.com\/index.php?rest_route=%2Fwp%2Fv2%2Fcomments&post=16801"}],"version-history":[{"count":0,"href":"http:\/\/www.korhanyilmaz.com\/index.php?rest_route=\/wp\/v2\/posts\/16801\/revisions"}],"wp:attachment":[{"href":"http:\/\/www.korhanyilmaz.com\/index.php?rest_route=%2Fwp%2Fv2%2Fmedia&parent=16801"}],"wp:term":[{"taxonomy":"category","embeddable":true,"href":"http:\/\/www.korhanyilmaz.com\/index.php?rest_route=%2Fwp%2Fv2%2Fcategories&post=16801"},{"taxonomy":"post_tag","embeddable":true,"href":"http:\/\/www.korhanyilmaz.com\/index.php?rest_route=%2Fwp%2Fv2%2Ftags&post=16801"}],"curies":[{"name":"wp","href":"https:\/\/api.w.org\/{rel}","templated":true}]}}