{"id":16797,"date":"2009-11-23T11:39:41","date_gmt":"2009-11-23T09:39:41","guid":{"rendered":"http:\/\/www.korhanyilmaz.com\/?p=16797"},"modified":"2009-11-23T11:39:41","modified_gmt":"2009-11-23T09:39:41","slug":"imaj-hizla-karariyor","status":"publish","type":"post","link":"http:\/\/www.korhanyilmaz.com\/?p=16797","title":{"rendered":"&#039;\u0130maj h\u0131zla karar\u0131yor&#039;"},"content":{"rendered":"<p style=\"text-align: center;\"><a href=\"http:\/\/www.korhanyilmaz.com\/wp-content\/uploads\/2009\/11\/imaj.jpg\"  class=\"lightview\"><img loading=\"lazy\" decoding=\"async\" class=\"aligncenter size-full wp-image-16798\" src=\"http:\/\/www.korhanyilmaz.com\/wp-content\/uploads\/2009\/11\/imaj.jpg\" alt=\"\" width=\"329\" height=\"210\" \/><\/a><\/p>\n<p style=\"text-align: justify;\">Washington Post gazetesi, T\u00fcrk h\u00fck\u00fcmetinin baz\u0131 politikalar\u0131na a\u011f\u0131r ele\u015ftirilere y\u00f6nelten yabanc\u0131 medya organlar\u0131na kat\u0131ld\u0131. Gazete, yay\u0131mland\u0131\u011f\u0131 ba\u015fyaz\u0131s\u0131nda Ba\u015fbakan Recep Tayyip Erdo\u011fan\u2019\u0131n \u201csiyasette epik bir liberalle\u015fmenin kahraman\u0131\u201d oldu\u011funu belirtmekle birlikte, \u201cH\u00fck\u00fcmetin demokratik ilkelere ba\u011fl\u0131l\u0131\u011f\u0131 sallant\u0131da g\u00f6z\u00fckt\u00fc\u011f\u00fc\u201d iddias\u0131na da yer verdi. <!--more-->Gazete \u201cSay\u0131n Erdo\u011fan ve partisi, bir zamanlar Washington\u2019da bir\u00e7ok ki\u015fi taraf\u0131ndan dindar M\u00fcsl\u00fcmanlar\u0131n nas\u0131l demokratik siyaseti uygulayabilece\u011finin bir modeli gibi g\u00f6r\u00fcn\u00fcyordu. Bu imaj h\u0131zla karar\u0131yor. Tamamen yok olmamas\u0131 i\u00e7in Say\u0131n Erdo\u011fan, M\u00fcsl\u00fcman diktat\u00f6rlerine itina g\u00f6stermekten vazge\u00e7meli ve onlar\u0131n i\u00e7 muhalefeti susturma uygulamalar\u0131n\u0131 takip etmeye son vermeli\u201d diye yazd\u0131.<\/p>\n<p style=\"text-align: justify;\">Washington Post gazetesi, T\u00fcrk h\u00fck\u00fcmetinin baz\u0131 politikalar\u0131na dikkat \u00e7ekti\u011fi ba\u015fyaz\u0131s\u0131nda \u201c\u0130slamc\u0131 bir h\u00fck\u00fcmetin demokratik ilkelere ba\u011fl\u0131l\u0131\u011f\u0131 sallant\u0131da g\u00f6z\u00fck\u00fcyor\u201d spotunu kulland\u0131. Ba\u015fbakan Recep Tayyip Erdo\u011fan\u2019\u0131n T\u00fcrkiye\u2019de siyasette \u201cepik bir liberalle\u015fmenin kahraman\u0131\u201d oldu\u011funu belirten gazete, bu \u00e7er\u00e7evede AKP\u2019nin, \u201ckendisini iktidardan uzakla\u015ft\u0131rmaya y\u00f6nelik, askerler ve mahkemelerin giri\u015fimlerini bertaraf etti\u011fi, Erdo\u011fan\u2019\u0131n T\u00fcrkiye\u2019deki K\u00fcrt az\u0131nl\u0131\u011f\u0131na yap\u0131lan muameleye ili\u015fkin tarihi reformlar\u0131 hayata ge\u00e7irmeye \u00e7al\u0131\u015ft\u0131\u011f\u0131n\u0131 ve bir s\u00fcre \u00f6nce Ermenistan ile s\u0131n\u0131r\u0131n a\u00e7\u0131lmas\u0131 y\u00f6n\u00fcnde b\u00fcy\u00fck bir ad\u0131m att\u0131\u011f\u0131\u201dn\u0131 kaydetti.<\/p>\n<p style=\"text-align: justify;\">Buna kar\u015f\u0131n Erdo\u011fan\u2019\u0131n \u201cdemokratik ilkeler ve Avrupa de\u011ferlerine ba\u011fl\u0131l\u0131\u011f\u0131n\u0131n tam olmaktan uzak oldu\u011funun\u201d giderek daha iyi anla\u015f\u0131ld\u0131\u011f\u0131n\u0131 \u00f6ne s\u00fcren gazete, T\u00fcrkiye\u2019nin AB \u00fcyeli\u011fi olas\u0131l\u0131\u011f\u0131n\u0131n azal\u0131rken T\u00fcrk h\u00fck\u00fcmetinin d\u0131\u015f politikas\u0131n\u0131n \u201c\u00e7irkin\u201d bir y\u00f6n\u00fc ald\u0131\u011f\u0131n\u0131 \u00f6ne s\u00fcrd\u00fc. Gazete \u015f\u00f6yle devam etti:<\/p>\n<p style=\"text-align: justify;\">\u201c\u0130srail\u2019e y\u00f6nelik sert ele\u015ftirilere, \u0130ran, Suriye ve Sudan\u2019\u0131n su\u00e7lu y\u00f6neticileri ile giderek artan bir samimiyet e\u015flik ediyor. Say\u0131n Erdo\u011fan, bir s\u00fcre \u00f6nce, Darfur\u2019daki sava\u015f su\u00e7lar\u0131 nedeniyle hakk\u0131nda dava a\u00e7\u0131lan Sudan Cumhurba\u015fkan\u0131 \u00d6mer El Be\u015fir\u2019in, \u2018Bir M\u00fcsl\u00fcman asla soyk\u0131r\u0131m yapamayaca\u011f\u0131\u2019 i\u00e7in T\u00fcrkiye\u2019de ho\u015f kar\u015f\u0131lanaca\u011f\u0131n\u0131 s\u00f6ylemi\u015fti.\u201d<\/p>\n<p style=\"text-align: justify;\"><strong><em>\u201cT\u00dcRK MEDYASINA MUAMELE DAHA DA KAYGI VER\u0130C\u0130\u201d <\/em><\/strong><\/p>\n<p style=\"text-align: justify;\">Washington Post, Ba\u015fbakan Erdo\u011fan\u2019\u0131n \u201cT\u00fcrk medyas\u0131na yapt\u0131\u011f\u0131 muamelenin daha da kayg\u0131 verici oldu\u011fu\u201d g\u00f6r\u00fc\u015f\u00fcne yer verdi\u011fi ba\u015fyaz\u0131s\u0131nda Do\u011fan Yay\u0131n\u2019a getirilen vergi cezas\u0131na dikkat \u00e7ekerek \u201c\u015eimdi h\u00fck\u00fcmet, T\u00fcrkiye\u2019nin en b\u00fcy\u00fck medya \u015firketi Do\u011fan Yay\u0131n\u2019\u0131 yok etmeye \u00e7al\u0131\u015f\u0131yor\u201d diye yazd\u0131.<\/p>\n<p style=\"text-align: justify;\">Ba\u015fbakan Erdo\u011fan\u2019\u0131n, vergi cezas\u0131n\u0131n \u201cteknik bir mesele\u201d oldu\u011funu s\u00f6yledi\u011fine de i\u015faret eden gazete, Erdo\u011fan\u2019\u0131n, \u201cAl Capone\u201d benzetmesinin asl\u0131nda \u201ca\u00e7\u0131klay\u0131c\u0131\u201d oldu\u011funu belirterek \u201cSay\u0131n Erdo\u011fan a\u00e7\u0131s\u0131ndan ger\u00e7ek sorun \u015firketin iddia edilen vergi ka\u00e7ak\u00e7\u0131l\u0131\u011f\u0131 de\u011fil, h\u00fck\u00fcmete ili\u015fkin sert habercili\u011fi\u201d ifadesini kulland\u0131.<\/p>\n<p style=\"text-align: justify;\">Ba\u015fyaz\u0131s\u0131nda \u201cT\u00fcrk gazetecilerinin de, sekt\u00f6rde korku ya\u015fand\u0131\u011f\u0131n\u0131 s\u00f6yledikleri, edit\u00f6rlerin sans\u00fcr uygulad\u0131\u011f\u0131, bir\u00e7ok gazetecinin son y\u0131llarda h\u00fck\u00fcmet\u00e7e dinlenen 100 binden fazla ki\u015fi aras\u0131nda oldu\u011fu san\u0131ld\u0131\u011f\u0131\u201d gibi savlar\u0131n da yans\u0131d\u0131ktan sonra \u015f\u00f6yle denildi:<\/p>\n<p style=\"text-align: justify;\">\u201cSay\u0131n Erdo\u011fan ve partisi, bir zamanlar Washington\u2019da bir\u00e7ok ki\u015fi taraf\u0131ndan dindar M\u00fcsl\u00fcmanlar\u0131n nas\u0131l demokratik siyaseti uygulayabilece\u011finin bir modeli gibi g\u00f6r\u00fcn\u00fcyordu. Bu imaj h\u0131zla karar\u0131yor. Tamamen yok olmamas\u0131 i\u00e7in Say\u0131n Erdo\u011fan, M\u00fcsl\u00fcman diktat\u00f6rlerine itina g\u00f6stermekten vazge\u00e7meli ve onlar\u0131n i\u00e7 muhalefeti susturma uygulamalar\u0131n\u0131 takip etmeye son vermeli.<\/p>\n<p style=\"text-align: justify;\"><span style=\"color: #888888;\">VATAN<\/span><\/p>\n","protected":false},"excerpt":{"rendered":"<p style=\"text-align: center;\">\n<p style=\"text-align: justify;\">Washington Post gazetesi, T\u00fcrk h\u00fck\u00fcmetinin baz\u0131 politikalar\u0131na a\u011f\u0131r ele\u015ftirilere y\u00f6nelten yabanc\u0131 medya organlar\u0131na kat\u0131ld\u0131. Gazete, yay\u0131mland\u0131\u011f\u0131 ba\u015fyaz\u0131s\u0131nda Ba\u015fbakan Recep Tayyip Erdo\u011fan\u2019\u0131n \u201csiyasette epik bir liberalle\u015fmenin kahraman\u0131\u201d oldu\u011funu belirtmekle birlikte, \u201cH\u00fck\u00fcmetin demokratik ilkelere ba\u011fl\u0131l\u0131\u011f\u0131 sallant\u0131da g\u00f6z\u00fckt\u00fc\u011f\u00fc\u201d iddias\u0131na da yer verdi. <\/p>\n","protected":false},"author":1,"featured_media":0,"comment_status":"open","ping_status":"closed","sticky":false,"template":"","format":"standard","meta":{"footnotes":""},"categories":[105],"tags":[],"class_list":["post-16797","post","type-post","status-publish","format-standard","hentry","category-gundem","odd"],"_links":{"self":[{"href":"http:\/\/www.korhanyilmaz.com\/index.php?rest_route=\/wp\/v2\/posts\/16797","targetHints":{"allow":["GET"]}}],"collection":[{"href":"http:\/\/www.korhanyilmaz.com\/index.php?rest_route=\/wp\/v2\/posts"}],"about":[{"href":"http:\/\/www.korhanyilmaz.com\/index.php?rest_route=\/wp\/v2\/types\/post"}],"author":[{"embeddable":true,"href":"http:\/\/www.korhanyilmaz.com\/index.php?rest_route=\/wp\/v2\/users\/1"}],"replies":[{"embeddable":true,"href":"http:\/\/www.korhanyilmaz.com\/index.php?rest_route=%2Fwp%2Fv2%2Fcomments&post=16797"}],"version-history":[{"count":0,"href":"http:\/\/www.korhanyilmaz.com\/index.php?rest_route=\/wp\/v2\/posts\/16797\/revisions"}],"wp:attachment":[{"href":"http:\/\/www.korhanyilmaz.com\/index.php?rest_route=%2Fwp%2Fv2%2Fmedia&parent=16797"}],"wp:term":[{"taxonomy":"category","embeddable":true,"href":"http:\/\/www.korhanyilmaz.com\/index.php?rest_route=%2Fwp%2Fv2%2Fcategories&post=16797"},{"taxonomy":"post_tag","embeddable":true,"href":"http:\/\/www.korhanyilmaz.com\/index.php?rest_route=%2Fwp%2Fv2%2Ftags&post=16797"}],"curies":[{"name":"wp","href":"https:\/\/api.w.org\/{rel}","templated":true}]}}