{"id":16793,"date":"2009-11-23T09:31:41","date_gmt":"2009-11-23T07:31:41","guid":{"rendered":"http:\/\/www.korhanyilmaz.com\/?p=16793"},"modified":"2009-11-23T09:31:41","modified_gmt":"2009-11-23T07:31:41","slug":"adalet-bakani-ergin-de-dinlenmis","status":"publish","type":"post","link":"http:\/\/www.korhanyilmaz.com\/?p=16793","title":{"rendered":"Adalet Bakan\u0131 Ergin de dinlenmi\u015f"},"content":{"rendered":"<p style=\"text-align: center;\"><a href=\"http:\/\/www.korhanyilmaz.com\/wp-content\/uploads\/2009\/11\/ergin1.jpg\"  class=\"lightview\"><img loading=\"lazy\" decoding=\"async\" class=\"aligncenter size-full wp-image-16794\" src=\"http:\/\/www.korhanyilmaz.com\/wp-content\/uploads\/2009\/11\/ergin1.jpg\" alt=\"\" width=\"307\" height=\"236\" \/><\/a><\/p>\n<p style=\"text-align: justify;\">Adalet Bakan\u0131 Sadullah Ergin, il ba\u015fkan\u0131yken ortam dinlemesi ma\u011fduru olmu\u015f. Bir ABD&#8217;li ile yapt\u0131\u011f\u0131 g\u00f6r\u00fc\u015fmesi kaydedilen Ergin, &#8221;\u015eimdi anl\u0131yorum ki vasat bir teknolojiyle yap\u0131lamazm\u0131\u015f&#8221; diyor.<\/p>\n<p style=\"text-align: justify;\">Yarg\u0131 kararlar\u0131yla yap\u0131lmas\u0131na ra\u011fmen tart\u0131\u015fma yaratan telefon dinlemelerini son d\u00f6nemde savunmak durumunda kalan Adalet Bakan\u0131 Ergin de bir dinleme ma\u011fduru.<!--more--><\/p>\n<p style=\"text-align: justify;\"><strong><em>\u0130\u015fte Milliyet gazetesinde yer alan Asl\u0131 Ayd\u0131nta\u015fba\u015f imzal\u0131 haberin ayr\u0131nt\u0131lar\u0131&#8230; <\/em><\/strong><\/p>\n<p style=\"text-align: justify;\">\u0130ngiliz Economist dergisine r\u00f6portaj veren esrarengiz bakan\u0131n cep telefonunun pilini \u00e7\u0131karmas\u0131na \u015fa\u015fmad\u0131m. Ankara\u2019da ya\u015fayanlar bilir. Son d\u00f6nemde neredeyse t\u00fcm bakan, \u00fcst d\u00fczey b\u00fcrokrat ve komutanlar dinlendikleri varsay\u0131m\u0131yla hareket ediyor; hatta baz\u0131lar\u0131 ortam dinlemesine kar\u015f\u0131 temaslar\u0131n\u0131 \u2018makam d\u0131\u015f\u0131nda\u2019 yapmay\u0131 tercih ediyor. Muhtemelen de dinleniyorlar.<\/p>\n<p style=\"text-align: justify;\">Beni as\u0131l \u015fa\u015f\u0131rtan, telefon dinleme ve yarg\u0131da telekulak tart\u0131\u015fmalar\u0131n\u0131 savunmak zorunda kalan ismin, Adalet Bakan\u0131 Sadulah Ergin olmas\u0131. Tabii bunlar do\u011frudan bakanl\u0131\u011f\u0131n ilgi alan\u0131na giren konular. Bakan da mecburen kriz y\u00f6netimi yap\u0131yor, \u00e7\u0131k\u0131p prosed\u00fcr\u00fc anlat\u0131yor, yarg\u0131daki dinleme skandal\u0131na kar\u015f\u0131 bakanl\u0131\u011f\u0131n\u0131 savunmaya \u00e7al\u0131\u015f\u0131yor.<\/p>\n<p style=\"text-align: justify;\"><strong><em>D\u00fczelmi\u015f de\u011fil <\/em><\/strong><\/p>\n<p style=\"text-align: justify;\">Bunu yaparken de \u2018T\u0130B son \u00fc\u00e7 y\u0131lda 113 bin ki\u015fiyi dinledi\u2019 gibi bilgilerle T\u00fcrkiye\u2019de telekulak sorununun d\u00fczelmi\u015f de\u011fil sadece \u2018kay\u0131t alt\u0131na al\u0131nm\u0131\u015f\u2019 oldu\u011fu ger\u00e7e\u011fini g\u00f6zler \u00f6n\u00fcne seriyor.<\/p>\n<p style=\"text-align: justify;\">\u0130\u015fte kafam burada kar\u0131\u015f\u0131yor. Bug\u00fcn telekula\u011f\u0131 savunmak durumunda kalan Sadullah Ergin\u2019i, 4 y\u0131l \u00f6nce AK Parti grup ba\u015fkan vekili olarak telefon dinlemelerine direnen, Meclis\u2019teki dinlemeleri zorla\u015ft\u0131rmak i\u00e7in \u00e7\u0131rp\u0131nan AK Parti grup ba\u015fkan vekili Sadullah Ergin\u2019le ba\u011fda\u015ft\u0131ram\u0131yorum.<\/p>\n<p style=\"text-align: justify;\">Tan\u0131mayanlar inanmayabilir ama gen\u00e7 ku\u015fak muhafazak\u00e2r siyaset\u00e7ilerden Sadullah Ergin, asl\u0131nda partisinin insan haklar\u0131nda en duyarl\u0131 isimlerinden. Kafamdaki Ergin imaj\u0131, 2005\u2019te T\u00fcrk Ceza Kanunu Meclis\u2019te yeniden d\u00fczenlenirken, ba\u015fta telefon dinlemeler olmak \u00fczere birey haklar\u0131n\u0131n k\u0131s\u0131tlanmas\u0131na direnen, komisyon ve grupta bu konuda tav\u0131r koyan gen\u00e7 siyaset\u00e7i imaj\u0131. O d\u00f6nem ba\u015fta emniyet olmak \u00fczere g\u00fcvenlik birimleri AB normlar\u0131 \u00e7er\u00e7evesinde kendilerine getirilmek istenen k\u0131s\u0131tlamalara kar\u015f\u0131 kuvvetli bir lobi \u00e7al\u0131\u015fmas\u0131 y\u00fcr\u00fct\u00fcyor, y\u0131llard\u0131r kulland\u0131klar\u0131 haklardan feragat etmek istemiyordu. \u00d6nleyici istihbarat, ter\u00f6rle m\u00fccadele gibi konularda istisnalar istiyorlard\u0131.<\/p>\n<p style=\"text-align: justify;\">O d\u00f6nem Sadullah Ergin\u2019le laflarken, telefon dinlemeleri konusunda emniyete niye istisna tan\u0131nmamas\u0131 gerekti\u011fini a\u00e7\u0131klamak i\u00e7in ba\u015f\u0131ndan ge\u00e7en ilgin\u00e7 bir olay\u0131 anlatm\u0131\u015ft\u0131. AKP\u2019nin kurulu\u015fundan k\u0131sa bir zaman sonra ABD\u2019nin Adana Ba\u015fkonsoloslu\u011fu\u2019ndan bir yetkili Hatay il ba\u015fkan\u0131 olan Ergin\u2019i ziyaret etmi\u015f. Buraya kadar normal \u00e7\u00fcnk\u00fc yabanc\u0131 diplomatlar zaman zaman siyasi partilerle g\u00f6r\u00fc\u015f\u00fcr, o d\u00f6nem de AKP konusunda \u00f6zel bir merak vard\u0131. Ergin g\u00f6r\u00fc\u015fmeyi partideki makam\u0131nda yapm\u0131\u015f. Amerikal\u0131 kap\u0131dan \u00e7\u0131kar \u00e7\u0131kmaz, masas\u0131ndaki telefon \u00e7alm\u0131\u015f. Ahizeyi kald\u0131r\u0131nca, bir anda donmu\u015f. Telefonda birileri ona son bir saattir Amerikal\u0131yla yapt\u0131\u011f\u0131 g\u00f6r\u00fc\u015fmenin band\u0131n\u0131 dinletiyormu\u015f. Adalet Bakan\u0131, kendi sesini ve diyaloglar\u0131 oldu\u011fu gibi duymu\u015f. T\u00fcrler \u00fcrperten bir hik\u00e2ye.<\/p>\n<p style=\"text-align: justify;\"><strong><em>\u0130steksizdi <\/em><\/strong><\/p>\n<p style=\"text-align: justify;\">Birka\u00e7 g\u00fcn \u00f6nce Adalet Bakan\u0131\u2019n\u0131 arad\u0131m ve bu olay\u0131 yazmak istedi\u011fimi s\u00f6yledim. \u0130steksizdi. Bu zamana kadar dinleme ma\u011fduru oldu\u011funu kamuoyuna anlatmam\u0131\u015ft\u0131; olay\u0131n ba\u015fka yerlere \u00e7ekilmesinden korkuyordu. Ama beni k\u0131rmad\u0131. \u201cOrtam dinlemesi olabilir. \u015eimdi anl\u0131yorum ki vasat bir teknolojiyle olacak bir \u015fey de\u011fil. Telefonda 3-5 dakika kendi konu\u015fmalar\u0131m\u0131 dinledim.\u201d Bakana dinlemeyi kimin yapm\u0131\u015f olabilece\u011fini soruyorum. Cevab\u0131 ilgin\u00e7. \u201cDost bir kuvvet bizi uyard\u0131 diye d\u00fc\u015f\u00fcn\u00fcyorum. Dinleniyorsun diye. Ba\u015fka t\u00fcrl\u00fc nas\u0131l olur\u201d<\/p>\n<p style=\"text-align: justify;\">Sadullah Ergin, bug\u00fcn her \u015feye ra\u011fmen dinlemelerin ge\u00e7mi\u015fe k\u0131yasla daha az ve yasal bir noktaya geldi\u011fini, medyadaki son tart\u0131\u015fmalara ra\u011fmen T\u00fcrkiye\u2019de keyfi dinlemelere bir denetim geldi\u011fini s\u00f6yl\u00fcyor. \u201cYeterli mi? De\u011fil. \u0130stismar ya da hatalar tabii var\u201d diyor, eski bir dinleme ma\u011fduru olarak&#8230;<\/p>\n<p style=\"text-align: justify;\"><strong><em>H\u00fck\u00fcmette k\u0131r\u0131lma noktas\u0131 <\/em><\/strong><\/p>\n<p style=\"text-align: justify;\">Yarg\u0131daki telekulak iddialar\u0131, T\u00fcrkiye\u2019de bir d\u00f6n\u00fcm noktas\u0131 oldu. Ba\u015fbakan Tayyip Erdo\u011fan\u2019\u0131n cumartesi g\u00fcnk\u00fc K\u0131z\u0131lcahamam konu\u015fmas\u0131ndan sonra h\u00fck\u00fcmet telefon dinlemeleri konusunda daha hassas olacakt\u0131r. Erdo\u011fan\u2019\u0131n elinde dinlemeler ve \u2018dinleyenler\u2019le ilgili nas\u0131l bilgilerin oldu\u011funu bilmiyoruz. Ancak K\u0131z\u0131lcahamam\u2019daki \u201cAtabilece\u011fimiz en ileri ad\u0131m\u0131 ataca\u011f\u0131z. Biz insanlar\u0131n mahkeme karar\u0131 olmaks\u0131z\u0131n dinlenmesini sayg\u0131s\u0131zl\u0131k olarak g\u00f6r\u00fcyoruz. Gere\u011fi de neyse bunu yapmak i\u00e7in yasal d\u00fczenlemeleri yapmay\u0131 bir g\u00f6rev kabul ediyoruz\u201d s\u00f6zlerini yabana atmamak laz\u0131m.<\/p>\n<p style=\"text-align: justify;\">Ger\u00e7ek \u015fu ki, \u015fu zamana kadar iktidarda telefon dinlemelerine kar\u015f\u0131 belli bir tolerans vard\u0131. Dinlemelerle ilgili \u00f6ne s\u00fcr\u00fclen arg\u00fcman, bu \u015fekilde elde edilen bilgilerin suikast ve benzeri \u2018derin\u2019 eylemleri \u00f6nledi\u011fi, asker i\u00e7inde h\u00fck\u00fcmete kar\u015f\u0131 illegal yap\u0131lanmalar\u0131 \u00e7\u00f6zd\u00fc\u011f\u00fc yolundayd\u0131. Bir\u00e7ok AK Partili \u2018Allah\u2019a \u015f\u00fck\u00fcr darbeyi \u00f6nl\u00fcyorlar\u2019 diye bak\u0131yordu dinlemelere&#8230;<\/p>\n<p style=\"text-align: justify;\"><strong><em>Sorumluluk Ba\u015fbakan\u2019da <\/em><\/strong><\/p>\n<p style=\"text-align: justify;\">Ancak son haftalarda yarg\u0131daki telekulak skandal\u0131, \u2018korku toplumu\u2019 alg\u0131s\u0131 ve dinleme yapan \u00e7evrelerin Taraf gibi yay\u0131nlar\u0131 kullanarak yaratt\u0131\u011f\u0131 medya f\u0131rt\u0131nas\u0131, h\u00fck\u00fcmette de rahats\u0131zl\u0131k yaratt\u0131. Baz\u0131 soru i\u015faretleri belirdi. Dinlemeler sayesinde gelen istihbarat ne \u00f6l\u00e7\u00fcde sa\u011fl\u0131kl\u0131? Neden hep kaos yarat\u0131l\u0131yor? Medyaya s\u0131zd\u0131rmalar hangi amaca y\u00f6nelik?<\/p>\n<p style=\"text-align: justify;\">Ger\u00e7ek \u015fu ki, dinlemeler (ve dinleyenler) yasal bir k\u0131l\u0131fa sokulsa dahi, h\u00e2l\u00e2 normal bir demokrasiyle ba\u011fda\u015fmayacak \u00f6l\u00e7\u00fcde kontrols\u00fcz. Son d\u00f6nemde yarat\u0131lan kaos, yaln\u0131z TSK ve emniyet gibi kurumlar\u0131 de\u011fil h\u00fck\u00fcmeti de do\u011frudan y\u0131prat\u0131yor. Bu kutupla\u015fma ve b\u00f6l\u00fcnm\u00fc\u015fl\u00fckten kimsenin k\u00e2rl\u0131 \u00e7\u0131kmayaca\u011f\u0131 ortada.<\/p>\n<p style=\"text-align: justify;\">\u00dcstelik g\u00fcn\u00fcn sonunda siyasi sorumluluk, isimsiz b\u00fcrokratlarda de\u011fil Ba\u015fbakan\u2019\u0131n kendisinde. Bu y\u00fczden bundan sonra bu konuda \u00e7ok daha hassas olacakt\u0131r.<\/p>\n<p style=\"text-align: justify;\"><strong><em>Ergenekon\u2019a bak\u0131\u015f de\u011fi\u015fiyor <\/em><\/strong><\/p>\n<p style=\"text-align: justify;\">Bu hafta, bir \u00fcniversitenin davetlisi olarak birka\u00e7 g\u00fcnl\u00fc\u011f\u00fcne Washington\u2019dayd\u0131m. F\u0131rsat bu f\u0131rsat, biraz da gazetecilik yapt\u0131m, nab\u0131z tuttum. Obama y\u00f6netimi genel olarak T\u00fcrkiye de\u011fil, Afganistan\u2019da, \u0130ran\u2019da kendi derdine d\u00fc\u015fm\u00fc\u015f durumda. Hen\u00fcz d\u0131\u015f politikada r\u00fc\u015ft\u00fcn\u00fc ispat edememi\u015f, somut bir i\u015f yapamam\u0131\u015f olman\u0131n s\u0131k\u0131nt\u0131s\u0131 var.<\/p>\n<p style=\"text-align: justify;\">Ancak T\u00fcrkiye konusunda alg\u0131n\u0131n h\u0131zla de\u011fi\u015fti\u011fini g\u00f6rd\u00fcm. G\u00f6r\u00fc\u015ft\u00fc\u011f\u00fcm herkes bana d\u00f6n\u00fcp dola\u015f\u0131p telefon dinlemeleri, Ergenekon ve ifade \u00f6zg\u00fcrl\u00fc\u011f\u00fcn\u00fc sordu. Beyaz Saray\u2019\u0131n Ankara\u2019yla ili\u015fkileri a\u00e7\u0131s\u0131ndan bir s\u0131k\u0131nt\u0131 yok. Erdo\u011fan\u2019\u0131n Washington ziyareti, daha \u00f6nceki geziler gibi tozpembe ge\u00e7ecektir.<\/p>\n<p style=\"text-align: justify;\"><strong><em>ABD g\u00f6r\u00fc\u015f\u00fc de\u011fi\u015fti <\/em><\/strong><\/p>\n<p style=\"text-align: justify;\">Ancak genel anlamda d\u00fc\u015f\u00fcnce kurulu\u015flar\u0131 ve kamuoyunda T\u00fcrkiye\u2019nin daha Do\u011fu\u2019ya d\u00f6n\u00fck, hatta Amerikal\u0131lar\u0131n deyimiyle daha \u2018otoriter\u2019 bir \u00fclke oldu\u011fu alg\u0131s\u0131 yayg\u0131n.<\/p>\n<p style=\"text-align: justify;\">Bu arada ge\u00e7en hafta Washington\u2019da bir dizi konferans veren gazeteci Gareth Jenkins sayesinde Amerikal\u0131lar\u0131n Ergenekon\u2019a bak\u0131\u015f\u0131 da 180 derece de\u011fi\u015fmi\u015f. 20 y\u0131ld\u0131r T\u00fcrkiye\u2019de ya\u015fayan Jenkins, birka\u00e7 ay \u00f6nce yazd\u0131\u011f\u0131 bir raporda Ergenekon davas\u0131ndaki hukuki hata ve tutars\u0131zl\u0131klar\u0131 inceleyerek davay\u0131 \u2018Ger\u00e7ek ve fantezi aras\u0131\u2019 diye nitelendirmi\u015fti.<\/p>\n<p style=\"text-align: justify;\">Amerikal\u0131lar ve genel anlamda d\u0131\u015f d\u00fcnya, ba\u015f\u0131ndan beri Ergenekon davas\u0131yla ilgili bir kafa kar\u0131\u015f\u0131kl\u0131\u011f\u0131 i\u00e7indeydi. Jenkins bir\u00e7ok ki\u015finin yapmad\u0131\u011f\u0131n\u0131 yapm\u0131\u015f, 6 bin sayfal\u0131k iddianameyi sat\u0131r sat\u0131r incelemi\u015f.<\/p>\n<p style=\"text-align: justify;\">G\u00f6rd\u00fcm ki Jenkins\u2019in tek ba\u015f\u0131na hem Kongre hem de Johns Hopkins \u00dcniversitesi\u2019nde yapt\u0131\u011f\u0131 sunumlar \u00e7ok etkili olmu\u015f. Amerikal\u0131lar art\u0131k Ergenekon davas\u0131na bir y\u0131l \u00f6nceki gibi de\u011fil, ciddi \u015f\u00fcpheyle bak\u0131yor. \u0130ngiliz gazetecinin tezi, Ergenekon diye tam te\u015fekk\u00fcll\u00fc bir \u00f6rg\u00fct olmad\u0131\u011f\u0131, bunun laik elit ve belli bir kesim aras\u0131nda bir hesapla\u015fma oldu\u011fu, \u00f6zensiz iddianameler nedeniyle kurunun yan\u0131nda ya\u015f da yand\u0131\u011f\u0131.<\/p>\n<p style=\"text-align: justify;\"><span style=\"color: #888888;\">CNN T\u00dcRK<\/span><\/p>\n","protected":false},"excerpt":{"rendered":"<p style=\"text-align: center;\">\n<p style=\"text-align: justify;\">Adalet Bakan\u0131 Sadullah Ergin, il ba\u015fkan\u0131yken ortam dinlemesi ma\u011fduru olmu\u015f. Bir ABD&#8217;li ile yapt\u0131\u011f\u0131 g\u00f6r\u00fc\u015fmesi kaydedilen Ergin, &#8221;\u015eimdi anl\u0131yorum ki vasat bir teknolojiyle yap\u0131lamazm\u0131\u015f&#8221; diyor.<\/p>\n<p style=\"text-align: justify;\">Yarg\u0131 kararlar\u0131yla yap\u0131lmas\u0131na ra\u011fmen tart\u0131\u015fma yaratan telefon dinlemelerini son d\u00f6nemde savunmak durumunda kalan Adalet Bakan\u0131 Ergin de bir dinleme ma\u011fduru.<\/p>\n","protected":false},"author":1,"featured_media":0,"comment_status":"open","ping_status":"closed","sticky":false,"template":"","format":"standard","meta":{"footnotes":""},"categories":[105],"tags":[],"class_list":["post-16793","post","type-post","status-publish","format-standard","hentry","category-gundem","odd"],"_links":{"self":[{"href":"http:\/\/www.korhanyilmaz.com\/index.php?rest_route=\/wp\/v2\/posts\/16793","targetHints":{"allow":["GET"]}}],"collection":[{"href":"http:\/\/www.korhanyilmaz.com\/index.php?rest_route=\/wp\/v2\/posts"}],"about":[{"href":"http:\/\/www.korhanyilmaz.com\/index.php?rest_route=\/wp\/v2\/types\/post"}],"author":[{"embeddable":true,"href":"http:\/\/www.korhanyilmaz.com\/index.php?rest_route=\/wp\/v2\/users\/1"}],"replies":[{"embeddable":true,"href":"http:\/\/www.korhanyilmaz.com\/index.php?rest_route=%2Fwp%2Fv2%2Fcomments&post=16793"}],"version-history":[{"count":0,"href":"http:\/\/www.korhanyilmaz.com\/index.php?rest_route=\/wp\/v2\/posts\/16793\/revisions"}],"wp:attachment":[{"href":"http:\/\/www.korhanyilmaz.com\/index.php?rest_route=%2Fwp%2Fv2%2Fmedia&parent=16793"}],"wp:term":[{"taxonomy":"category","embeddable":true,"href":"http:\/\/www.korhanyilmaz.com\/index.php?rest_route=%2Fwp%2Fv2%2Fcategories&post=16793"},{"taxonomy":"post_tag","embeddable":true,"href":"http:\/\/www.korhanyilmaz.com\/index.php?rest_route=%2Fwp%2Fv2%2Ftags&post=16793"}],"curies":[{"name":"wp","href":"https:\/\/api.w.org\/{rel}","templated":true}]}}