{"id":16787,"date":"2009-11-19T18:14:44","date_gmt":"2009-11-19T16:14:44","guid":{"rendered":"http:\/\/www.korhanyilmaz.com\/?p=16787"},"modified":"2009-11-19T18:14:44","modified_gmt":"2009-11-19T16:14:44","slug":"telekulak-cumhuriyeti","status":"publish","type":"post","link":"http:\/\/www.korhanyilmaz.com\/?p=16787","title":{"rendered":"Telekulak Cumhuriyeti T\u00fcrkiye"},"content":{"rendered":"<p style=\"text-align: justify;\"><a href=\"http:\/\/www.korhanyilmaz.com\/wp-content\/uploads\/2009\/11\/telekulak.jpg\"  class=\"lightview\"><img loading=\"lazy\" decoding=\"async\" class=\"aligncenter size-full wp-image-16788\" src=\"http:\/\/www.korhanyilmaz.com\/wp-content\/uploads\/2009\/11\/telekulak.jpg\" alt=\"\" width=\"250\" height=\"190\" \/><\/a><\/p>\n<p style=\"text-align: justify;\">T\u00fcrkiye\u2019de y\u00fcksek yarg\u0131y\u0131 da kapsayan dinleme iddialar\u0131, Alman bas\u0131n\u0131nda da geni\u015f yank\u0131 buldu.<\/p>\n<p style=\"text-align: justify;\">S\u00fcddeutsche Zeitung, \u201cTelekulak Cumhuriyeti T\u00fcrkiye\u201d ba\u015fl\u0131\u011f\u0131 ile verdi\u011fi haber analizinde, \u015f\u00f6yle yazd\u0131: \u201cBurada gazeteciler \u00f6nemli g\u00f6r\u00fc\u015fmelerde hemen cep telefonlar\u0131n\u0131 kapat\u0131yorlar. Bakkal bile, telefonunu \u00e7\u0131ra\u011fa verip d\u0131\u015far\u0131 g\u00f6nderiyor, sonra politikac\u0131lara k\u00fcfrediyor.\u201d <!--more--><\/p>\n<p style=\"text-align: justify;\">T\u00dcRK\u0130YE\u2019de y\u00fcksek yarg\u0131dan yarg\u0131\u00e7lar\u0131n bile dinlendi\u011fi haberleri, Alman bas\u0131n\u0131nda da geni\u015f yank\u0131 buldu. S\u00fcddeutsche Zeitung, \u201cTelekulak Cumhuriyeti T\u00fcrkiye\u201d ba\u015fl\u0131kl\u0131 haberinde T\u00fcrkiye\u2019de yarg\u0131\u00e7, milletvekili, savc\u0131 ve ba\u015fbakan da dahil olmak \u00fczere y\u0131lda 70 bin ki\u015finin dinlendi\u011fini yazd\u0131. Gazetenin haberinde, \u00f6zetle \u015f\u00f6yle denildi:<\/p>\n<p style=\"text-align: justify;\"><strong><em>Alman B\u00fcy\u00fckel\u00e7ili\u011fi: \u00c7are, \u015farj\u0131 \u00e7\u0131karmak <\/em><\/strong><\/p>\n<p style=\"text-align: justify;\">\u201cBurada gazeteciler \u00f6nemli g\u00f6r\u00fc\u015fmelerde hemen cep telefonlar\u0131n\u0131 kapat\u0131yorlar. Ger\u00e7i bunun yeterli olmad\u0131\u011f\u0131n\u0131 uzmanlar da s\u00f6yl\u00fcyor. Kapal\u0131 cep telefonu \u00fczerinden de konu\u015fmalar\u0131 dinlenebiliyor. Bakkal bile politikac\u0131lara k\u00fcf\u00fcr edece\u011fi zaman, \u00f6nce yan\u0131nda \u00e7al\u0131\u015fan \u00e7\u0131ra\u011fa cep telefonunu verip d\u0131\u015far\u0131 g\u00f6nderiyor, sonra k\u00fcfrediyor. Ankara\u2019daki Alman B\u00fcy\u00fckel\u00e7ili\u011fi\u2019nden bir diplomat cep telefonunun dinlenmesini engellemek i\u00e7in \u015farj\u0131n \u00e7\u0131kar\u0131lmas\u0131n\u0131 tavsiye ediyor.<\/p>\n<p style=\"text-align: justify;\">T\u00fcrkiye\u2019nin kendi vatanda\u015flar\u0131n\u0131n \u00f6zel alan\u0131na girmesi yeni bir \u015fey de\u011fil. Ancak yarg\u0131 mensuplar\u0131n\u0131n da dinlendi\u011finin ortaya \u00e7\u0131kmas\u0131yla bu tart\u0131\u015fma yeniden alevlendi. Dinlemelerin arkas\u0131nda Adalet Bakanl\u0131\u011f\u0131 var. Telefon dinlemelerin ortaya \u00e7\u0131kmas\u0131 h\u00fck\u00fcmeti de zora soktu.<\/p>\n<p style=\"text-align: justify;\"><strong><em>Y\u0131lda ortalama tam 70 bin ki\u015fi dinleniyor<\/em><\/strong><\/p>\n<p style=\"text-align: justify;\">Adalet Bakan\u0131, ellerinde bunun i\u00e7in mahkeme karar\u0131 bulundu\u011funu s\u00f6yledi. Ama \u0130stanbul\u2019daki s\u0131radan bir mahkeme, Yarg\u0131tay gibi y\u00fcksek bir mahkemenin dinlenmesi talimat\u0131n\u0131 verebilir mi?<\/p>\n<p style=\"text-align: justify;\">Yeni skandal\u0131n yaratt\u0131\u011f\u0131 dalga, T\u00fcrk kamuoyunu huzursuz etti. Adalet Bakan\u0131, T\u00fcrkiye\u2019de y\u0131lda ortalama 70 bin ki\u015finin dinlendi\u011fini, bunun da Avrupa ortalamas\u0131na denk d\u00fc\u015ft\u00fc\u011f\u00fcn\u00fc s\u00f6yledi. Yanl\u0131\u015f, \u00e7\u00fcnk\u00fc Almanya\u2019da 2008 y\u0131l\u0131nda 16 bin 500 kez telefon dinlenmi\u015f.\u201d<\/p>\n<p style=\"text-align: justify;\"><span style=\"color: #888888;\">Celal \u00d6zcan &#8211; M\u00fcnih \/ H\u00fcrriyet<\/span><\/p>\n","protected":false},"excerpt":{"rendered":"<p style=\"text-align: justify;\">\n<p style=\"text-align: justify;\">T\u00fcrkiye\u2019de y\u00fcksek yarg\u0131y\u0131 da kapsayan dinleme iddialar\u0131, Alman bas\u0131n\u0131nda da geni\u015f yank\u0131 buldu.<\/p>\n<p style=\"text-align: justify;\">S\u00fcddeutsche Zeitung, \u201cTelekulak Cumhuriyeti T\u00fcrkiye\u201d ba\u015fl\u0131\u011f\u0131 ile verdi\u011fi haber analizinde, \u015f\u00f6yle yazd\u0131: \u201cBurada gazeteciler \u00f6nemli g\u00f6r\u00fc\u015fmelerde hemen cep telefonlar\u0131n\u0131 kapat\u0131yorlar. Bakkal bile, telefonunu \u00e7\u0131ra\u011fa verip d\u0131\u015far\u0131 g\u00f6nderiyor, sonra politikac\u0131lara k\u00fcfrediyor.\u201d <\/p>\n","protected":false},"author":1,"featured_media":0,"comment_status":"open","ping_status":"closed","sticky":false,"template":"","format":"standard","meta":{"footnotes":""},"categories":[105],"tags":[],"class_list":["post-16787","post","type-post","status-publish","format-standard","hentry","category-gundem","odd"],"_links":{"self":[{"href":"http:\/\/www.korhanyilmaz.com\/index.php?rest_route=\/wp\/v2\/posts\/16787","targetHints":{"allow":["GET"]}}],"collection":[{"href":"http:\/\/www.korhanyilmaz.com\/index.php?rest_route=\/wp\/v2\/posts"}],"about":[{"href":"http:\/\/www.korhanyilmaz.com\/index.php?rest_route=\/wp\/v2\/types\/post"}],"author":[{"embeddable":true,"href":"http:\/\/www.korhanyilmaz.com\/index.php?rest_route=\/wp\/v2\/users\/1"}],"replies":[{"embeddable":true,"href":"http:\/\/www.korhanyilmaz.com\/index.php?rest_route=%2Fwp%2Fv2%2Fcomments&post=16787"}],"version-history":[{"count":0,"href":"http:\/\/www.korhanyilmaz.com\/index.php?rest_route=\/wp\/v2\/posts\/16787\/revisions"}],"wp:attachment":[{"href":"http:\/\/www.korhanyilmaz.com\/index.php?rest_route=%2Fwp%2Fv2%2Fmedia&parent=16787"}],"wp:term":[{"taxonomy":"category","embeddable":true,"href":"http:\/\/www.korhanyilmaz.com\/index.php?rest_route=%2Fwp%2Fv2%2Fcategories&post=16787"},{"taxonomy":"post_tag","embeddable":true,"href":"http:\/\/www.korhanyilmaz.com\/index.php?rest_route=%2Fwp%2Fv2%2Ftags&post=16787"}],"curies":[{"name":"wp","href":"https:\/\/api.w.org\/{rel}","templated":true}]}}