{"id":16783,"date":"2009-11-22T10:34:55","date_gmt":"2009-11-22T08:34:55","guid":{"rendered":"http:\/\/www.korhanyilmaz.com\/?p=16783"},"modified":"2009-11-22T10:34:55","modified_gmt":"2009-11-22T08:34:55","slug":"kacmazin-talebine-ret","status":"publish","type":"post","link":"http:\/\/www.korhanyilmaz.com\/?p=16783","title":{"rendered":"Ka\u00e7maz&#039;\u0131n talebine ret"},"content":{"rendered":"<p style=\"text-align: justify;\"><a href=\"http:\/\/www.korhanyilmaz.com\/wp-content\/uploads\/2009\/11\/kacmaz.jpg\"  class=\"lightview\"><img loading=\"lazy\" decoding=\"async\" class=\"aligncenter size-full wp-image-16784\" src=\"http:\/\/www.korhanyilmaz.com\/wp-content\/uploads\/2009\/11\/kacmaz.jpg\" alt=\"\" width=\"450\" height=\"225\" \/><\/a><\/p>\n<p style=\"text-align: justify;\"><strong><em>Emina\u011fao\u011flu\u2019nun davas\u0131na Osman Ka\u00e7maz bakacak<\/em><\/strong><\/p>\n<p style=\"text-align: justify;\">Sincan 1. A\u011f\u0131r Ceza Mahkemesi, Hakim Osman Ka\u00e7maz\u2019\u0131n, YARSAV eski Ba\u015fkan\u0131 \u00d6mer Faruk Emin-a\u011fao\u011flu\u2019nun yarg\u0131land\u0131\u011f\u0131 davada g\u00f6rev almama talebini reddetti. Heyete yine Ka\u00e7maz ba\u015fkanl\u0131k edecek.<\/p>\n<p style=\"text-align: justify;\">Ka\u00e7maz\u2019\u0131n iste\u011fini g\u00f6r\u00fc\u015fmek \u00fczere, Ka\u00e7maz\u2019\u0131n yerine bir yedek \u00fcyenin kat\u0131l\u0131m\u0131yla mahkeme heyeti topland\u0131. Heyet,  Ka\u00e7maz\u2019\u0131n istemini reddederek, Emina\u011fao\u011flu\u2019nun, Sincan 1. A\u011f\u0131r Ceza Mahkemesinde yarg\u0131lanmas\u0131na ve Ka\u00e7maz\u2019\u0131n heyete ba\u015fkanl\u0131k etmesine karar verdi. <!--more--><\/p>\n<p style=\"text-align: justify;\"><strong><em>S\u00fcre\u00e7 \u015f\u00f6yle geli\u015fti<\/em><\/strong><\/p>\n<p style=\"text-align: justify;\">Adalet Bakanl\u0131\u011f\u0131\u2019nca hakk\u0131nda meslekten ihra\u00e7, 2 kez yer de\u011fi\u015ftirme, 4 kez de adli kovu\u015fturma istenen Osman Ka\u00e7maz\u2019\u0131n, davada g\u00f6rev almama talebiyle ilgili s\u00fcre\u00e7 \u015f\u00f6yle geli\u015fmi\u015fti: Sincan Cumhuriyet Ba\u015fsavc\u0131l\u0131\u011f\u0131, Emina\u011fao\u011flu hakk\u0131nda \u201cyarg\u0131 g\u00f6revi yapan\u0131 etkileme\u201d, \u201csoru\u015fturman\u0131n gizlili\u011fini ihlal\u201d ve \u201cDernek ve Vak\u0131flar\u0131n Kamu Kurum ve Kurulu\u015flar\u0131 ile \u0130li\u015fkilerine Dair Kanun\u2019a muhalefet\u201d su\u00e7lar\u0131ndan iddianame haz\u0131rlam\u0131\u015ft\u0131. \u0130ddianame, \u00f6nce Sincan 2. A\u011f\u0131r Ceza Mahkemesi\u2019ne g\u00f6nderilmi\u015f, ancak bu mahkeme, iddianamenin UYAP\u2019tan da\u011f\u0131t\u0131lmas\u0131n\u0131 isteyerek iddianameyi geri g\u00f6ndermi\u015fti. UYAP\u2019tan yap\u0131lan da\u011f\u0131t\u0131mda, iddianame, Sincan 1. A\u011f\u0131r Ceza Mahkemesi\u2019ne d\u00fc\u015fm\u00fc\u015ft\u00fc. Sincan Cumhuriyet Ba\u015fsavc\u0131l\u0131\u011f\u0131,  Emina\u011fao\u011flu\u2019nun yarg\u0131lan\u0131p yarg\u0131lanmayaca\u011f\u0131na karar verecek olan Ka\u00e7maz\u2019\u0131n reddini istemi\u015fti. Bunun \u00fczerine Ka\u00e7maz, g\u00f6rev almama talebinde bulunmu\u015ftu.<\/p>\n<p style=\"text-align: justify;\"><span style=\"color: #888888;\">Haber Kayna\u011f\u0131 : <a href=\"http:\/\/www.yenicaggazetesi.com.tr\/haberdetay.php?hit=26638\" target=\"_blank\">yenicagazetesi.com.tr<\/a><\/span><\/p>\n","protected":false},"excerpt":{"rendered":"<p style=\"text-align: justify;\">\n<p style=\"text-align: justify;\">Emina\u011fao\u011flu\u2019nun davas\u0131na Osman Ka\u00e7maz bakacak<\/p>\n<p style=\"text-align: justify;\">Sincan 1. A\u011f\u0131r Ceza Mahkemesi, Hakim Osman Ka\u00e7maz\u2019\u0131n, YARSAV eski Ba\u015fkan\u0131 \u00d6mer Faruk Emin-a\u011fao\u011flu\u2019nun yarg\u0131land\u0131\u011f\u0131 davada g\u00f6rev almama talebini reddetti. Heyete yine Ka\u00e7maz ba\u015fkanl\u0131k edecek.<\/p>\n<p style=\"text-align: justify;\">Ka\u00e7maz\u2019\u0131n iste\u011fini g\u00f6r\u00fc\u015fmek \u00fczere, Ka\u00e7maz\u2019\u0131n yerine bir yedek \u00fcyenin kat\u0131l\u0131m\u0131yla mahkeme heyeti topland\u0131. Heyet, Ka\u00e7maz\u2019\u0131n istemini <\/p>\n","protected":false},"author":1,"featured_media":0,"comment_status":"open","ping_status":"closed","sticky":false,"template":"","format":"standard","meta":{"footnotes":""},"categories":[105],"tags":[],"class_list":["post-16783","post","type-post","status-publish","format-standard","hentry","category-gundem","odd"],"_links":{"self":[{"href":"http:\/\/www.korhanyilmaz.com\/index.php?rest_route=\/wp\/v2\/posts\/16783","targetHints":{"allow":["GET"]}}],"collection":[{"href":"http:\/\/www.korhanyilmaz.com\/index.php?rest_route=\/wp\/v2\/posts"}],"about":[{"href":"http:\/\/www.korhanyilmaz.com\/index.php?rest_route=\/wp\/v2\/types\/post"}],"author":[{"embeddable":true,"href":"http:\/\/www.korhanyilmaz.com\/index.php?rest_route=\/wp\/v2\/users\/1"}],"replies":[{"embeddable":true,"href":"http:\/\/www.korhanyilmaz.com\/index.php?rest_route=%2Fwp%2Fv2%2Fcomments&post=16783"}],"version-history":[{"count":0,"href":"http:\/\/www.korhanyilmaz.com\/index.php?rest_route=\/wp\/v2\/posts\/16783\/revisions"}],"wp:attachment":[{"href":"http:\/\/www.korhanyilmaz.com\/index.php?rest_route=%2Fwp%2Fv2%2Fmedia&parent=16783"}],"wp:term":[{"taxonomy":"category","embeddable":true,"href":"http:\/\/www.korhanyilmaz.com\/index.php?rest_route=%2Fwp%2Fv2%2Fcategories&post=16783"},{"taxonomy":"post_tag","embeddable":true,"href":"http:\/\/www.korhanyilmaz.com\/index.php?rest_route=%2Fwp%2Fv2%2Ftags&post=16783"}],"curies":[{"name":"wp","href":"https:\/\/api.w.org\/{rel}","templated":true}]}}