{"id":16779,"date":"2009-11-21T22:20:44","date_gmt":"2009-11-21T20:20:44","guid":{"rendered":"http:\/\/www.korhanyilmaz.com\/?p=16779"},"modified":"2020-05-17T00:51:53","modified_gmt":"2020-05-16T21:51:53","slug":"alparslan-turkes-ne-mozaigi-ulan","status":"publish","type":"post","link":"http:\/\/www.korhanyilmaz.com\/?p=16779","title":{"rendered":"Alparslan T\u00fcrke\u015f :&#8217;Ne mozai\u011fi ulan&#8217;"},"content":{"rendered":"<p style=\"text-align: center;\">\n<p><a href=\"http:\/\/www.korhanyilmaz.com\/wp-content\/uploads\/2009\/11\/turkes1-1.jpg\"  class=\"lightview\"><img loading=\"lazy\" decoding=\"async\" class=\"aligncenter wp-image-68047\" src=\"http:\/\/www.korhanyilmaz.com\/wp-content\/uploads\/2009\/11\/turkes1-1.jpg\" alt=\"\" width=\"400\" height=\"200\" \/><\/a><\/p>\n<p style=\"text-align: justify;\">PKK a\u00e7\u0131l\u0131m\u0131na kar\u015f\u0131 \u00e7\u0131kan T\u00fcrk milliyet\u00e7ilerinin direncini k\u0131rmak i\u00e7in s\u0131k s\u0131k Alparslan T\u00fcrke\u015f\u2019e at\u0131fta bulunan AKP\u2019liler, Ba\u015fbu\u011f\u2019un, \u201cT\u00fcrkiye mozaiktir\u201d diyenlere verdi\u011fi tarihi cevab\u0131 g\u00f6rmezden geliyor. Ba\u015fbakan Erdo\u011fan\u2019\u0131n \u00f6nceki g\u00fcn, \u201cMerhum T\u00fcrke\u015f\u2019in ho\u015fg\u00f6r\u00fcl\u00fc, yap\u0131c\u0131, birle\u015ftirici tutumu, bug\u00fcnk\u00fc miras\u00e7\u0131lar\u0131ndan fersah fersah ileridedir\u201d demesi, bu s\u00f6z\u00fc yeniden g\u00fcndeme ta\u015f\u0131d\u0131. <!--more--><\/p>\n<p style=\"text-align: justify;\">OYSA T\u00fcrke\u015f, \u2018etnik ayr\u0131\u015ft\u0131rma\u2019 projeleri g\u00fcndeme geldi\u011finde tarihi uyar\u0131lar yapm\u0131\u015ft\u0131. \u00d6rne\u011fin T\u00dcS\u0130AD\u2019\u0131n haz\u0131rlad\u0131\u011f\u0131 \u201cDo\u011fu Raporu\u201d sonras\u0131 ortaya \u00e7\u0131kan \u201cT\u00fcrkiye mozaiktir\u201d s\u00f6ylemine kar\u015f\u0131 \u201cNe mozai\u011fi ulan! T\u00fcrkiye\u2019de T\u00fcrk ya\u015f\u0131yor. Buras\u0131 1071\u2019den beri T\u00fcrk memleketidir. Sen \u00f6nce T\u00fcrk ger\u00e7e\u011fini tan\u0131. K\u00fcrtler bizim bin y\u0131ll\u0131k karde\u015fimizdir\u201d \u015feklindeki tepkisi, tarihe ge\u00e7mi\u015fti.<\/p>\n<p style=\"text-align: justify;\">MHP\u2019nin efsanevi lideri Alparslan T\u00fcrke\u015f\u2019in T\u00fcrkiye\u2019yi mozaik olarak g\u00f6stermek isteyenlere verdi\u011fi tepki, tarihe ge\u00e7ti.<\/p>\n<p style=\"text-align: justify;\"><strong><em>K\u00fcrt\u00e7e e\u011fitim dili olursa par\u00e7aland\u0131k demektir!<\/em><\/strong><\/p>\n<p style=\"text-align: justify;\">PKK a\u00e7\u0131l\u0131m\u0131na kar\u015f\u0131 \u00e7\u0131kan T\u00fcrk milliyet\u00e7ilerinin direncini k\u0131rmak i\u00e7in, s\u0131k s\u0131k Alparslan T\u00fcrke\u015f\u2019e at\u0131fta bulunan AKP\u2019liler, Ba\u015fbu\u011f\u2019un, \u201cT\u00fcrkiye mozaiktir\u201d diyenlere verdi\u011fi sert cevaplardan hi\u00e7 bahsetmiyor.<\/p>\n<p style=\"text-align: justify;\">\u0130ktidar PKK a\u00e7\u0131l\u0131man\u0131na kar\u015f\u0131 \u00e7\u0131kan T\u00fcrk milliyet\u00e7ilerinin direncini k\u0131rmak i\u00e7in MHP\u2019nin merhum lideri Alparslan T\u00fcrke\u015f\u2019e at\u0131fta bulunmaya ba\u015flad\u0131. \u0130lk i\u015faret fi\u015fe\u011fini Adana Milletvekili \u00d6mer \u00c7elik verdi. \u00c7elik PKK a\u00e7\u0131l\u0131m\u0131n\u0131n ele al\u0131nd\u0131\u011f\u0131 TBMM g\u00f6r\u00fc\u015fmelerinde, 1992 y\u0131l\u0131nda Nevruz kutlamalar\u0131nda ba\u015flayan gerginli\u011fin HEP heyetiyle g\u00f6r\u00fc\u015fen Alparslan T\u00fcrke\u015f\u2019in yak\u0131n ve samimi tav\u0131rlar\u0131 sonras\u0131nda son buldu\u011funu idia etmi\u015fti.<\/p>\n<p style=\"text-align: justify;\"><strong><em>Hop oturup hop kalk\u0131yor<\/em><\/strong><\/p>\n<p style=\"text-align: justify;\">Daha \u00f6nce partisinin grup toplant\u0131lar\u0131nda Alparslan T\u00fcrke\u015f\u2019ten k\u0131sa al\u0131nt\u0131lar yapan Ba\u015fbakan Erdo\u011fan ise \u00f6nceki g\u00fcn AKP Genel Merkezi\u2019nde d\u00fczenlenen Geni\u015fletilmi\u015f \u0130l Ba\u015fkanlar\u0131 Toplant\u0131s\u0131\u2019nda, \u201cT\u00fcrke\u015f vurgusu\u201dna daha geni\u015f yer ay\u0131rd\u0131. Erdo\u011fan, \u201cMerhum Alparslan T\u00fcrke\u015f\u2019in ho\u015fg\u00f6r\u00fcl\u00fc yap\u0131c\u0131 birle\u015ftirici tutumu hat\u0131rlat\u0131ld\u0131\u011f\u0131nda, say\u0131n Bah\u00e7eli \u00f6fkeleniyor, hop oturuyor hop kalk\u0131yor. Merhum Alparslan T\u00fcrke\u015f\u2019in meseleye ili\u015fkin y\u0131llar \u00f6nce dile getirdi\u011fi tespitler, bug\u00fcn miras\u00e7\u0131lar\u0131n\u0131n tutum ve davran\u0131\u015flar\u0131ndan fersah fersah ileridedir, \u00f6zg\u00fcrl\u00fck\u00e7\u00fcd\u00fcr, a\u00e7\u0131l\u0131mc\u0131d\u0131r\u201d dedi.<\/p>\n<p style=\"text-align: justify;\"><strong><em>Ne mozai\u011fi ulan<\/em><\/strong><\/p>\n<p style=\"text-align: justify;\">Oysa ba\u015fta Ba\u015fbakan Erdo\u011fan olmak \u00fczere AKP\u2019liler, Alparslan T\u00fcrke\u015f\u2019in \u201cetnik ayr\u0131\u015ft\u0131rma\u201d projelerinin ilk devreye girdi\u011fi d\u00f6nemlerde yapt\u0131\u011f\u0131 sert uyar\u0131lar\u0131 g\u00f6rmezden geliyorlar. \u00d6rne\u011fin, T\u00dcS\u0130AD\u2019\u0131n haz\u0131rlad\u0131\u011f\u0131 \u201cDo\u011fu Raporu\u201d sonras\u0131nda ortaya \u00e7\u0131kan \u201cT\u00fcrkiye Mozaiktir\u201d s\u00f6ylemine Alparslar T\u00fcrke\u015f, 11 Haziran 1995\u2019te \u015f\u00f6yle kar\u015f\u0131l\u0131k vermi\u015fti: \u201cBug\u00fcn baz\u0131lar\u0131, \u2019T\u00fcrkiye p\u0131r\u0131l p\u0131r\u0131l mozaiktir\u2019 diyor. Ne mozai\u011fi ulan. T\u00fcrkiye\u2019de T\u00fcrk ya\u015f\u0131yor. Buras\u0131 1071\u2019den beri T\u00fcrklerin memleketidir. T\u00fcrklerden \u00f6nce buralarda Frigyal\u0131lar, Hititler, Lidyal\u0131lar ya\u015fam\u0131\u015f. Bunlar\u0131n hepsi \u00f6l\u00fc milletlerdir. Hepsi yok olup gitmi\u015fler. Kimi \u00e7evreler, \u2019K\u00fcrt ger\u00e7e\u011fini tan\u0131yaca\u011f\u0131z\u2019 diyorlar. Yedi\u011fi naneye bak. Sen \u00f6nce T\u00fcrk ger\u00e7e\u011fini tan\u0131. K\u00fcrtler bizim bin y\u0131ll\u0131k karde\u015fimizdir.\u201d Yine Alparslan T\u00fcrke\u015f, o d\u00f6nemde PKK\u2019n\u0131n siyasi kanad\u0131 konumundaki DEP\u2019in Milletvekili Orhan Do\u011fan\u2019la, Show TV\u2019de yay\u0131nlanan \u2019\u00c7apraz Ate\u015f\u2019 program\u0131na \u00e7\u0131km\u0131\u015ft\u0131. Do\u011fan\u2019\u0131n b\u00f6l\u00fcc\u00fc s\u00f6ylemlerine tepki g\u00f6steren T\u00fcrke\u015f \u015funlar\u0131 kaydetmi\u015fti: &#8230;Bu i\u015fin sonu k\u00f6t\u00fcye varacak. Ben size tarihten de misal verebilirim. Amerika Birle\u015fik Devletleri\u2019ni g\u00f6sterebilirim. Bug\u00fcn New York\u2019ta 10 milyon \u0130talyanca konu\u015fan insan var. Bunlar kalk\u0131p da biz kimli\u011fimizin tan\u0131nmas\u0131n\u0131 istiyoruz. Burada bir \u0130talyan cumhuriyeti kuraca\u011f\u0131z diyemezler. Ve yahut bir federasyon kuraca\u011f\u0131z diyemezler. Amerikan vatanda\u015f\u0131d\u0131rlar. Resmi dilleri de \u0130ngilizcedir. Ba\u015fka \u015feyler de var. Siz T\u00fcrkiye\u2019de K\u00fcrt\u00e7e resmi e\u011fitim dili olacak, K\u00fcrt\u00e7e televizyon dili olacak, ondan sonra bu b\u00f6lgeye federasyon verilsin, K\u00fcrt kimli\u011fi tan\u0131ns\u0131n diyemezsiniz. Bunu dedi\u011finiz vakit T\u00fcrkiye\u2019yi par\u00e7alamaya karar verdiniz demektir. T\u00fcrkiye\u2019yi par\u00e7alatmayaca\u011f\u0131z. Buna izin vermeyiz. Bunu iyi anlay\u0131n. Kan d\u00f6kmek gerekirse vatan\u0131m\u0131z\u0131n birli\u011fi i\u00e7in kan da d\u00f6keriz. Devletimizi ayakta tutmak i\u00e7in can\u0131m\u0131z\u0131 da feda ederiz. Ondan haberiniz olsun. Yanl\u0131\u015f yoldas\u0131n\u0131z. Kendinizi d\u00fczeltin.<\/p>\n<p style=\"text-align: justify;\"><span style=\"color: #888888;\">Haber Kayna\u011f\u0131 : Macit Soydan &#8211; <a href=\"http:\/\/www.yenicaggazetesi.com.tr\/haberdetay.php?hit=26670\" target=\"_blank\" rel=\"noopener noreferrer\">yenicaggazetesi.com.tr<\/a><\/span><\/p>\n","protected":false},"excerpt":{"rendered":"<p style=\"text-align: center;\">\n<p style=\"text-align: justify;\">PKK a\u00e7\u0131l\u0131m\u0131na kar\u015f\u0131 \u00e7\u0131kan T\u00fcrk milliyet\u00e7ilerinin direncini k\u0131rmak i\u00e7in s\u0131k s\u0131k Alparslan T\u00fcrke\u015f\u2019e at\u0131fta bulunan AKP\u2019liler, Ba\u015fbu\u011f\u2019un, \u201cT\u00fcrkiye mozaiktir\u201d diyenlere verdi\u011fi tarihi cevab\u0131 g\u00f6rmezden geliyor. Ba\u015fbakan Erdo\u011fan\u2019\u0131n \u00f6nceki g\u00fcn, \u201cMerhum T\u00fcrke\u015f\u2019in ho\u015fg\u00f6r\u00fcl\u00fc, yap\u0131c\u0131, birle\u015ftirici tutumu, bug\u00fcnk\u00fc miras\u00e7\u0131lar\u0131ndan fersah fersah ileridedir\u201d demesi, bu s\u00f6z\u00fc yeniden g\u00fcndeme ta\u015f\u0131d\u0131. <\/p>\n","protected":false},"author":1,"featured_media":0,"comment_status":"open","ping_status":"closed","sticky":false,"template":"","format":"standard","meta":{"footnotes":""},"categories":[105],"tags":[],"class_list":["post-16779","post","type-post","status-publish","format-standard","hentry","category-gundem","odd"],"_links":{"self":[{"href":"http:\/\/www.korhanyilmaz.com\/index.php?rest_route=\/wp\/v2\/posts\/16779","targetHints":{"allow":["GET"]}}],"collection":[{"href":"http:\/\/www.korhanyilmaz.com\/index.php?rest_route=\/wp\/v2\/posts"}],"about":[{"href":"http:\/\/www.korhanyilmaz.com\/index.php?rest_route=\/wp\/v2\/types\/post"}],"author":[{"embeddable":true,"href":"http:\/\/www.korhanyilmaz.com\/index.php?rest_route=\/wp\/v2\/users\/1"}],"replies":[{"embeddable":true,"href":"http:\/\/www.korhanyilmaz.com\/index.php?rest_route=%2Fwp%2Fv2%2Fcomments&post=16779"}],"version-history":[{"count":0,"href":"http:\/\/www.korhanyilmaz.com\/index.php?rest_route=\/wp\/v2\/posts\/16779\/revisions"}],"wp:attachment":[{"href":"http:\/\/www.korhanyilmaz.com\/index.php?rest_route=%2Fwp%2Fv2%2Fmedia&parent=16779"}],"wp:term":[{"taxonomy":"category","embeddable":true,"href":"http:\/\/www.korhanyilmaz.com\/index.php?rest_route=%2Fwp%2Fv2%2Fcategories&post=16779"},{"taxonomy":"post_tag","embeddable":true,"href":"http:\/\/www.korhanyilmaz.com\/index.php?rest_route=%2Fwp%2Fv2%2Ftags&post=16779"}],"curies":[{"name":"wp","href":"https:\/\/api.w.org\/{rel}","templated":true}]}}