{"id":16769,"date":"2009-11-22T20:51:35","date_gmt":"2009-11-22T18:51:35","guid":{"rendered":"http:\/\/www.korhanyilmaz.com\/?p=16769"},"modified":"2009-11-22T20:51:35","modified_gmt":"2009-11-22T18:51:35","slug":"kizilcahamamda-roman-acilimi-karari","status":"publish","type":"post","link":"http:\/\/www.korhanyilmaz.com\/?p=16769","title":{"rendered":"K\u0131z\u0131lcahamam&#039;da Roman a\u00e7\u0131l\u0131m\u0131 karar\u0131"},"content":{"rendered":"<p><a href=\"http:\/\/www.korhanyilmaz.com\/wp-content\/uploads\/2009\/11\/kamp1.jpg\"  class=\"lightview\"><img loading=\"lazy\" decoding=\"async\" class=\"aligncenter size-full wp-image-16771\" src=\"http:\/\/www.korhanyilmaz.com\/wp-content\/uploads\/2009\/11\/kamp1.jpg\" alt=\"\" width=\"384\" height=\"180\" \/><\/a><\/p>\n<p style=\"text-align: justify;\">AK Parti&#8217;nin K\u0131z\u0131lcahamam kamp\u0131 sona erdi. G\u00fcndem demokratik a\u00e7\u0131l\u0131md\u0131. Baz\u0131 milletvekilleri Habur&#8217;la ilgili g\u00f6r\u00fcnt\u00fcleri ele\u015ftirdi. Baz\u0131lar\u0131 da a\u00e7\u0131l\u0131m\u0131n halka iyi anlat\u0131lamad\u0131\u011f\u0131 kayg\u0131s\u0131n\u0131 iletti. Sadece ele\u015ftiri ve kayg\u0131lar de\u011fil at\u0131lacak yeni ad\u0131mlar da g\u00fcndemdeydi. Alevilerle ilgili ocak ay\u0131nda \u00f6nemli geli\u015fmeler olacak. Romanlar da a\u00e7\u0131l\u0131m kapsam\u0131na girecek. Ba\u015fbakan Erdo\u011fan&#8217;\u0131n hedefinde ise muhalefet vard\u0131.<!--more--><\/p>\n<p style=\"text-align: justify;\">AK Parti&#8217;nin K\u0131z\u0131lcahamam kamp\u0131nda Ba\u015fbakan Erdo\u011fan&#8217;\u0131n mesajlar\u0131 milletvekillerinden \u00e7ok muhalefeteydi.<\/p>\n<p style=\"text-align: justify;\">Sadece kameralar\u0131n \u00f6n\u00fcnde de\u011fil kapal\u0131 kap\u0131lar ard\u0131nda da a\u00e7\u0131l\u0131m s\u00fcrecinde ortaya \u00e7\u0131kan s\u00f6ylentiler kayg\u0131lar g\u00fcndemdeydi.<\/p>\n<p style=\"text-align: justify;\">Edinilen bilgilere g\u00f6re, milletvekilleri Habur&#8217;daki kar\u015f\u0131lama g\u00f6r\u00fcnt\u00fclerine y\u00f6nelik ele\u015ftirileri dile getirdi.<\/p>\n<p style=\"text-align: justify;\">A\u00e7\u0131l\u0131m\u0131n koordinat\u00f6r\u00fc \u0130\u00e7i\u015fleri Bakan\u0131 Be\u015fir Atalay o ele\u015ftirilere yan\u0131t verdi. Bundan sonra s\u0131n\u0131r kap\u0131lar\u0131nda sadece d\u00f6nenlerin aileleri olacak. Kar\u015f\u0131lama t\u00f6reni olmayacak g\u00fcvencesini verdi.<\/p>\n<p style=\"text-align: justify;\">Bakan bir de a\u00e7\u0131klama yapt\u0131 &#8220;Mahmur Kamp\u0131&#8217;nda bulunanlar\u0131n yar\u0131s\u0131 T\u00fcrkiye&#8217;ye d\u00f6necek. Yar\u0131s\u0131n\u0131n gelmeyce\u011fi kesinle\u015fti&#8221; dedi.<\/p>\n<p style=\"text-align: justify;\">Sadece Habur de\u011fil, Anayasa de\u011fi\u015fikli\u011fine ili\u015fkin kayg\u0131lar da g\u00fcndemdeydi.<\/p>\n<p style=\"text-align: justify;\">Baz\u0131 milletvekilleri &#8220;K\u00fcrt k\u00f6kenli T\u00fcrk vatanda\u015fl\u0131\u011f\u0131 tan\u0131m\u0131 olsun. T\u00fcrkl\u00fck alt\u0131nda birle\u015felim ayr\u0131 millet vurgusu yap\u0131lmas\u0131n&#8221; dedi. A\u00e7\u0131l\u0131m s\u00fcrecinin k\u0131rm\u0131z\u0131 \u00e7izgilerinin iyi anlat\u0131lmas\u0131 istendi. Sonucunda nereye var\u0131laca\u011f\u0131 somut olarak ortaya konulmal\u0131 denildi.<\/p>\n<p style=\"text-align: justify;\">Ve demokratik a\u00e7\u0131l\u0131m i\u00e7inde al\u0131nan bir ba\u015fka ba\u015fl\u0131k. Alevi a\u00e7\u0131l\u0131m\u0131. Kampta bu ba\u015fl\u0131kla ilgili Devlet Bakan\u0131 Faruk \u00c7elik bilgi verdi.<\/p>\n<p style=\"text-align: justify;\">Masadaki ad\u0131mlar aras\u0131nda Alevi din adamlar\u0131na \u00f6denek sa\u011flanmas\u0131, din kitaplar\u0131n\u0131n yeniden yap\u0131land\u0131r\u0131lmas\u0131 var. Mad\u0131mak&#8217;\u0131n m\u00fcze olmas\u0131 da de\u011ferlendiriliyor.<\/p>\n<p style=\"text-align: justify;\">Ama kapsam\u0131 geni\u015fleyen demokratik a\u00e7\u0131l\u0131m art\u0131k Romanlar\u0131 da i\u00e7ine al\u0131yor. Ba\u015fbakan Erdo\u011fan kapan\u0131\u015f konu\u015fmas\u0131nda bunun sinyalini verdi.<\/p>\n<p style=\"text-align: justify;\">Romanlar\u0131n sorunlar\u0131 i\u00e7in h\u00fck\u00fcmet ad\u0131m atacak. Bunun i\u00e7in de Romanlar\u0131n temsilcileriyle toplant\u0131lar yap\u0131lacak. May\u0131s ay\u0131nda bu a\u00e7\u0131l\u0131m da netle\u015fecek.<\/p>\n<p style=\"text-align: justify;\"><strong><em>ERDO\u011eAN&#8217;IN KONU\u015eMASI <\/em><\/strong><\/p>\n<p style=\"text-align: justify;\">Ba\u015fbakan Erdo\u011fan, partisince K\u0131z\u0131lcahamam&#8217;da Asya Termal Tatil K\u00f6y\u00fc&#8217;nde d\u00fczenlenen 14. \u0130sti\u015fare ve De\u011ferlendirme Toplant\u0131s\u0131&#8217;n\u0131n kapan\u0131\u015f\u0131nda bir konu\u015fma yapt\u0131.<\/p>\n<p style=\"text-align: justify;\">Bu \u00fclkede hi\u00e7 kimsenin bir di\u011ferine \u00fcst\u00fcnl\u00fc\u011f\u00fc olmad\u0131\u011f\u0131n\u0131 vurgulayan Erdo\u011fan, &#8220;Devlet nezdinde, hukuk ve yasalar kar\u015f\u0131s\u0131nda hi\u00e7 kimsenin ayr\u0131cal\u0131\u011f\u0131 yoktur, olamaz. Do\u011funun kaderi bat\u0131da, kuzey&#8217;in umudu, g\u00fcneyden ba\u011f\u0131ms\u0131z de\u011fildir. \u00dclkenin topyekun gelece\u011fi tek tek fertlerin kaderinden kopuk de\u011fildir&#8221; dedi.<\/p>\n<p style=\"text-align: justify;\">Erdo\u011fan, bu anlay\u0131\u015fla yola \u00e7\u0131kt\u0131klar\u0131n\u0131 ve bu anlay\u0131\u015fla bu yola devam edeceklerini s\u00f6yledi.<\/p>\n<p style=\"text-align: justify;\">Yola \u00e7\u0131karken, &#8220;etnik milliyet\u00e7ili\u011fin, b\u00f6lgesel milliyet\u00e7ili\u011fin, dinsel milliyet\u00e7ili\u011fin kar\u015f\u0131s\u0131nda olduklar\u0131n\u0131 s\u00f6ylediklerini&#8221; ifade eden Erdo\u011fan, &#8220;Etnik milliyet\u00e7ili\u011fin kar\u015f\u0131s\u0131nday\u0131z; \u00c7\u00fcnk\u00fc, benim \u00fclkemi olu\u015fturan t\u00fcm etnik unsurlar bizim millet olmam\u0131z\u0131n zenginlik sebebidir. Bunu b\u00f6yle bilece\u011fiz. Aralar\u0131nda ayr\u0131mc\u0131l\u0131k asla d\u00fc\u015f\u00fcnemeyiz. Birbirimize hep sayg\u0131l\u0131 olaca\u011f\u0131z. Birbirimizi yarat\u0131lan\u0131 yaratandan \u00f6t\u00fcr\u00fc sevme anlay\u0131\u015f\u0131yla hep sevece\u011fiz. Ben bu \u00fclkenin bir bireyi olarak, AK Parti Genel Ba\u015fkan\u0131, T\u00fcrkiye Cumhuriyeti Ba\u015fbakan\u0131 olarak T\u00fcrk karde\u015fimi de seviyorum, K\u00fcrd\u00fc de seviyorum, Laz\u0131 da seviyorum, \u00c7erkezi de seviyorum, Bo\u015fna\u011f\u0131 da Roman\u0131 da seviyorum, Arnavutunu da seviyorum. Kim varsa \u00fclkemde ay\u0131rt etmeksizin seviyorum. Ay\u0131r\u0131m yok. Hepsine e\u015fit mesafedeyim. \u0130nan\u0131yorum ki, AK Parti&#8217;ye g\u00f6n\u00fcl vermi\u015f karde\u015flerimin hepsi de ayn\u0131 durumdad\u0131r. Hi\u00e7bir ay\u0131r\u0131m yapamay\u0131z&#8221; dedi.<\/p>\n<p style=\"text-align: justify;\">Erdo\u011fan, yapt\u0131klar\u0131 yat\u0131r\u0131mlarla dengesizlikleri yava\u015f yava\u015f kapatt\u0131klar\u0131n\u0131, sadece Do\u011fu ve G\u00fcneydo\u011fu Anadolu b\u00f6lgelerine yakla\u015f\u0131k 15 katrilyon yat\u0131r\u0131m yapt\u0131klar\u0131n\u0131 anlatt\u0131.<\/p>\n<p style=\"text-align: justify;\">Art\u0131k her yere u\u00e7aklar\u0131n inip kalkt\u0131\u011f\u0131n\u0131 s\u00f6yleyen Erdo\u011fan, Hakkari Y\u00fcksekova&#8217;da ve I\u011fd\u0131r&#8217;da hava alan\u0131 \u00e7al\u0131\u015fmalar\u0131n\u0131n devam etti\u011fini belirtti.<\/p>\n<p style=\"text-align: justify;\">T\u00fcrkiye&#8217;nin 81 vilayetinde \u00fcniversite bulundu\u011funu kaydeden Erdo\u011fan, &#8220;Bir tanesi mecliste arada s\u0131rada kalkar ba\u011f\u0131r\u0131rd\u0131, &#8216;Tunceli, Tunceli&#8217; derdi. Tunceli&#8217;ye \u00fcniversite kuruldu \u015fimdi ne diyorsun? Hala &#8216;Ne yapt\u0131n\u0131z Tunceli&#8217;ye?&#8217; diyor. Biraz s\u0131k\u0131l\u0131r insan&#8217; diye konu\u015ftu.<\/p>\n<p style=\"text-align: justify;\"><strong><em>Ter\u00f6r ve yat\u0131r\u0131m <\/em><\/strong><\/p>\n<p style=\"text-align: justify;\">&#8220;Ter\u00f6r\u00fc minimize etmedi\u011fimiz s\u00fcrece giri\u015fimci gelip de G\u00fcneydo\u011fu&#8217;da, Do\u011fu&#8217;da yat\u0131r\u0131m yapmaz. Biz devlet olarak tabii ki yine bir \u015feyler yap\u0131yoruz, yapaca\u011f\u0131z&#8221; diyen Erdo\u011fan, kendilerinden \u00f6nce et-bal\u0131k kurumlar\u0131n\u0131n \u00f6zelle\u015ftirildi\u011fini an\u0131msatarak, Ankara&#8217;dan do\u011fusunu yeniden ele alarak a\u00e7t\u0131klar\u0131n\u0131 s\u00f6yledi.<\/p>\n<p style=\"text-align: justify;\">Erdo\u011fan bu \u00e7al\u0131\u015fmay\u0131, hayvanc\u0131l\u0131kla beraber g\u00fc\u00e7lendireceklerini, buna y\u00f6nelik baz\u0131 projeleri oldu\u011funu, ad\u0131mlar att\u0131klar\u0131n\u0131 anlatt\u0131.<\/p>\n<p style=\"text-align: justify;\">S\u00fct ve s\u00fct mamulleri konusunda da bu t\u00fcrl\u00fc ad\u0131mlar atacaklar\u0131n\u0131 belirten Erdo\u011fan, &#8220;Bu ad\u0131mlar\u0131 atmak suretiyle GAP, DAP projeleriyle bunu s\u00fcratle geli\u015ftirece\u011fiz&#8221; diye konu\u015ftu.<\/p>\n<p style=\"text-align: justify;\">Bir kez daha, ba\u015flat\u0131lm\u0131\u015f olan milli birlik ve karde\u015flik s\u00fcrecine ba\u015fta muhalefet olmak \u00fczere herkesin omuz vermesini isteyen Erdo\u011fan, &#8220;Yani muhalif partilerin y\u00f6netici kadrolar\u0131nda da asl\u0131nda i\u00e7i bizimle olup bunu d\u0131\u015fa vuramayanlar\u0131n oldu\u011funu da biliyoruz. Diyorum ki gelin, siz de ta\u015f\u0131n alt\u0131na elinizi koyun. Bu i\u015f parti meselesi de\u011fil. Ba\u015ftan beri bir \u015fey s\u00f6yl\u00fcyoruz, &#8216;Bu devlet projesidir&#8217; diyoruz. &#8216;Bunun muhatab\u0131 millettir&#8217; diyoruz. Bunu, mevzi bir proje olarak g\u00f6rmeyin, lokal bir olay olarak g\u00f6rmeyin, gelin siz de ta\u015f\u0131n alt\u0131na elinizi sokun. Hep beraber bunu biz sahili selamete \u00e7\u0131kartal\u0131m&#8221; diye seslendi.<\/p>\n<p style=\"text-align: justify;\">Az\u0131nl\u0131klar\u0131 bir araya getirerek toplant\u0131lar yapt\u0131klar\u0131n\u0131, bu toplant\u0131lar\u0131n kapal\u0131 kap\u0131lar ard\u0131nda de\u011fil a\u00e7\u0131k ger\u00e7ekle\u015ftirildi\u011fini anlatan Erdo\u011fan, &#8220;Bu \u00fclkede bir olaca\u011f\u0131z, iri olaca\u011f\u0131z, diri olaca\u011f\u0131z. Hi\u00e7 kimsenin bundan endi\u015fesi olmas\u0131n. Birle\u015ftirici bir \u00fcslup yerine, b\u00f6l\u00fcc\u00fc, ayr\u0131\u015ft\u0131r\u0131c\u0131, tahrik edici bir \u00fcslup kullananlara, yap\u0131c\u0131 bir \u00fcslup yerine y\u0131k\u0131c\u0131, ho\u015fg\u00f6r\u00fcl\u00fc bir \u00fcslup yerine \u00f6fke ve nefret dolu kelimeler kullananlara, &#8216;yol yak\u0131nken ne olur d\u00f6n\u00fcn&#8217; diyorum&#8221; \u00e7a\u011fr\u0131s\u0131nda bulundu.<\/p>\n<p style=\"text-align: justify;\">Ba\u015fbakan Erdo\u011fan, &#8220;Ve yine bug\u00fcn buradan ba\u015fta siz de\u011ferli AK Parti camias\u0131 olmak \u00fczere aziz milletime de hassasiyetleri istismar etme gayreti i\u00e7inde olacaklara kar\u015f\u0131 azami derecede dikkatli olma istirham\u0131nda bulunuyorum, ricas\u0131nda bulunuyorum. \u00c7at\u0131\u015fmalardan, ayr\u0131l\u0131klardan, \u00f6l\u00fcmlerden, kan ve g\u00f6zya\u015f\u0131ndan beslenenler s\u00fcreci yava\u015flatmak i\u00e7in, s\u00fcreci engellemek i\u00e7in her yola ba\u015fvuruyorlar, her yola da ba\u015fvuracaklar. Milletimizin en hassas de\u011ferlerini siyaset malzemesi yapanlar, ortak de\u011ferlerimizi, kutsal de\u011ferlerimizi istismar edenler bu \u00e7irkin oyunlar\u0131na devam edecekler. Ama bu millet a\u011f\u0131rba\u015fl\u0131l\u0131kla, so\u011fukkanl\u0131l\u0131kla, sab\u0131rla bu ter\u00f6r tacirlerine, \u00f6l\u00fcm lobilerine gereken cevab\u0131 da gerekli olan zamanda verecektir&#8221; diye konu\u015ftu.<\/p>\n<p style=\"text-align: justify;\">Erdo\u011fan, &#8220;Milletimizin hassas de\u011ferlerini istismar ederek, yalanla, iftira ile alttan alta kin ve nefret duygusu pompalamaya \u00e7al\u0131\u015fanlar b\u00fcy\u00fck bir yanl\u0131\u015f yaparlar. \u0130nternette, televizyonlarda, gazete sayfalar\u0131nda inceden inceye bayra\u011f\u0131m\u0131z\u0131, \u0130stiklal Mar\u015f\u0131&#8217;m\u0131z\u0131, anayasam\u0131z\u0131n de\u011fi\u015fmez h\u00fck\u00fcmlerini, s\u0131n\u0131rlar\u0131m\u0131z\u0131, ba\u011f\u0131ms\u0131zl\u0131\u011f\u0131m\u0131z\u0131 tart\u0131\u015fma konusu yapanlar\u0131n bu kavramlar \u00fczerinden yalan yanl\u0131\u015f iddialar ortaya atanlar\u0131n yapt\u0131klar\u0131, a\u00e7\u0131k bir tahrikten ba\u015fka bir \u015fey de\u011fildir&#8221; dedi.<\/p>\n<p style=\"text-align: justify;\"><strong><em>&#8220;Tek resmi dilimiz var&#8221; <\/em><\/strong><\/p>\n<p style=\"text-align: justify;\">&#8220;Resmi dil&#8221; konusuna da de\u011finen Ba\u015fbakan Erdo\u011fan, &#8220;Efendim, resmi dil ne olacakm\u0131\u015f? Ka\u00e7 kere s\u00f6ylendi bu. Ama kula\u011f\u0131n duymuyor ne yapay\u0131m. Bizim tek resmi dilimiz var, bu da T\u00fcrk\u00e7e&#8217;dir&#8221; dedi.<\/p>\n<p style=\"text-align: justify;\">Ana dil ile ilgili yap\u0131lmas\u0131 gerekenlerin yap\u0131ld\u0131\u011f\u0131n\u0131 belirten Erdo\u011fan, &#8220;Ana dil ile ilgili olarak biz zaten yapaca\u011f\u0131m\u0131z\u0131 yapt\u0131k. Herkes ana dilini konu\u015fur. Kurslar a\u00e7t\u0131k bununla ilgili. Bu iktidar bunu yapmad\u0131 m\u0131? B\u00fcy\u00fck bir co\u015fkuyla heyecanla gittiler ama daha sonra bakt\u0131k ki o kurslara gidenler pek olmad\u0131. Bunun da a\u00e7\u0131l\u0131m\u0131n\u0131 biz yapt\u0131k. Kalk\u0131p da resmi dil gibi bununla ilgili bize tehdit sallamaya kalk\u0131yorsan kusura bakma, bunu ka\u00e7 kez s\u00f6yledik. Arkada\u015flar\u0131m s\u00f6yledi, ben s\u00f6yledim ama duymuyorsun ne yapay\u0131m. Buradan bug\u00fcn tekrar teyiden s\u00f6yl\u00fcyorum, \u00fclkemin \u00fczerinde biz operasyona, ameliyata bu co\u011frafya \u00fczerinde asla m\u00fcsaade etmeyiz. Bunu b\u00f6yle bilin&#8221; ifadelerini kulland\u0131.<\/p>\n<p style=\"text-align: justify;\">&#8220;Geri gelen ter\u00f6ristlere ev, maa\u015f, para verilece\u011fi&#8221; y\u00f6n\u00fcnde haberler \u00e7\u0131kt\u0131\u011f\u0131n\u0131 an\u0131msatan Ba\u015fbakan Erdo\u011fan, &#8220;Asl\u0131 astar\u0131 olmayan tamamen yalana, iftiraya dayanan haberleri kas\u0131tl\u0131 olarak yay\u0131yorlar. Bak\u0131yorsun yaz\u0131l\u0131 medyada, g\u00f6rsel medyada \u00e7\u0131k\u0131yor. Kim s\u00f6ylemi\u015f bunu, Ba\u015fbakan m\u0131 s\u00f6ylemi\u015f, koordinasyondan sorumlu bakan m\u0131 s\u00f6ylemi\u015f veya kabinedeki herhangi bir bakan m\u0131 s\u00f6ylemi\u015f, kim s\u00f6ylemi\u015f? \u00d6rdek dedi&#8230; Var ya, o zaman ya\u011fmur ya\u011facak. Bu yolla vatanda\u015f\u0131m\u0131z\u0131n, hissiyat\u0131n\u0131 galeyana getirmek isteyenlere ne olur kimse itibar etmesin. A\u00e7\u0131k s\u00f6yl\u00fcyorum, b\u00fct\u00fcn bu kirli oyunlar\u0131n kar\u015f\u0131s\u0131nda biz AK Parti samimiyetini, d\u00fcr\u00fcstl\u00fc\u011f\u00fcn\u00fc ortaya koyaca\u011f\u0131z&#8221; dedi.<\/p>\n<p style=\"text-align: justify;\">&#8220;Demokratik A\u00e7\u0131l\u0131m&#8221; s\u00fcrecinde de illeri &#8220;taramaya ba\u015flayacaklar\u0131n\u0131&#8221; kaydeden Erdo\u011fan, &#8220;Niye bizim i\u015fimiz bu? Siyaset b\u00f6yle yap\u0131l\u0131r. Ankara&#8217;dan siyaset yap\u0131lmaz&#8221; diye konu\u015ftu.<\/p>\n<p style=\"text-align: justify;\"><span style=\"color: #888888;\">CNN T\u00dcRK<\/span><\/p>\n","protected":false},"excerpt":{"rendered":"<\/p>\n<p style=\"text-align: justify;\">AK Parti&#8217;nin K\u0131z\u0131lcahamam kamp\u0131 sona erdi. G\u00fcndem demokratik a\u00e7\u0131l\u0131md\u0131. Baz\u0131 milletvekilleri Habur&#8217;la ilgili g\u00f6r\u00fcnt\u00fcleri ele\u015ftirdi. Baz\u0131lar\u0131 da a\u00e7\u0131l\u0131m\u0131n halka iyi anlat\u0131lamad\u0131\u011f\u0131 kayg\u0131s\u0131n\u0131 iletti. Sadece ele\u015ftiri ve kayg\u0131lar de\u011fil at\u0131lacak yeni ad\u0131mlar da g\u00fcndemdeydi. Alevilerle ilgili ocak ay\u0131nda \u00f6nemli geli\u015fmeler olacak. Romanlar da a\u00e7\u0131l\u0131m kapsam\u0131na girecek. Ba\u015fbakan Erdo\u011fan&#8217;\u0131n hedefinde ise muhalefet vard\u0131.<\/p>\n","protected":false},"author":1,"featured_media":0,"comment_status":"open","ping_status":"closed","sticky":false,"template":"","format":"standard","meta":{"footnotes":""},"categories":[105],"tags":[],"class_list":["post-16769","post","type-post","status-publish","format-standard","hentry","category-gundem","odd"],"_links":{"self":[{"href":"http:\/\/www.korhanyilmaz.com\/index.php?rest_route=\/wp\/v2\/posts\/16769","targetHints":{"allow":["GET"]}}],"collection":[{"href":"http:\/\/www.korhanyilmaz.com\/index.php?rest_route=\/wp\/v2\/posts"}],"about":[{"href":"http:\/\/www.korhanyilmaz.com\/index.php?rest_route=\/wp\/v2\/types\/post"}],"author":[{"embeddable":true,"href":"http:\/\/www.korhanyilmaz.com\/index.php?rest_route=\/wp\/v2\/users\/1"}],"replies":[{"embeddable":true,"href":"http:\/\/www.korhanyilmaz.com\/index.php?rest_route=%2Fwp%2Fv2%2Fcomments&post=16769"}],"version-history":[{"count":0,"href":"http:\/\/www.korhanyilmaz.com\/index.php?rest_route=\/wp\/v2\/posts\/16769\/revisions"}],"wp:attachment":[{"href":"http:\/\/www.korhanyilmaz.com\/index.php?rest_route=%2Fwp%2Fv2%2Fmedia&parent=16769"}],"wp:term":[{"taxonomy":"category","embeddable":true,"href":"http:\/\/www.korhanyilmaz.com\/index.php?rest_route=%2Fwp%2Fv2%2Fcategories&post=16769"},{"taxonomy":"post_tag","embeddable":true,"href":"http:\/\/www.korhanyilmaz.com\/index.php?rest_route=%2Fwp%2Fv2%2Ftags&post=16769"}],"curies":[{"name":"wp","href":"https:\/\/api.w.org\/{rel}","templated":true}]}}