{"id":16764,"date":"2009-11-21T21:31:50","date_gmt":"2009-11-21T19:31:50","guid":{"rendered":"http:\/\/www.korhanyilmaz.com\/?p=16764"},"modified":"2009-11-21T21:31:50","modified_gmt":"2009-11-21T19:31:50","slug":"erdoganin-cumhurbaskanligi-ruya","status":"publish","type":"post","link":"http:\/\/www.korhanyilmaz.com\/?p=16764","title":{"rendered":"Erdo\u011fan&#039;\u0131n cumhurba\u015fkanl\u0131\u011f\u0131 r\u00fcya"},"content":{"rendered":"<p style=\"text-align: center;\"><a href=\"http:\/\/www.korhanyilmaz.com\/wp-content\/uploads\/2009\/11\/kanaoglu.jpg\"  class=\"lightview\"><img loading=\"lazy\" decoding=\"async\" class=\"aligncenter size-full wp-image-16765\" src=\"http:\/\/www.korhanyilmaz.com\/wp-content\/uploads\/2009\/11\/kanaoglu.jpg\" alt=\"\" width=\"310\" height=\"239\" \/><\/a><\/p>\n<p style=\"text-align: justify;\">Yarg\u0131tay Onursal Ba\u015fsavc\u0131s\u0131 Sabih Kanado\u011flu, dinin siyasete alet edilerek Cumhuriyet ilkeleri, felsefesi, demokrasi ile insan hak ve \u00f6zg\u00fcrl\u00fcklerinden uzakla\u015f\u0131larak dikta rejimine do\u011fru gidildi\u011fini s\u00f6yledi. Kanado\u011flu ayr\u0131ca, &#8220;Ba\u015fbakan Recep Tayyip Erdo\u011fan&#8217;\u0131n 2012 y\u0131l\u0131nda cumhurba\u015fkan\u0131 olmas\u0131n\u0131 tam bir r\u00fcya olarak g\u00f6r\u00fcyorum&#8221; dedi. <!--more--><\/p>\n<p style=\"text-align: justify;\">Yarg\u0131tay Onursal Ba\u015fkan\u0131 Kanado\u011flu, Mu\u011fla&#8217;n\u0131n Bodrum il\u00e7esinde d\u00fczenlenen &#8220;T\u00fcrkiye Nereye Gidiyor&#8221; konulu panelde konu\u015ftu.<\/p>\n<p style=\"text-align: justify;\">Kanado\u011flu, bir izleyicinin sorusu \u00fczerine, &#8220;Ba\u015fbakan Recep Tayyip Erdo\u011fan&#8217;\u0131n 2012 y\u0131l\u0131nda cumhurba\u015fkan\u0131 olmas\u0131n\u0131 tam bir r\u00fcya olarak g\u00f6r\u00fcyorum. Siz cesaretli olur, halk\u0131 yeterince ayd\u0131nlatabilir ve kararl\u0131 olursan\u0131z, Tayyip Erdo\u011fan&#8217;\u0131n cumhurba\u015fkan\u0131 olmas\u0131 imkans\u0131z&#8221; dedi.<\/p>\n<p style=\"text-align: justify;\">Kanado\u011flu, &#8220;Yarg\u0131n\u0131n siyasalla\u015ft\u0131\u011f\u0131, ba\u011f\u0131ms\u0131z denilemedi\u011fi, m\u00fcfetti\u015f bask\u0131 ve korkusu, bakanl\u0131\u011f\u0131n etkisi ve yetkisi, hakimlere m\u00fcfetti\u015fler taraf\u0131ndan yap\u0131lan talepleri reddetme cesareti b\u0131rakmad\u0131\u011f\u0131 ortamda yarg\u0131da \u00f6d\u00fcllendirme ve cezaland\u0131rma d\u00f6nemi ba\u015flam\u0131\u015ft\u0131r. \u0130ste\u011fe uygun karar veriliyorsa sorun yoktur, yarg\u0131 mensubu siyasi iktidar\u0131n ho\u015fa gitmeyen bir karar verdiyse hakim ve yarg\u0131\u00e7 fazla zaman kaybetmeden cezaland\u0131r\u0131lmaktad\u0131r. Bu da dikta rejimine do\u011fru gidildi\u011finin en somut \u00f6rne\u011fidir&#8221; dedi.<\/p>\n<p style=\"text-align: justify;\">Cumhuriyet ilkelerinden ve demokrasiden uzakla\u015f\u0131lmamas\u0131 i\u00e7in dinin  siyasete alet edilmesinin kesinlikle engellenmesi ve huku\u011fun devletin t\u00fcm birimlerine mutlaka yerle\u015ftirilmesi gerekti\u011finin alt\u0131n\u0131 \u00e7izen Kanado\u011flu, \u00f6ncelikle yarg\u0131 ba\u011f\u0131ms\u0131zl\u0131\u011f\u0131n\u0131n sa\u011flanmas\u0131 gerekti\u011fini aksi halde \u00fclkede demokrasi olamayaca\u011f\u0131n\u0131 s\u00f6yledi.<\/p>\n<p style=\"text-align: justify;\"><strong><em>&#8220;Hac\u0131lar hocalar rejimine do\u011fru&#8230;&#8221; <\/em><\/strong><\/p>\n<p style=\"text-align: justify;\">Kanado\u011flu, &#8220;Ulus devlet olmay\u0131p mezhepler, tarikatlar, hocalar, hac\u0131 efendiler, m\u00fcritler, hoca efendiler veya \u0131rk sistemi \u00fczerine etnik sistem kurmaya \u00e7al\u0131\u015f\u0131rsan\u0131z, demokrasiyi yerle\u015ftiremeyece\u011finiz gibi demokrasiden uzakla\u015fan, demokrasinin olmad\u0131\u011f\u0131 bir rejimin i\u00e7erisine yuvarlan\u0131rs\u0131n\u0131z. Bunu engellemek i\u00e7in \u00e7a\u011fda\u015f demokraside kuvvetler ayr\u0131l\u0131\u011f\u0131 sa\u011flamal\u0131, \u00e7o\u011fulculuk, kat\u0131l\u0131mc\u0131l\u0131k, saydaml\u0131k olmal\u0131. Yolsuzluklar\u0131n hesab\u0131 mutlaka sorulabilir sistem getirilmeli. Atat\u00fcrk&#8217;\u00fcn Cumhuriyet&#8217;i t\u00fcm bu sistemlerin \u00fczerine kurulmu\u015ftu. \u015eimdiki iktidar bu sistemden h\u0131zla uzakla\u015fman\u0131n hesaplar\u0131n\u0131 yap\u0131yor, o y\u00f6nde hareket ediyor&#8221; dedi.<\/p>\n<p style=\"text-align: justify;\">T\u00fcrkiye&#8217;nin Anayasa Mahkemesi taraf\u0131ndan antilaik eylemlerin oda\u011f\u0131 oldu\u011fu tespit edilen siyasi iktidar taraf\u0131ndan y\u00f6netildi\u011fini belirten Kanado\u011flu, &#8220;B\u00fct\u00fcn bu ad\u0131mlar\u0131 oy i\u00e7in atan. Oy almak i\u00e7in at\u0131lan ad\u0131mlarda laik sistemin, \u00fclkenin iflas etmesinin bir anlam\u0131 olmad\u0131\u011f\u0131n\u0131 benimseyen , yeterki oy gelsin zihniyeti ile her t\u00fcrl\u00fc a\u00e7\u0131l\u0131m\u0131 yapan iktidar t\u00fcm bunlar\u0131 yaparken korku imparatorlu\u011fu yaratarak vatanda\u015f\u0131da sindirme \u00e7abas\u0131 i\u00e7ine girmi\u015f g\u00f6r\u00fcn\u00fcyor. Bizler g\u00fcn\u00fcm\u00fczde T\u00fcrk milleti olarak T\u00fcrk s\u00f6z\u00fcn\u00fc kullanmaktan korkar hale geliyorsak ve bu sorun ka\u015f\u0131ya  ka\u015f\u0131ya  bir milli yara haline gelmi\u015fse, o takdirde Cumhuriyetin kurulu\u015f felsefesine ters hareket edildi\u011fi ortaya \u00e7\u0131k\u0131yor&#8221; diye konu\u015ftu.<\/p>\n<p style=\"text-align: justify;\"><strong><em>&#8220;\u0130ktidar kendisine biat etmi\u015f yarg\u0131 istiyor&#8221; <\/em><\/strong><\/p>\n<p style=\"text-align: justify;\">Kanado\u011flu, &#8220;T\u00fcrkiye&#8217;de kendisine biat etmi\u015f yarg\u0131 organ\u0131 isteyen bir siyasi iktidar g\u00f6r\u00fcyoruz. Bu ba\u011f\u0131ms\u0131z olmayan yarg\u0131n\u0131n ortaya \u00e7\u0131kan telekulak olaylar\u0131 ile birlikte art\u0131k g\u00fcvenilirli\u011fi tart\u0131\u015f\u0131lmaya ba\u015flanm\u0131\u015ft\u0131r. Anayasa&#8217;n\u0131n 138. maddesine g\u00f6re yarg\u0131 ve mahkemeler ba\u011f\u0131ms\u0131z g\u00f6steriliyor ama hakimler ve yarg\u0131\u00e7lar\u0131n 140. maddeye g\u00f6re Adalet Bakanl\u0131\u011f\u0131&#8217;na ba\u011fl\u0131 oldu\u011funu g\u00f6r\u00fcyoruz. Adalet Bakan\u0131 istedi\u011fi durumda belli soru\u015fturmalara izin verme veya vermeme yetkisine sahip. \u00d6yle bir tefti\u015f kurumu olmas\u0131na ra\u011fmen Adalet Bakan\u0131n\u0131n keyfine terkederseniz ba\u011f\u0131ms\u0131z bir yarg\u0131dan bahsedemezsiniz&#8221; dedi.<\/p>\n<p style=\"text-align: justify;\">&#8220;M\u00fcfetti\u015f bask\u0131 ve korkusu bakanl\u0131\u011f\u0131n etkisi ve yetkisi hakimlere m\u00fcfetti\u015flere taraf\u0131ndan yap\u0131lan talepleri reddetme cesareti b\u0131rakmad\u0131\u011f\u0131 gibi yarg\u0131da \u00f6d\u00fcllendirme ve cezaland\u0131rma d\u00f6nemi ba\u015flam\u0131\u015ft\u0131r&#8221; diyen Kanado\u011flu, &#8220;Siyasi iktidar\u0131n iste\u011fine uygun karar veriliyorsa sorun yok, ho\u015fa gitmeyen bir karar verdiyse hakim ve yarg\u0131\u00e7 fazla zaman kaybetmeden cezaland\u0131r\u0131lma yoluna gidilmektedir. Ayr\u0131ca hakimler herg\u00fcn d\u00fcr\u00fcstl\u00fck ve ahlak s\u0131nav\u0131na \u00e7ekilmemeli, buna ihtiyac\u0131 olmamal\u0131. Hakimlerin \u00fczerinde bask\u0131 yarat\u0131rsan\u0131z, oradan inand\u0131r\u0131c\u0131 bir davran\u0131\u015f, karar ve uygulama bekleyemezsiniz. Bu durumda bir yarg\u0131 olmal\u0131d\u0131r ki bizden olmal\u0131d\u0131r, d\u00fc\u015f\u00fcncesi bug\u00fcn hukuk devleti ilkesini t\u00fcm\u00fcyle ortadan kald\u0131ran bir davran\u0131\u015f haline gelmi\u015ftir&#8221; diye konu\u015ftu.<\/p>\n<p style=\"text-align: justify;\">Konu\u015fmas\u0131n\u0131n sonunda, g\u00fcn\u00fcm\u00fcz siyasi iktidar\u0131n\u0131n T\u00fcrkiye Cumhuriyeti&#8217;nin kurulu\u015f felsefesinden h\u0131zla uzakla\u015fmaya \u00e7al\u0131\u015fan ve her \u015feyden \u00f6nce \u00e7a\u011fda\u015f demokrasinin gerektirdi\u011fi ilkelerden ayr\u0131lmaya ve T\u00fcrkiye Cumhuriyeti&#8217;ni  belirli bir tehlikeye ve s\u0131k\u0131nt\u0131ya sokacak boyutlara \u00e7oktan vard\u0131\u011f\u0131n\u0131 ileri s\u00fcren Kanado\u011flu, &#8220;Bu b\u00f6yle devam ederse do\u011frudan bir dikta rejimine gidilmektedir. Al\u0131nan kararlar ve uygulamalar Cumhuriyetin kurulu\u015f felsefesine ihanet edilen, \u00e7a\u011fda\u015f demokrasi ilkelerinden uzakla\u015fm\u0131\u015f bir hale geldi\u011fini g\u00f6steriyorsa, siyasi iktidar kendi siyasi ideolojisinin yerle\u015fmesi i\u00e7in yo\u011fun gayret g\u00f6steriyorsa ka\u00e7\u0131n\u0131lmaz sonu\u00e7 bir dikta rejimidir. Bu nedenle T\u00fcrk atas\u00f6z\u00fcndeki gibi &#8216;Bindik bir alamete gidiyoruz k\u0131yamete&#8217; s\u00f6z\u00fcn\u00fcn ger\u00e7ekle\u015fmesini istemiyorsak, yani k\u0131yamete gitmek istemiyorsak, alametten kurtulmal\u0131y\u0131z. Bu da ancak Cumhuriyet ve demokrasi iste\u011fi olan, Atat\u00fcrk milliyet\u00e7ili\u011fine inan ki\u015filerin, kurumlar\u0131n birle\u015fmesi g\u00fc\u00e7lerini birlikte hareket eder hale getirmesi ile olabilir&#8221; dedi.<\/p>\n<p style=\"text-align: justify;\">Kanado\u011flu&#8217;nun konu\u015fmas\u0131 izleyiciler taraf\u0131ndan dakikalarca ayakta alk\u0131\u015fland\u0131.<\/p>\n<p style=\"text-align: justify;\">Cumhuriyet Kad\u0131nlar\u0131 Derne\u011fi Genel Ba\u015fkan\u0131 Avukat \u015eenal Sar\u0131han da paneldeki konu\u015fmas\u0131nda son g\u00fcnlerdeki telefon dinlemelerine de\u011findi.<\/p>\n<p style=\"text-align: justify;\">Sar\u0131han, telefonu dinlenen, temel hak ve \u00f6zg\u00fcrl\u00fckleri k\u0131s\u0131tlan\u0131p, haklar\u0131 ihlal edilenleri \u0130\u00e7i\u015fleri Bakanl\u0131\u011f\u0131 aleyhine maddi ve manevi tazminat davas\u0131 a\u00e7maya davet etti.<\/p>\n<p style=\"text-align: justify;\"><span style=\"color: #888888;\">CNN T\u00dcRK<\/span><\/p>\n","protected":false},"excerpt":{"rendered":"<p style=\"text-align: center;\">\n<p style=\"text-align: justify;\">Yarg\u0131tay Onursal Ba\u015fsavc\u0131s\u0131 Sabih Kanado\u011flu, dinin siyasete alet edilerek Cumhuriyet ilkeleri, felsefesi, demokrasi ile insan hak ve \u00f6zg\u00fcrl\u00fcklerinden uzakla\u015f\u0131larak dikta rejimine do\u011fru gidildi\u011fini s\u00f6yledi. Kanado\u011flu ayr\u0131ca, &#8220;Ba\u015fbakan Recep Tayyip Erdo\u011fan&#8217;\u0131n 2012 y\u0131l\u0131nda cumhurba\u015fkan\u0131 olmas\u0131n\u0131 tam bir r\u00fcya olarak g\u00f6r\u00fcyorum&#8221; dedi. <\/p>\n","protected":false},"author":1,"featured_media":0,"comment_status":"open","ping_status":"closed","sticky":false,"template":"","format":"standard","meta":{"footnotes":""},"categories":[105],"tags":[],"class_list":["post-16764","post","type-post","status-publish","format-standard","hentry","category-gundem","odd"],"_links":{"self":[{"href":"http:\/\/www.korhanyilmaz.com\/index.php?rest_route=\/wp\/v2\/posts\/16764","targetHints":{"allow":["GET"]}}],"collection":[{"href":"http:\/\/www.korhanyilmaz.com\/index.php?rest_route=\/wp\/v2\/posts"}],"about":[{"href":"http:\/\/www.korhanyilmaz.com\/index.php?rest_route=\/wp\/v2\/types\/post"}],"author":[{"embeddable":true,"href":"http:\/\/www.korhanyilmaz.com\/index.php?rest_route=\/wp\/v2\/users\/1"}],"replies":[{"embeddable":true,"href":"http:\/\/www.korhanyilmaz.com\/index.php?rest_route=%2Fwp%2Fv2%2Fcomments&post=16764"}],"version-history":[{"count":0,"href":"http:\/\/www.korhanyilmaz.com\/index.php?rest_route=\/wp\/v2\/posts\/16764\/revisions"}],"wp:attachment":[{"href":"http:\/\/www.korhanyilmaz.com\/index.php?rest_route=%2Fwp%2Fv2%2Fmedia&parent=16764"}],"wp:term":[{"taxonomy":"category","embeddable":true,"href":"http:\/\/www.korhanyilmaz.com\/index.php?rest_route=%2Fwp%2Fv2%2Fcategories&post=16764"},{"taxonomy":"post_tag","embeddable":true,"href":"http:\/\/www.korhanyilmaz.com\/index.php?rest_route=%2Fwp%2Fv2%2Ftags&post=16764"}],"curies":[{"name":"wp","href":"https:\/\/api.w.org\/{rel}","templated":true}]}}