{"id":16760,"date":"2009-11-21T14:33:55","date_gmt":"2009-11-21T12:33:55","guid":{"rendered":"http:\/\/www.korhanyilmaz.com\/?p=16760"},"modified":"2009-11-21T14:33:55","modified_gmt":"2009-11-21T12:33:55","slug":"erdogan-millet-korku-senaryolarina-prim-vermez","status":"publish","type":"post","link":"http:\/\/www.korhanyilmaz.com\/?p=16760","title":{"rendered":"Erdo\u011fan: &#039;Millet korku senaryolar\u0131na prim vermez&#039;"},"content":{"rendered":"<p><a href=\"http:\/\/www.korhanyilmaz.com\/wp-content\/uploads\/2009\/11\/erdgan2.jpg\"  class=\"lightview\"><img loading=\"lazy\" decoding=\"async\" class=\"aligncenter size-full wp-image-16761\" src=\"http:\/\/www.korhanyilmaz.com\/wp-content\/uploads\/2009\/11\/erdgan2.jpg\" alt=\"\" width=\"292\" height=\"189\" \/><\/a><\/p>\n<p style=\"text-align: justify;\">AK Parti a\u00e7\u0131l\u0131mlar i\u00e7in bir araya geldi. K\u0131z\u0131lcahamam&#8217;daki 14. \u0130sti\u015fare Toplant\u0131s\u0131&#8217;n\u0131n a\u00e7\u0131l\u0131\u015f konu\u015fmas\u0131n\u0131 yapan Ba\u015fbakan Recep Tayyip Erdo\u011fan muhalefeti sert s\u00f6zlerle ele\u015ftirdi, &#8220;Kabaday\u0131 olmu\u015flar. Bizi erken se\u00e7imle tehdit ediyorlar&#8221; dedi. Erdo\u011fan, a\u00e7\u0131l\u0131m s\u00fcrecinin ilkbahar sonuna kadar devam edece\u011fini de s\u00f6yledi.<\/p>\n<p style=\"text-align: justify;\">Erdo\u011fan, b\u00f6lgedeki ter\u00f6r sorunu \u00e7\u00f6z\u00fclse bile ekonomik sorunlar\u0131n da mutlaka \u00e7\u00f6z\u00fclmesi gerekti\u011finin alt\u0131n\u0131 \u00e7izdi. <!--more--><\/p>\n<p style=\"text-align: justify;\">Ba\u015fbakan Erdo\u011fan, partisinin 14. \u0130sti\u015fare ve De\u011ferlendirme Toplant\u0131s\u0131&#8217;n\u0131n a\u00e7\u0131l\u0131\u015f\u0131nda yapt\u0131\u011f\u0131 konu\u015fmada, AK Parti&#8217;nin T\u00fcrkiye&#8217;ye ilkleri kazand\u0131rd\u0131\u011f\u0131n\u0131 s\u00f6yledi.<\/p>\n<p style=\"text-align: justify;\"><strong><em>K\u00fcrt A\u00e7\u0131l\u0131m\u0131 <\/em><\/strong><\/p>\n<p style=\"text-align: justify;\">Erdo\u011fan, &#8220;Bize emanet edilen bu co\u011frafyan\u0131n tarihidir, bize emanet edilen bu co\u011frafyan\u0131n namusudur, bize emanet edilen bu milletin huzuru ve emniyetidir, bu milletin refah\u0131 ve esenli\u011fidir, bize emanet edilen bayra\u011f\u0131m\u0131zdaki hilalin, bayra\u011f\u0131m\u0131zdaki y\u0131ld\u0131z\u0131n h\u00fcrriyeti ve istiklalidir. Ne t\u00fcr kirli senaryolar\u0131n g\u00fcndeme geldi\u011fini, hukukun konusu oldu\u011funu g\u00f6r\u00fcyorsunuz. B\u00fct\u00fcn bunlara ra\u011fmen biz inad\u0131na demokrasi dedik. B\u00fct\u00fcn bunlara ra\u011fmen biz hukuk dedik, adalet dedik. Millet a\u015fk\u0131na, \u00fclke a\u015fk\u0131na, hizmet a\u015fk\u0131na, &#8216;cehennem olsa gelen g\u00f6\u011fs\u00fcm\u00fczde s\u00f6nd\u00fcr\u00fcr\u00fcz, bu yol ki hak yoludur, d\u00f6nme bilmez y\u00fcr\u00fcr\u00fcz&#8217; dedik ve bu \u015fekilde y\u00fcr\u00fcd\u00fck&#8221; dedi.<\/p>\n<p style=\"text-align: justify;\"><strong><em>&#8220;A\u011f\u0131r travmalar ya\u015fand\u0131&#8221; <\/em><\/strong><\/p>\n<p style=\"text-align: justify;\">T\u00fcrk Milletinin birlik ve b\u00fct\u00fcnl\u00fc\u011f\u00fcn\u00fcn tarih boyunca defalarca s\u0131nand\u0131\u011f\u0131n\u0131 anlatan Erdo\u011fan, Kurtulu\u015f Sava\u015f\u0131&#8217;n\u0131n \u00f6ncesinde Osmanl\u0131 Devleti&#8217;nin toprak kaybederek k\u00fc\u00e7\u00fcld\u00fc\u011f\u00fcn\u00fc hat\u0131rlatt\u0131.<\/p>\n<p style=\"text-align: justify;\">Erdo\u011fan, Misak-\u0131 Milli s\u0131n\u0131rlar\u0131n\u0131n da bir s\u00fcre i\u015fgal alt\u0131nda kald\u0131\u011f\u0131n\u0131 kaydederek, bir\u00e7ok b\u00f6lgede a\u011f\u0131r travmalar\u0131n ya\u015fand\u0131\u011f\u0131na dikkat \u00e7ekti.<\/p>\n<p style=\"text-align: justify;\">Bu travman\u0131n milletin derin haf\u0131zas\u0131nda izler b\u0131rakt\u0131\u011f\u0131n\u0131 kabul etmek gerekti\u011fini belirten Erdo\u011fan, ancak T\u00fcrk Milletinin ya\u015fad\u0131\u011f\u0131 ac\u0131lar\u0131 geride b\u0131rak\u0131p ileriye y\u00fcr\u00fcmesini her zaman ba\u015fard\u0131\u011f\u0131n\u0131 s\u00f6yledi.<\/p>\n<p style=\"text-align: justify;\"><strong><em>&#8220;Sanal korkular, hayali tehditler&#8230;&#8221; <\/em><\/strong><\/p>\n<p style=\"text-align: justify;\">Ya\u015fanan ac\u0131lardan ve felaketlerden ders al\u0131nd\u0131\u011f\u0131n\u0131 vurgulayan Erdo\u011fan, yaralar\u0131n sar\u0131ld\u0131\u011f\u0131n\u0131 ve yola devam edildi\u011fini s\u00f6yledi.<\/p>\n<p style=\"text-align: justify;\">Ba\u015fbakan Erdo\u011fan, &#8220;Ya\u015fan\u0131lan ac\u0131lar\u0131, millet olarak ya\u015fanan travmalar\u0131, milletimizin derin haf\u0131zas\u0131n\u0131, kolektif bilincini bir korku arac\u0131 olarak kullananlar \u00e7\u0131kabiliyor. At\u0131lan her ad\u0131mda ge\u00e7mi\u015fte ya\u015fananlar\u0131 hat\u0131rlat\u0131p bu milleti korkuya mahkum etmek, korkuya teslim etmek isteyenler \u00e7\u0131kabiliyor. Yani bir korku toplumu olu\u015fturma gayreti i\u00e7erisinde olanlar \u00e7\u0131kabiliyor. Tarih yeterli gelmedi\u011finde sanal korkular, hayali tehditler \u00fcretip milleti bu \u015fekilde dize getireceklerine hala inanlan olabiliyor&#8221; diye konu\u015ftu.<\/p>\n<p style=\"text-align: justify;\"><strong><em>&#8220;Mustafa Kemal korksa cumhuriyet in\u015fa edilebilir miydi?&#8221; <\/em><\/strong><\/p>\n<p style=\"text-align: justify;\">&#8220;7 y\u0131l boyunca AK Parti olarak bunu defalarca ya\u015fad\u0131k, defalarca g\u00f6rd\u00fck. T\u00fcrkiye&#8217;nin hangi meselesine elimizi uzatsak orada \u00f6n\u00fcm\u00fcze engeller \u00e7\u0131kar\u0131ld\u0131. Avrupa Birli\u011fi dedik, &#8216;kimli\u011fimiz tehlike alt\u0131nda&#8217; dediler. K\u0131br\u0131s dedik, &#8216;milli menfaatlerimiz tehdit alt\u0131nda, pe\u015fke\u015f \u00e7ekiyorlar&#8217; dediler. Kom\u015fularla s\u0131f\u0131r problem dedik, &#8216;eksen kay\u0131yor&#8217; dediler&#8221; diyen Erdo\u011fan, &#8220;Ermenistan dedik, &#8216;Sevr&#8217; dediler. \u00c7etelerle m\u00fccadele dedik, &#8216;sak\u0131n ha dokunma&#8217; dediler. Hukuk dedik, &#8216;yakla\u015fma&#8217; dediler. Demokrasi dedik, &#8216;uzak dur, neyine laz\u0131m&#8217; dediler. \u015eimdi de Milli Birlik ve Karde\u015flik S\u00fcreci diyoruz, &#8216;ihanet&#8217; diyorlar, &#8216;h\u0131yanet&#8217; diyorlar, &#8216;m\u00fczakere, m\u00fctareke, b\u00f6l\u00fcnme&#8217; diyorlar. Ayn\u0131 siyaset, ayn\u0131 tav\u0131r, ayn\u0131 tutum ve \u00fcz\u00fclerek s\u00f6yl\u00fcyorum, ayn\u0131 korkak yakla\u015f\u0131m\u0131 sergiliyorlar. Eflatun ne g\u00fczel s\u00f6ylemi\u015f, &#8216;korkaklar hi\u00e7bir zaman zafer an\u0131t\u0131 dikememi\u015flerdir&#8221; \u015feklinde konu\u015ftu.<\/p>\n<p style=\"text-align: justify;\">Ba\u015fbakan, &#8220;E\u011fer Alparslan korksayd\u0131 Malazgirt olur muydu? K\u0131l\u0131\u00e7arslan korksayd\u0131 i\u015fgal ordular\u0131 Anadolu&#8217;da durdurulabilir miydi? Selahaddin Eyyubi korksayd\u0131 ismi tarihe yaz\u0131labilir miydi? Orhan Gazi korksa Bursa, Fatih korksa \u0130stanbul olur muydu? Pir Sultan korksa, Dadalo\u011flu korksa o muhte\u015fem dizeler dillerinden d\u00f6k\u00fcl\u00fcr m\u00fcyd\u00fc? Mimar Sinan korksa muhte\u015fem minareler Anadolu&#8217;dan Rumeli&#8217;nden g\u00f6\u011fe y\u00fckselebilir miydi? Mimar Hayrettin korksa azg\u0131n nehirlere bir gerdanl\u0131k gibi o k\u00f6pr\u00fcler kurulabilir miydi? Kahraman Mehmet\u00e7ik korksa \u00c7anakkale&#8217;de o destan yaz\u0131labilir miydi? Hasan Tahsin, S\u00fct\u00e7\u00fc \u0130mam, Nene Hatun, \u015eerife Bac\u0131 korksalar bu millet Kurtulu\u015f Sava\u015f\u0131&#8217;nda istiklaline kavu\u015fabilir miydi? Ve soruyorum sizlere Mustafa Kemal korksa bu cumhuriyet in\u015fa edilebilir miydi? Merhum Menderes korksayd\u0131 bize bu demokrasi miras\u0131n\u0131 b\u0131rakabilir miydi? Merhum \u00d6zal korksayd\u0131 kendisine yap\u0131lan suikast giri\u015fimin hemen ard\u0131ndan &#8216;Allah&#8217;\u0131n verdi\u011fi \u00f6mr\u00fc O&#8217;ndan ba\u015fka alacak yoktur&#8217; s\u00f6z\u00fcn\u00fc s\u00f6yleyebilir miydi?&#8221; diye konu\u015ftu.<\/p>\n<p style=\"text-align: justify;\">Erdo\u011fan, &#8220;Korku \u00fczerine \u00fclke in\u015fa edilemez. Korku \u00fczerine gelecek in\u015fa edilmez. Korku \u00fczerine demokrasi bina edilemez. Bunun i\u00e7indir yedi y\u0131ld\u0131r korkmad\u0131k. Yedi y\u0131ld\u0131r, \u00fcretilen korkulara boyun e\u011fmedik. Yedi y\u0131l boyunca korkanlardan, korkaklardan olmad\u0131k. Allah&#8217;\u0131n izniyle bundan sonra da korkmadan yolumuza devam edece\u011fiz&#8221; dedi.<\/p>\n<p style=\"text-align: justify;\">&#8220;G\u00fcn nutuk g\u00fcn\u00fc veya nutuk atma g\u00fcn\u00fc de\u011fildir&#8221; diyen Erdo\u011fan, &#8220;G\u00fcn s\u00fcsl\u00fc s\u00f6ylevler irat etme g\u00fcn\u00fc de\u011fildir, g\u00fcn \u00f6l\u00fcmlere \u00e7are bulma g\u00fcn\u00fcd\u00fcr. G\u00fcn akan kan\u0131 dindirme, annelerin g\u00f6zya\u015f\u0131n\u0131 bitirme g\u00fcn\u00fcd\u00fcr. Bundan gerisi laf\u0131 g\u00fczard\u0131r&#8221; ifadelerini kulland\u0131.<\/p>\n<p style=\"text-align: justify;\"><strong><em>&#8220;Oy avc\u0131l\u0131\u011f\u0131na kurban edilmek isteniyor&#8221; <\/em><\/strong><\/p>\n<p style=\"text-align: justify;\">Erdo\u011fan, son derece hassas bir s\u00fcre\u00e7ten geldi\u011fini vurgulayarak, &#8220;Muhalefet partilerinin tahrikleri ve istismarlar\u0131, vatanda\u015flar\u0131m\u0131z aras\u0131nda maalesef soru i\u015faretleri olu\u015fturuyor. B\u00f6ylesine hay\u0131rl\u0131, b\u00f6ylesine samimi ve kararl\u0131 bir giri\u015fim kar\u015f\u0131s\u0131nda bile \u00fclkenin, milletin hassas de\u011ferleri istismar ediliyor. Oy avc\u0131l\u0131\u011f\u0131na kurban edilmek isteniyor. Habur S\u0131n\u0131r Kap\u0131s\u0131&#8217;nda ya\u015fanan manzara ne kadar naho\u015fsa, ne kadar istismarsa, ne kadar tahrikse a\u00e7\u0131k s\u00f6yl\u00fcyorum bir \u015fehit annesini elinden tutarak Meclis&#8217;e ta\u015f\u0131mak, ona orada slogan att\u0131rmak, onun \u00fczerinden \u015fehitlerimizi ve \u015fehit ailelerimizi istismar etmek de o kadar naho\u015ftur, o kadar istismard\u0131r, o kadar provokasyondur&#8221; dedi.<\/p>\n<p style=\"text-align: justify;\"><strong><em>Telekulak Tart\u0131\u015fmalar\u0131 <\/em><\/strong><\/p>\n<p style=\"text-align: justify;\">Ba\u015fbakan Erdo\u011fan, &#8220;dinlenilme&#8221; konusunda da h\u00fck\u00fcmetin &#8220;insafs\u0131z ve haks\u0131z yere ele\u015ftirildi\u011fini&#8221; belirterek, &#8220;Bu konuda ilgili kurumlar\u0131m\u0131z, bakan arkada\u015flar\u0131m\u0131z gayet net a\u00e7\u0131klamalar yapt\u0131. Ula\u015ft\u0131rma ve Adalet bakan\u0131m\u0131n yapt\u0131\u011f\u0131 \u00e7ok a\u00e7\u0131k, net a\u00e7\u0131klamalar var. Meseleyi h\u00fck\u00fcmetle ba\u011flant\u0131l\u0131 g\u00f6sterenler art niyetli davran\u0131yorlar, kamuoyunu etkilemeye, zihinleri buland\u0131rmaya \u00e7al\u0131\u015f\u0131yorlar. Dinlenme meselesinin h\u00fck\u00fcmetle yak\u0131ndan, uzaktan ba\u011flant\u0131s\u0131 yoktur, zaten olamaz da&#8221; dedi.<\/p>\n<p style=\"text-align: justify;\">&#8220;Her \u015fey hukuki s\u00fcre\u00e7 i\u00e7inde geli\u015fiyor, sorunun \u00e7\u00f6z\u00fcm\u00fc de yine hukuk i\u00e7inde olacakt\u0131r. H\u00fck\u00fcmet olarak istismarlar\u0131, suistimalleri \u00f6nleyecek ad\u0131mlar\u0131 elbette ataca\u011f\u0131z, at\u0131yoruz&#8221; diyen Ba\u015fbakan, &#8220;Kar\u015f\u0131n\u0131zda dinleme ma\u011fduru olarak, usulsuz \u015fekilde dinlenen ba\u015fbakan olarak&#8230; Hakk\u0131nda herhangi bir mahkeme karar\u0131 olmaks\u0131z\u0131n dinlenen bir ba\u015fbakan var kar\u015f\u0131n\u0131zda. Baz\u0131 senaryolar haz\u0131rlayanlara sormak laz\u0131m, &#8216;Bu senaryolar\u0131 haz\u0131rl\u0131yorsunuz da acaba dergilerinde, \u015furada, burada Ba\u015fbakan\u0131n a\u00e7\u0131k\u00e7a dinlendi\u011fini yazanlara, \u00e7izenlere bu hesab\u0131 niye sormuyorsunuz&#8217; diye. Acaba bunu soranlar var m\u0131? Yaz\u0131l\u0131 ve g\u00f6rsel medyaya sesleniyorum; bunun hesab\u0131n\u0131 yap\u0131yor musunuz? Dinleme konusunda teknoloji o kadar ileri ki art niyetli olsam, bana ait olan dinlemeleri ortadan kald\u0131r\u0131r\u0131m. Bununla ilgili att\u0131\u011f\u0131m\u0131z yasal ad\u0131mlar var, ald\u0131\u011f\u0131m\u0131z tedbirler var. \u015eimdi yeni bir ad\u0131m daha at\u0131yoruz, atabilece\u011fimiz en ileri ad\u0131m neyse bu ad\u0131m\u0131 at\u0131yoruz, ataca\u011f\u0131z&#8221; dedi.<\/p>\n<p style=\"text-align: justify;\">Erdo\u011fan ayr\u0131ca, &#8220;Teknolojik olarak alabilece\u011fimiz en ileri tedbirler neyse bunu da alaca\u011f\u0131z. Biz, kim olursa olsun insanlar\u0131n dinlenilmesini, haklar\u0131nda bir mahkeme karar\u0131 olmaks\u0131z\u0131n dinlenilmesini bir defa insana sayg\u0131s\u0131zl\u0131k olarak g\u00f6r\u00fcyoruz. Gere\u011fi neyse bunu yapmak i\u00e7in yasal d\u00fczenlemeler yapmay\u0131 g\u00f6rev terakki ediyoruz&#8221; diye konu\u015ftu.<\/p>\n<p style=\"text-align: justify;\"><span style=\"color: #888888;\">CNN T\u00dcRK<\/span><\/p>\n","protected":false},"excerpt":{"rendered":"<\/p>\n<p style=\"text-align: justify;\">AK Parti a\u00e7\u0131l\u0131mlar i\u00e7in bir araya geldi. K\u0131z\u0131lcahamam&#8217;daki 14. \u0130sti\u015fare Toplant\u0131s\u0131&#8217;n\u0131n a\u00e7\u0131l\u0131\u015f konu\u015fmas\u0131n\u0131 yapan Ba\u015fbakan Recep Tayyip Erdo\u011fan muhalefeti sert s\u00f6zlerle ele\u015ftirdi, &#8220;Kabaday\u0131 olmu\u015flar. Bizi erken se\u00e7imle tehdit ediyorlar&#8221; dedi. Erdo\u011fan, a\u00e7\u0131l\u0131m s\u00fcrecinin ilkbahar sonuna kadar devam edece\u011fini de s\u00f6yledi.<\/p>\n<p style=\"text-align: justify;\">Erdo\u011fan, b\u00f6lgedeki ter\u00f6r sorunu \u00e7\u00f6z\u00fclse bile ekonomik sorunlar\u0131n da mutlaka <\/p>\n","protected":false},"author":1,"featured_media":0,"comment_status":"open","ping_status":"closed","sticky":false,"template":"","format":"standard","meta":{"footnotes":""},"categories":[105],"tags":[],"class_list":["post-16760","post","type-post","status-publish","format-standard","hentry","category-gundem","odd"],"_links":{"self":[{"href":"http:\/\/www.korhanyilmaz.com\/index.php?rest_route=\/wp\/v2\/posts\/16760","targetHints":{"allow":["GET"]}}],"collection":[{"href":"http:\/\/www.korhanyilmaz.com\/index.php?rest_route=\/wp\/v2\/posts"}],"about":[{"href":"http:\/\/www.korhanyilmaz.com\/index.php?rest_route=\/wp\/v2\/types\/post"}],"author":[{"embeddable":true,"href":"http:\/\/www.korhanyilmaz.com\/index.php?rest_route=\/wp\/v2\/users\/1"}],"replies":[{"embeddable":true,"href":"http:\/\/www.korhanyilmaz.com\/index.php?rest_route=%2Fwp%2Fv2%2Fcomments&post=16760"}],"version-history":[{"count":0,"href":"http:\/\/www.korhanyilmaz.com\/index.php?rest_route=\/wp\/v2\/posts\/16760\/revisions"}],"wp:attachment":[{"href":"http:\/\/www.korhanyilmaz.com\/index.php?rest_route=%2Fwp%2Fv2%2Fmedia&parent=16760"}],"wp:term":[{"taxonomy":"category","embeddable":true,"href":"http:\/\/www.korhanyilmaz.com\/index.php?rest_route=%2Fwp%2Fv2%2Fcategories&post=16760"},{"taxonomy":"post_tag","embeddable":true,"href":"http:\/\/www.korhanyilmaz.com\/index.php?rest_route=%2Fwp%2Fv2%2Ftags&post=16760"}],"curies":[{"name":"wp","href":"https:\/\/api.w.org\/{rel}","templated":true}]}}