{"id":16756,"date":"2009-11-21T18:45:18","date_gmt":"2009-11-21T16:45:18","guid":{"rendered":"http:\/\/www.korhanyilmaz.com\/?p=16756"},"modified":"2009-11-21T18:45:18","modified_gmt":"2009-11-21T16:45:18","slug":"ovit-gecit-vermiyor-18-kisi-mahsur","status":"publish","type":"post","link":"http:\/\/www.korhanyilmaz.com\/?p=16756","title":{"rendered":"Ovit ge\u00e7it vermiyor: 18 ki\u015fi mahsur"},"content":{"rendered":"<p><a href=\"http:\/\/www.korhanyilmaz.com\/wp-content\/uploads\/2009\/11\/cig.jpg\"  class=\"lightview\"><img loading=\"lazy\" decoding=\"async\" class=\"aligncenter size-full wp-image-16757\" src=\"http:\/\/www.korhanyilmaz.com\/wp-content\/uploads\/2009\/11\/cig.jpg\" alt=\"\" width=\"292\" height=\"193\" \/><\/a><\/p>\n<p style=\"text-align: justify;\">\u00c7\u0131\u011f d\u00fc\u015fmesi sonucu ula\u015f\u0131ma kapanan Rize-Erzurum karayolunun Ovit Da\u011f\u0131 mevkiinde mahsur kalan 18 ki\u015fiye yakla\u015f\u0131k 26 saattir ula\u015f\u0131lam\u0131yor. Yolcular\u0131 kurtarmak i\u00e7in b\u00f6lgeye giden 5 g\u00f6revliden de haber al\u0131nam\u0131yor. Mahsur kalanlar\u0131n telefonla yak\u0131nlar\u0131na ula\u015f\u0131p, &#8220;Donmak \u00fczereyiz, bizi kurtar\u0131n&#8221; dedikleri \u00f6\u011frenildi. Ula\u015ft\u0131rma Bakan\u0131 Binali Y\u0131ld\u0131r\u0131m b\u00f6lgeye gidiyor.<\/p>\n<p style=\"text-align: justify;\">Ara\u00e7ta bulunan \u00fcniversite \u00f6\u011frencisi Funda Fener, gece saat 03.00&#8217;te cep telefonu ile ailesine ula\u015farak mahsur kald\u0131klar\u0131n\u0131 bildirdi. <!--more--><\/p>\n<p style=\"text-align: justify;\">Fener, ailesine &#8220;Arac\u0131n mazotu bitiyor, donmak \u00fczereyiz, bizi kurtar\u0131n&#8221; dedi. Bu g\u00f6r\u00fc\u015fmeden sonra Funda Fener&#8217;in telefonuna ula\u015f\u0131lamad\u0131\u011f\u0131 \u00f6\u011frenildi.<\/p>\n<p style=\"text-align: justify;\">Bir midib\u00fcs i\u00e7inde mahsur kalan ve \u00e7o\u011funlu\u011funu Atat\u00fcrk \u00dcniversitesi \u0130spir Meslek Y\u00fcksekokulu (MYO) \u00fcniversite \u00f6\u011frencilerinin olu\u015fturdu\u011fu 18 ki\u015fiyi kurtarma \u00e7al\u0131\u015fmalar\u0131, b\u00f6lgede etkili olan tipi ve zaman zaman d\u00fc\u015fen \u00e7\u0131\u011f nedeniyle g\u00fc\u00e7l\u00fckle s\u00fcrd\u00fcr\u00fcl\u00fcyor.<\/p>\n<p style=\"text-align: justify;\">Rize ve Erzurum&#8217;dan \u00e7ok say\u0131da ekip b\u00f6lgeye sevk edildi. Genelkurmay Ba\u015fkanl\u0131\u011f\u0131&#8217;nca b\u00f6lgeye g\u00f6nderilen 4 adet helikopter ve 1 kasa u\u00e7a\u011f\u0131 ile 15 ki\u015filik tim de \u00e7al\u0131\u015fmalara destek veriyor.<\/p>\n<p style=\"text-align: justify;\">Bu arada, mahsur kalan midib\u00fcs\u00fc aramak \u00fczere \u0130spir il\u00e7esinden yola \u00e7\u0131kan 5 ki\u015fiden de haber al\u0131nam\u0131yor.<\/p>\n<p style=\"text-align: justify;\"><strong><em>Yak\u0131nlar\u0131 b\u00f6lgeye ak\u0131n etti <\/em><\/strong><\/p>\n<p style=\"text-align: justify;\">Mahsur kalanlardan baz\u0131lar\u0131n\u0131n yak\u0131nlar\u0131 da, kurtarma \u00e7al\u0131\u015fmalar\u0131n\u0131n y\u00fcr\u00fct\u00fcld\u00fc\u011f\u00fc Karayollar\u0131 103 \u015eube \u015eefli\u011fi&#8217;ne ba\u011fl\u0131 \u00c7aml\u0131k Bak\u0131mevi&#8217;nde olu\u015fturulan kriz merkezine geldi.<\/p>\n<p style=\"text-align: justify;\">Burada \u00e7al\u0131\u015fmalar\u0131 endi\u015fe i\u00e7inde takip etmeye \u00e7al\u0131\u015fan vatanda\u015flar, zaman zaman yak\u0131nlar\u0131yla telefon ba\u011flant\u0131s\u0131 kurarak durumlar\u0131 hakk\u0131nda bilgi al\u0131yor.<\/p>\n<p style=\"text-align: justify;\">Midib\u00fcste mahsur kalanlardan \u0130spir MYO \u00f6\u011frencisi Zafer Mutlu&#8217;nun amcas\u0131 Cevdet Mutlu, ye\u011feniyle g\u00f6r\u00fc\u015ft\u00fc\u011f\u00fcn\u00fc ve durumunun iyi oldu\u011funu \u00f6\u011frendi\u011fini belirterek, &#8220;Bir an \u00f6nce kurtar\u0131lmalar\u0131n\u0131 bekliyoruz&#8221; dedi.<\/p>\n<p style=\"text-align: justify;\">Bu arada, Ba\u015fbakan Recep Tayyip Erdo\u011fan da kurtarma \u00e7al\u0131\u015fmalar\u0131na ili\u015fkin bilgi ald\u0131. Ula\u015ft\u0131rma Bakan\u0131 Binal\u0131 Y\u0131ld\u0131r\u0131m da b\u00f6lgeye gidiyor.<\/p>\n<p style=\"text-align: justify;\">Yol d\u00fcn ak\u015fam saatlerinde \u00e7\u0131\u011f d\u00fc\u015fmesi sonucu ula\u015f\u0131ma kapanm\u0131\u015f, mahsur kalan 51 ki\u015fiden 33&#8217;\u00fc kurtar\u0131lm\u0131\u015ft\u0131.<\/p>\n<p style=\"text-align: justify;\"><strong><em>Vali Hac\u0131m\u00fcft\u00fco\u011flu: &#8220;Tabela olmas\u0131na ra\u011fmen&#8230;&#8221; <\/em><\/strong><\/p>\n<p style=\"text-align: justify;\">Bu yolda geceleri ge\u00e7i\u015fin yasak oldu\u011funu bildiren tabela olmas\u0131na ra\u011fmen yola \u00e7\u0131k\u0131lmas\u0131n\u0131n sorumsuzluk oldu\u011funu vurgulayan Rize Valisi Seyfullah Hac\u0131m\u00fcft\u00fco\u011flu, &#8220;Bu tabelalar\u0131 ak\u015famdan sabaha buraya dikmediler. \u0130nsanlar\u0131n daha dikkatli, duyarl\u0131 olmas\u0131 laz\u0131m. Biz \u00e7al\u0131\u015fmaktan \u00fc\u015fenmeyiz ama bu millete, buradaki insanlar\u0131n ailelerine yaz\u0131k. Yol \u015fu an kapal\u0131, b\u00fct\u00fcn T\u00fcrkiye kurtarma \u00e7al\u0131\u015fmas\u0131n\u0131 izliyor ama hala bizi aray\u0131p yolun ula\u015f\u0131ma a\u00e7\u0131k olup olmad\u0131\u011f\u0131n\u0131 soranlar var. Bu sorumsuzluktur. Burada ma\u011fdur olan ailelerin, firmalar\u0131 mahkemeye vermesi gerekti\u011fini d\u00fc\u015f\u00fcn\u00fcyorum. Olay sonras\u0131 gerekli \u00e7al\u0131\u015fmadan sonra biz de gerekli incelemeyi yapaca\u011f\u0131z&#8221; dedi.<\/p>\n<p style=\"text-align: justify;\">Karayollar\u0131 10. B\u00f6lge M\u00fcd\u00fcr\u00fc Zeynel Abidin Ye\u015fil ise 3 greyder ve kurtarma ekipleriyle \u00e7al\u0131\u015fmalar\u0131 s\u00fcrd\u00fcrd\u00fcklerini belirterek, &#8220;Erzurum taraf\u0131ndan da \u00e7al\u0131\u015fma yap\u0131l\u0131yor. \u015eu anda Ek\u015fio\u011flu Yaylas\u0131&#8217;na ula\u015ft\u0131lar&#8221; diye konu\u015ftu.<\/p>\n<p style=\"text-align: justify;\">\u00d6te yandan, kriz merkezinin oldu\u011fu b\u00f6lgede de zaman zaman sis ve tipi \u015feklinde kar ya\u011f\u0131\u015f\u0131 oldu\u011fu g\u00f6zlendi. \u00c7aml\u0131k mevkisi ile yol boyunca baz\u0131 yerlerde &#8220;Dikkat bu yol 17.00-07.00 saatleri aras\u0131nda trafi\u011fe kapal\u0131d\u0131r&#8221; uyar\u0131 levhalar\u0131 dikkat \u00e7ekti.<\/p>\n<p style=\"text-align: justify;\"><strong><em>Ardahan&#8217;da yollar kapand\u0131 <\/em><\/strong><\/p>\n<p style=\"text-align: justify;\">\u015eav\u015fat ve Ardahan-Posof karayollar\u0131 kar ya\u011f\u0131\u015f\u0131 ve tipi nedeniyle ula\u015f\u0131ma kapand\u0131.<\/p>\n<p style=\"text-align: justify;\">Kar ya\u011f\u0131\u015f\u0131 ve tipi nedeniyle Ardahan-\u015eav\u015fat karayolunun 22. kilometresindeki Sahara mevkisinden, Ardahan-Posof karayolunun ise 15. kilometresindeki Ilgar Da\u011f\u0131 mevkisinden itibaren ula\u015f\u0131m sa\u011flanam\u0131yor.<\/p>\n<p style=\"text-align: justify;\">Vali Yard\u0131mc\u0131s\u0131 Alper Balc\u0131, bu yollarda \u015fu anda karla m\u00fccadele \u00e7al\u0131\u015fmalar\u0131 yap\u0131lamad\u0131\u011f\u0131n\u0131, tipinin dinmesinin beklendi\u011fini ifade etti.<\/p>\n<p style=\"text-align: justify;\">Bu arada, Posof&#8217;a 15 kilometre uzaktaki S\u00fcng\u00fcl\u00fc ve 17 kilometre uzaktaki T\u00fcrkg\u00f6z\u00fc k\u00f6ylerine, f\u0131rt\u0131na nedeniyle enerji nakil hatlar\u0131nda meydana gelen ar\u0131za sonucu elektrik verilemedi\u011fi \u00f6\u011frenildi.<\/p>\n<p style=\"text-align: justify;\"><span style=\"color: #888888;\">CNN T\u00dcRK<\/span><\/p>\n","protected":false},"excerpt":{"rendered":"<\/p>\n<p style=\"text-align: justify;\">\u00c7\u0131\u011f d\u00fc\u015fmesi sonucu ula\u015f\u0131ma kapanan Rize-Erzurum karayolunun Ovit Da\u011f\u0131 mevkiinde mahsur kalan 18 ki\u015fiye yakla\u015f\u0131k 26 saattir ula\u015f\u0131lam\u0131yor. Yolcular\u0131 kurtarmak i\u00e7in b\u00f6lgeye giden 5 g\u00f6revliden de haber al\u0131nam\u0131yor. Mahsur kalanlar\u0131n telefonla yak\u0131nlar\u0131na ula\u015f\u0131p, &#8220;Donmak \u00fczereyiz, bizi kurtar\u0131n&#8221; dedikleri \u00f6\u011frenildi. Ula\u015ft\u0131rma Bakan\u0131 Binali Y\u0131ld\u0131r\u0131m b\u00f6lgeye gidiyor.<\/p>\n<p style=\"text-align: justify;\">Ara\u00e7ta bulunan \u00fcniversite \u00f6\u011frencisi Funda <\/p>\n","protected":false},"author":1,"featured_media":0,"comment_status":"open","ping_status":"closed","sticky":false,"template":"","format":"standard","meta":{"footnotes":""},"categories":[105],"tags":[],"class_list":["post-16756","post","type-post","status-publish","format-standard","hentry","category-gundem","odd"],"_links":{"self":[{"href":"http:\/\/www.korhanyilmaz.com\/index.php?rest_route=\/wp\/v2\/posts\/16756","targetHints":{"allow":["GET"]}}],"collection":[{"href":"http:\/\/www.korhanyilmaz.com\/index.php?rest_route=\/wp\/v2\/posts"}],"about":[{"href":"http:\/\/www.korhanyilmaz.com\/index.php?rest_route=\/wp\/v2\/types\/post"}],"author":[{"embeddable":true,"href":"http:\/\/www.korhanyilmaz.com\/index.php?rest_route=\/wp\/v2\/users\/1"}],"replies":[{"embeddable":true,"href":"http:\/\/www.korhanyilmaz.com\/index.php?rest_route=%2Fwp%2Fv2%2Fcomments&post=16756"}],"version-history":[{"count":0,"href":"http:\/\/www.korhanyilmaz.com\/index.php?rest_route=\/wp\/v2\/posts\/16756\/revisions"}],"wp:attachment":[{"href":"http:\/\/www.korhanyilmaz.com\/index.php?rest_route=%2Fwp%2Fv2%2Fmedia&parent=16756"}],"wp:term":[{"taxonomy":"category","embeddable":true,"href":"http:\/\/www.korhanyilmaz.com\/index.php?rest_route=%2Fwp%2Fv2%2Fcategories&post=16756"},{"taxonomy":"post_tag","embeddable":true,"href":"http:\/\/www.korhanyilmaz.com\/index.php?rest_route=%2Fwp%2Fv2%2Ftags&post=16756"}],"curies":[{"name":"wp","href":"https:\/\/api.w.org\/{rel}","templated":true}]}}