{"id":16751,"date":"2009-11-21T07:49:03","date_gmt":"2009-11-21T05:49:03","guid":{"rendered":"http:\/\/www.korhanyilmaz.com\/?p=16751"},"modified":"2009-11-21T07:49:03","modified_gmt":"2009-11-21T05:49:03","slug":"basbakan-alevileri-yakanlarin-gomlegini-tasiyor","status":"publish","type":"post","link":"http:\/\/www.korhanyilmaz.com\/?p=16751","title":{"rendered":"&#039;Ba\u015fbakan Alevileri yakanlar\u0131n g\u00f6mle\u011fini ta\u015f\u0131yor&#039;"},"content":{"rendered":"<p><a href=\"http:\/\/www.korhanyilmaz.com\/wp-content\/uploads\/2009\/11\/alevi.Jpeg\"  class=\"lightview\"><img loading=\"lazy\" decoding=\"async\" class=\"aligncenter size-full wp-image-16752\" src=\"http:\/\/www.korhanyilmaz.com\/wp-content\/uploads\/2009\/11\/alevi.Jpeg\" alt=\"\" width=\"322\" height=\"97\" \/><\/a><\/p>\n<p style=\"text-align: justify;\">CHP Genel Ba\u015fkan Yard\u0131mc\u0131s\u0131 Bihlun Tamayl\u0131gil, Ba\u015fbakan Recep Tayyip Erdo\u011fan&#8217;\u0131n belediye ba\u015fkanl\u0131\u011f\u0131 s\u0131ras\u0131nda cemevi y\u0131kmaya \u00e7al\u0131\u015ft\u0131\u011f\u0131n\u0131 \u00f6ne s\u00fcrerek, &#8220;Bu Ba\u015fbakan d\u00fcn Sivas&#8217;ta Mad\u0131mak ate\u015fe verilir ve canlar yak\u0131l\u0131rken s\u0131rt\u0131nda can&#8217;lar\u0131 yakanlar\u0131n ve yakanlar\u0131 savunanlar\u0131n g\u00f6mle\u011fini ta\u015f\u0131maktayd\u0131. Ayn\u0131 Erdo\u011fan k\u0131sa bir s\u00fcre \u00f6ncesine y\u00f6nelik b\u00f6ylesine a\u011f\u0131r y\u00fckleri ve sorumluluklar\u0131 s\u0131rt\u0131nda ta\u015f\u0131m\u0131yormu\u015f gibi, ba\u015fta Aleviler olmak \u00fczere kamuoyunu aldatmaya, kand\u0131rmaya \u00e7al\u0131\u015f\u0131yor. Her zaman oldu\u011fu gibi CHP&#8217;ye sald\u0131rmay\u0131 da ihmal etmiyor&#8221; dedi. <!--more--><\/p>\n<p style=\"text-align: justify;\">CHP Genel Ba\u015fkan Yard\u0131mc\u0131s\u0131 Bihlun Tamayl\u0131gil, Ba\u015fbakan Recep Tayyip Erdo\u011fan\u2019\u0131n &#8220;sab\u0131ka kay\u0131tlar\u0131&#8221; ve &#8220;kuyruk ac\u0131s\u0131&#8221; nedeniyle CHP\u2019ye sald\u0131rd\u0131\u011f\u0131n\u0131 \u00f6ne s\u00fcrerek, &#8220;Bu Ba\u015fbakan d\u00fcn Sivas\u2019ta Mad\u0131mak ate\u015fe verilir ve canlar yak\u0131l\u0131rken s\u0131rt\u0131nda canlar\u0131 yakanlar\u0131n ve yakanlar\u0131 savunanlar\u0131n g\u00f6mle\u011fini ta\u015f\u0131maktayd\u0131&#8221; dedi.<\/p>\n<p style=\"text-align: justify;\">Tamayl\u0131gil yaz\u0131l\u0131 a\u00e7\u0131klamas\u0131nda, AKP Genel Ba\u015fkan\u0131 Recep Tayyip Erdo\u011fan\u2019\u0131n yak\u0131n ge\u00e7mi\u015fte y\u0131kmak i\u00e7in buldozerle cemevinin kap\u0131s\u0131na dayanan bir \u0130stanbul B\u00fcy\u00fck\u015fehir Belediye\u2019nin Ba\u015fkan\u0131 oldu\u011funu iddia etti. Ba\u015fbakan Erdo\u011fan\u2019\u0131n &#8220;sab\u0131ka kay\u0131tlar\u0131&#8221; ve &#8220;kuyruk ac\u0131s\u0131&#8221; nedeniyle CHP\u2019ye sald\u0131rd\u0131\u011f\u0131n\u0131 \u00f6ne s\u00fcren Bihlun Tamayl\u0131gil, &#8220;Bu Ba\u015fbakan d\u00fcn Sivas\u2019ta Mad\u0131mak ate\u015fe verilir ve canlar yak\u0131l\u0131rken s\u0131rt\u0131nda can\u2019lar\u0131 yakanlar\u0131n ve yakanlar\u0131 savunanlar\u0131n g\u00f6mle\u011fini ta\u015f\u0131maktayd\u0131. Ayn\u0131 Erdo\u011fan k\u0131sa bir s\u00fcre \u00f6ncesine y\u00f6nelik b\u00f6ylesine a\u011f\u0131r y\u00fckleri ve sorumluluklar\u0131 s\u0131rt\u0131nda ta\u015f\u0131m\u0131yorm\u0131\u0131\u015f gibi, ba\u015fta Aleviler olmak \u00fczere kamuoyunu aldatmaya, kand\u0131rmaya \u00e7al\u0131\u015f\u0131yor. Her zaman oldu\u011fu gibi CHP\u2019ye sald\u0131rmay\u0131 da ihmal etmiyor&#8221; dedi. Tamayl\u0131gil \u015f\u00f6yle devam etti:<\/p>\n<p style=\"text-align: justify;\"><strong><em>Ba\u015fbakan a\u011fz\u0131n\u0131 40 tas su ile y\u0131kamal\u0131<\/em><\/strong><\/p>\n<p style=\"text-align: justify;\">&#8220;AKP Genel Ba\u015fkan\u0131n\u0131n bu sald\u0131rganl\u0131\u011f\u0131 kendisinin ve Alevileri yakanlar\u0131n, yakanlara avukatl\u0131k yapanlar\u0131n sab\u0131ka kay\u0131tlar\u0131n\u0131n kabar\u0131kl\u0131\u011f\u0131ndan kaynaklanmaktad\u0131r. Bu bir kuyruk ac\u0131s\u0131d\u0131r ama hi\u00e7bir ac\u0131, Cem evi buldozerle y\u0131k\u0131lmak istenirken duyulan ac\u0131dan, Mad\u0131mak\u2019ta canlar diri diri yak\u0131l\u0131rken, yakanlar\u0131 Erdo\u011fan gibiler savunurken duyulan ac\u0131dan daha b\u00fcy\u00fck olamaz. Ter\u00f6r \u00f6rg\u00fct\u00fc \u00fcyelerini davullarla zurnalarla halaylarla kar\u015f\u0131latan Ba\u015fbakan, \u015fehit anas\u0131n\u0131n g\u0131rtla\u011f\u0131n\u0131n s\u0131k\u0131larak g\u00f6zalt\u0131na al\u0131nmas\u0131n\u0131 hakl\u0131 bulurken \u015fehitlerimize, gazilerimize ne kadar sayg\u0131s\u0131z ve samimiyetsizse, Alevilere y\u00f6nelik s\u00f6zde a\u00e7\u0131l\u0131mlar\u0131nda da kadar samimiyetsizdir. AKP Genel Ba\u015fkan\u0131 Alevilere de, CHP\u2019ye de laf s\u00f6ylerken a\u011fz\u0131n\u0131 40 tas su ile y\u0131kamal\u0131d\u0131r.&#8221; <span style=\"color: #888888;\">(ANKA)<\/span><\/p>\n<p style=\"text-align: justify;\"><span style=\"color: #888888;\">Radikal<\/span><\/p>\n","protected":false},"excerpt":{"rendered":"<\/p>\n<p style=\"text-align: justify;\">CHP Genel Ba\u015fkan Yard\u0131mc\u0131s\u0131 Bihlun Tamayl\u0131gil, Ba\u015fbakan Recep Tayyip Erdo\u011fan&#8217;\u0131n belediye ba\u015fkanl\u0131\u011f\u0131 s\u0131ras\u0131nda cemevi y\u0131kmaya \u00e7al\u0131\u015ft\u0131\u011f\u0131n\u0131 \u00f6ne s\u00fcrerek, &#8220;Bu Ba\u015fbakan d\u00fcn Sivas&#8217;ta Mad\u0131mak ate\u015fe verilir ve canlar yak\u0131l\u0131rken s\u0131rt\u0131nda can&#8217;lar\u0131 yakanlar\u0131n ve yakanlar\u0131 savunanlar\u0131n g\u00f6mle\u011fini ta\u015f\u0131maktayd\u0131. Ayn\u0131 Erdo\u011fan k\u0131sa bir s\u00fcre \u00f6ncesine y\u00f6nelik b\u00f6ylesine a\u011f\u0131r y\u00fckleri ve sorumluluklar\u0131 s\u0131rt\u0131nda ta\u015f\u0131m\u0131yormu\u015f gibi, ba\u015fta <\/p>\n","protected":false},"author":1,"featured_media":0,"comment_status":"open","ping_status":"closed","sticky":false,"template":"","format":"standard","meta":{"footnotes":""},"categories":[105],"tags":[],"class_list":["post-16751","post","type-post","status-publish","format-standard","hentry","category-gundem","odd"],"_links":{"self":[{"href":"http:\/\/www.korhanyilmaz.com\/index.php?rest_route=\/wp\/v2\/posts\/16751","targetHints":{"allow":["GET"]}}],"collection":[{"href":"http:\/\/www.korhanyilmaz.com\/index.php?rest_route=\/wp\/v2\/posts"}],"about":[{"href":"http:\/\/www.korhanyilmaz.com\/index.php?rest_route=\/wp\/v2\/types\/post"}],"author":[{"embeddable":true,"href":"http:\/\/www.korhanyilmaz.com\/index.php?rest_route=\/wp\/v2\/users\/1"}],"replies":[{"embeddable":true,"href":"http:\/\/www.korhanyilmaz.com\/index.php?rest_route=%2Fwp%2Fv2%2Fcomments&post=16751"}],"version-history":[{"count":0,"href":"http:\/\/www.korhanyilmaz.com\/index.php?rest_route=\/wp\/v2\/posts\/16751\/revisions"}],"wp:attachment":[{"href":"http:\/\/www.korhanyilmaz.com\/index.php?rest_route=%2Fwp%2Fv2%2Fmedia&parent=16751"}],"wp:term":[{"taxonomy":"category","embeddable":true,"href":"http:\/\/www.korhanyilmaz.com\/index.php?rest_route=%2Fwp%2Fv2%2Fcategories&post=16751"},{"taxonomy":"post_tag","embeddable":true,"href":"http:\/\/www.korhanyilmaz.com\/index.php?rest_route=%2Fwp%2Fv2%2Ftags&post=16751"}],"curies":[{"name":"wp","href":"https:\/\/api.w.org\/{rel}","templated":true}]}}