{"id":16747,"date":"2009-11-21T18:09:35","date_gmt":"2009-11-21T16:09:35","guid":{"rendered":"http:\/\/www.korhanyilmaz.com\/?p=16747"},"modified":"2009-11-21T18:09:35","modified_gmt":"2009-11-21T16:09:35","slug":"yargitayda-bocek-taramasi-yapiliyor","status":"publish","type":"post","link":"http:\/\/www.korhanyilmaz.com\/?p=16747","title":{"rendered":"Yarg\u0131tay&#039;da b\u00f6cek taramas\u0131 yap\u0131l\u0131yor"},"content":{"rendered":"<p><a href=\"http:\/\/www.korhanyilmaz.com\/wp-content\/uploads\/2009\/11\/gerceker1.jpg\"  class=\"lightview\"><img loading=\"lazy\" decoding=\"async\" class=\"aligncenter size-full wp-image-16748\" src=\"http:\/\/www.korhanyilmaz.com\/wp-content\/uploads\/2009\/11\/gerceker1.jpg\" alt=\"\" width=\"292\" height=\"224\" \/><\/a><\/p>\n<p style=\"text-align: justify;\">Yarg\u0131tay Ba\u015fkan\u0131 Hasan Ger\u00e7eker, Yarg\u0131tay&#8217;da periyodik olarak b\u00f6cek taramas\u0131 yap\u0131ld\u0131\u011f\u0131n\u0131 belirterek, &#8220;Yapt\u0131rd\u0131k, inkar edecek de\u011filim. \u00c7o\u011fu arkada\u015f\u0131m\u0131z da yapt\u0131rd\u0131&#8221; dedi.<\/p>\n<p style=\"text-align: justify;\">Gen\u00e7lik ve Spor Genel M\u00fcd\u00fcrl\u00fc\u011f\u00fc (GSGM) Tahkim Kurulu Ba\u015fkan\u0131 da olan Ger\u00e7eker, Kadir Has \u00dcniversitesi Spor Hukuku Ara\u015ft\u0131rma ve Uygulama Merkezinin d\u00fczenledi\u011fi, Spor Hukuku ve Y\u00f6netimi Sertifika Program\u0131 kapsam\u0131nda \u00f6\u011frencilere ders verdi. <!--more--><\/p>\n<p style=\"text-align: justify;\">Dersten sonra bas\u0131n mensuplar\u0131n\u0131n g\u00fcndeme ili\u015fkin sorular\u0131n\u0131 yan\u0131tlayan Ger\u00e7eker, bir soru \u00fczerine, Yarg\u0131tay&#8217;da periyodik olarak b\u00f6cek taramas\u0131 yap\u0131ld\u0131\u011f\u0131n\u0131 belirterek, &#8220;Yapt\u0131rd\u0131k, inkar edecek de\u011filim. \u00c7o\u011fu arkada\u015f\u0131m\u0131z da yapt\u0131rd\u0131. Ama ben bunu, \u00f6zellikle yapt\u0131rm\u0131\u015f de\u011filim. Bizim kontrol koruma sistemimiz var, periyodik olarak yap\u0131l\u0131yor. Koruma g\u00f6revlisi arkada\u015flar\u0131m\u0131z, benim s\u00f6ylememe gerek yok, ister istemez yap\u0131yorlar&#8221; dedi.<\/p>\n<p style=\"text-align: justify;\">Hukuka ayk\u0131r\u0131 dinlemelerin \u00e7\u00f6z\u00fcme kavu\u015fmas\u0131 i\u00e7in toplumda bilin\u00e7lenme olmas\u0131 gerekti\u011fini belirten Ger\u00e7eker, yapt\u0131r\u0131mlar\u0131n da a\u011f\u0131rla\u015ft\u0131r\u0131lmas\u0131 yoluna gidildi\u011fini s\u00f6yledi.<\/p>\n<p style=\"text-align: justify;\">Ger\u00e7eker, yarg\u0131 mekanizmas\u0131na da b\u00fcy\u00fck g\u00f6rev d\u00fc\u015ft\u00fc\u011f\u00fcn\u00fc ifade ederek, &#8220;Hakim, savc\u0131 ve kolluk g\u00fc\u00e7leri, hukuken ge\u00e7erli olmayan, hukuka ayk\u0131r\u0131 olmayan delillere itibar etmemeli&#8221; dedi.<\/p>\n<p style=\"text-align: justify;\">Hasan Ger\u00e7eker, &#8220;Ki\u015fisel \u00f6nleminizi ald\u0131n\u0131z m\u0131?&#8221; sorusu \u00fczerine &#8220;Benim bir korkum yok, hi\u00e7bir \u015feyden korkmuyorum. Dinlerlerse dinlesinler&#8221; denildi\u011fini ifade ederek, asl\u0131nda bunlar\u0131n do\u011fru olmad\u0131\u011f\u0131n\u0131 s\u00f6yledi.<\/p>\n<p style=\"text-align: justify;\">Zaman zaman soru\u015fturmalar s\u0131ras\u0131nda dosyaya delil olarak konulan dinleme kay\u0131tlar\u0131 ile kar\u015f\u0131la\u015ft\u0131klar\u0131n\u0131 anlatan Ger\u00e7eker, &#8220;Bunu somut olarak ya\u015fad\u0131\u011f\u0131m i\u00e7in ne kadar ac\u0131 oldu\u011funu \u00e7ok iyi biliyorum. Bir hakimi, bir savc\u0131y\u0131 ya da herhangi bir vatanda\u015f\u0131 al\u0131yorsunuz, oturuyorsunuz, \u00f6n\u00fcn\u00fcze getiriyorlar, DVD&#8217;yi a\u00e7\u0131yorlar. Onun en mahrem konu\u015fmalar\u0131n\u0131, kar\u0131s\u0131yla, \u00e7ocu\u011fuyla, arkada\u015f\u0131yla yapt\u0131\u011f\u0131 konu\u015fmay\u0131 dinliyorsunuz. Espri yapm\u0131\u015f, \u015faka yapm\u0131\u015f, icab\u0131nda k\u00fcf\u00fcr etmi\u015f ya da ba\u015fka \u015feyler s\u00f6ylemi\u015f. \u0130nan\u0131n benim o konu\u015fmalar\u0131 dinlerken i\u00e7im ezildi. Bu o kadar k\u00f6t\u00fc bir \u015fey ki&#8230; Basit bir olay de\u011fil. \u0130nsan\u0131 inciten bir olay. Bunlar insan\u0131n t\u00fcylerini diken diken eden, \u00fcrperten olaylar. Bunun mutlaka \u00e7\u00f6z\u00fcmlenmesi gerekiyor. Teknolojik geli\u015fmeler o kadar ilerlemi\u015f ki uluslararas\u0131 boyutta, uydular, teknik aletler arac\u0131l\u0131\u011f\u0131yla dinlemeler yap\u0131labiliyor&#8221; dedi.<\/p>\n<p style=\"text-align: justify;\"><strong><em>Yarg\u0131tay santralinin dinlenmesi <\/em><\/strong><\/p>\n<p style=\"text-align: justify;\">Hasan Ger\u00e7eker, &#8220;Yarg\u0131tay santrali, \u00f6nlem al\u0131nd\u0131\u011f\u0131 i\u00e7in mi dinlenilemedi?&#8221; sorusu \u00fczerine, santralin dinlenilip dinlenilmedi\u011fi konusunun kesinlik kazanmad\u0131\u011f\u0131n\u0131 s\u00f6yledi.<\/p>\n<p style=\"text-align: justify;\">T\u0130B&#8217;in, bir Yarg\u0131tay Cumhuriyet Savc\u0131s\u0131 hakk\u0131nda dinlenme karar\u0131 al\u0131nd\u0131\u011f\u0131n\u0131 belirtti\u011fini kaydeden Ger\u00e7eker, yasal olarak dinlenilmesi m\u00fcmk\u00fcn olmayan Yarg\u0131tay \u00fcyelerin t\u00fcm\u00fcn\u00fcn dinlenilip dinlenilmedi\u011fini ortaya \u00e7\u0131karmaya \u00e7al\u0131\u015ft\u0131klar\u0131n\u0131 s\u00f6yledi. T\u0130B Ba\u015fkan\u0131&#8217;n\u0131n &#8220;Teknik a\u00e7\u0131dan dinlenilme olana\u011f\u0131 olmad\u0131\u011f\u0131 i\u00e7in dinleyemedik&#8221; dedi\u011fini an\u0131msatan Ger\u00e7eker, bunu da ara\u015ft\u0131rd\u0131klar\u0131n\u0131 kaydetti.<\/p>\n<p style=\"text-align: justify;\">Ger\u00e7eker, &#8220;Yarg\u0131tay&#8217;\u0131n telefonlar\u0131n\u0131n dinlenilmesiyle ilgili Sincan 1. A\u011f\u0131r Ceza Mahkemesi&#8217;nin Telekom\u00fcnikasyon \u0130leti\u015fim Ba\u015fkanl\u0131\u011f\u0131&#8217;n\u0131n (T\u0130B) kay\u0131tlar\u0131na el konulmas\u0131 kararlar\u0131 vard\u0131, M\u0130T de buna ulusal g\u00fcvenli\u011fi zedeleyece\u011fi gerek\u00e7esiyle kar\u015f\u0131 \u00e7\u0131kt\u0131. Konuyla ilgili de\u011ferlendirmenizi alabilir miyiz?&#8221; sorusu \u00fczerine, bu konuda de\u011ferlendirme yapmas\u0131n\u0131n m\u00fcmk\u00fcn olmad\u0131\u011f\u0131n\u0131 s\u00f6yledi.<\/p>\n<p style=\"text-align: justify;\">Ger\u00e7eker, sadece bas\u0131nda \u00e7\u0131kan haberlerle de\u011ferlendirme yap\u0131ld\u0131\u011f\u0131nda do\u011fru sonu\u00e7lara var\u0131lamad\u0131\u011f\u0131n\u0131 belirterek, &#8220;\u0130\u015fin esas\u0131n\u0131 bilmemiz laz\u0131m. O<\/p>\n<p style=\"text-align: justify;\">konuda bir \u00f6n inceleme yap\u0131yoruz. \u00d6n incelememiz bitmedi. Her boyutuyla olay\u0131 ara\u015ft\u0131r\u0131yoruz. Ancak incelememiz bittikten sonra sa\u011fl\u0131kl\u0131 bir d\u00fc\u015f\u00fcnce ortaya koymam\u0131z m\u00fcmk\u00fcn olur. Ama \u015fu anda zaman vermek \u00e7ok m\u00fcmk\u00fcn de\u011fil&#8221; diye konu\u015ftu.<\/p>\n<p style=\"text-align: justify;\">&#8220;Dinleme olaylar\u0131 \u00fczerine Yarg\u0131tay Cumhuriyet Ba\u015fsavc\u0131s\u0131 Abdurrahman Yal\u00e7\u0131nkaya&#8217;n\u0131n ba\u015flatt\u0131\u011f\u0131 s\u00fcre\u00e7 \u00fczerine, Sabih Kanado\u011flu, &#8216;Konunun, AK Parti&#8217;nin kapat\u0131lmas\u0131na kadar gidebilece\u011fini&#8217; s\u00f6yledi. Bunu nas\u0131l de\u011ferlendiriyorsunuz?&#8221; sorusunu da Ger\u00e7eker, &#8220;O konu ile ilgili de bir \u015fey s\u00f6yleyemem. \u00c7\u00fcnk\u00fc Yarg\u0131tay Cumhuriyet Ba\u015fsavc\u0131s\u0131&#8217;n\u0131n g\u00f6rev ve yetkileri kanunda say\u0131lm\u0131\u015ft\u0131r. Ba\u015fsavc\u0131&#8217;n\u0131n \u00e7al\u0131\u015fmalar\u0131 bizim d\u0131\u015f\u0131m\u0131zda olan \u00e7al\u0131\u015fmalard\u0131r. O konuda bilgim yok&#8221; diye yan\u0131tlad\u0131.<\/p>\n<p style=\"text-align: justify;\"><strong><em>&#8220;Tam ba\u011f\u0131ms\u0131z yarg\u0131 kuruldu\u011funda&#8230;&#8221; <\/em><\/strong><\/p>\n<p style=\"text-align: justify;\">Yarg\u0131tay Ba\u015fkan\u0131 Ger\u00e7eker, &#8220;Bu s\u00fcre\u00e7 nereye gider?&#8221; sorusunu da, &#8220;S\u00fcrecin nereye gidece\u011fini kimse bilemez. Ama demokratik hukuk devleti, hukukun \u00fcst\u00fcnl\u00fc\u011f\u00fc, temel hak ve \u00f6zg\u00fcrl\u00fcklere en \u00fcst d\u00fczeyde sayg\u0131l\u0131 bir demokratik sistemi istiyorsak, elbette ki kamuoyunda yanl\u0131\u015f yorumlamalara neden olacak birtak\u0131m sorunlar\u0131n ortadan kalkmas\u0131 gerekiyor. Tam ba\u011f\u0131ms\u0131z bir yarg\u0131 sistemi kuruldu\u011fu zaman bu t\u00fcr sorunlar\u0131n en asgari d\u00fczeye inece\u011fine inan\u0131yoruz. Anayasa&#8217;da \u00f6zellikle yarg\u0131 ba\u011f\u0131ms\u0131zl\u0131\u011f\u0131 konusunda ele\u015ftirdi\u011fimiz bir\u00e7ok h\u00fck\u00fcm var. Ama bunun d\u0131\u015f\u0131nda Anayasam\u0131zda \u00e7ok g\u00fczel h\u00fck\u00fcmler de var. Anayasa, yarg\u0131 ba\u011f\u0131ms\u0131zl\u0131\u011f\u0131n\u0131 ve kuvvetler ayr\u0131l\u0131\u011f\u0131 ilkesini \u00f6ng\u00f6r\u00fcyor. Biz buna uygun bir yarg\u0131 sistemi kurulmas\u0131n\u0131 istiyoruz. Yarg\u0131 denetimini kendi i\u00e7inde yapt\u0131\u011f\u0131 zaman daha sa\u011fl\u0131kl\u0131 sonu\u00e7lar al\u0131naca\u011f\u0131na inan\u0131yoruz. Temel hak ve \u00f6zg\u00fcrl\u00fckler i\u00e7inde en \u00f6nemlisi olan haberle\u015fme \u00f6zg\u00fcrl\u00fc\u011f\u00fc ve \u00f6zel hayat\u0131n gizlili\u011fi gibi konular\u0131n da en \u00fcst d\u00fczeyde korunaca\u011f\u0131na inan\u0131yoruz. Onun i\u00e7in bu sorunlar\u0131n halledilmesini istiyoruz&#8221; diye yan\u0131tlad\u0131.<\/p>\n<p style=\"text-align: justify;\"><strong><em>HSYK&#8217;n\u0131n yap\u0131s\u0131 <\/em><\/strong><\/p>\n<p style=\"text-align: justify;\">Hasan Ger\u00e7eker, &#8220;Anayasa&#8217;n\u0131n de\u011fi\u015fmesi mi gerekiyor?&#8221; sorusunu yan\u0131tlarken, Anayasa&#8217;n\u0131n baz\u0131 maddelerinin yarg\u0131 ba\u011f\u0131ms\u0131zl\u0131\u011f\u0131n\u0131n sa\u011flanmas\u0131 do\u011frultusunda de\u011fi\u015ftirilmesi gerekti\u011fini ifade etti.<\/p>\n<p style=\"text-align: justify;\">Hakimler ve Savc\u0131lar Y\u00fcksek Kurulunun (HSYK) yap\u0131s\u0131 bak\u0131m\u0131ndan birtak\u0131m maddelerin de\u011fi\u015fmesi gerekti\u011fini belirten Ger\u00e7eker, &#8220;Mesela hakimler ve savc\u0131lar bug\u00fcn idari bak\u0131mdan Adalet Bakanl\u0131\u011f\u0131&#8217;na ba\u011fl\u0131d\u0131r. Bu da sonu\u00e7 itibariyle hakimler ve savc\u0131lar \u00fczerine de idari vesayet olu\u015fturuyor&#8221; dedi.<\/p>\n<p style=\"text-align: justify;\">Hakimler ve savc\u0131lar\u0131n idari bak\u0131mdan HSYK&#8217;ya ba\u011fl\u0131 olmas\u0131 gerekti\u011fini kaydeden Ger\u00e7eker, bu konuda Avrupa&#8217;da her \u00fclkenin benimsedi\u011fi de\u011fi\u015fik sistemler oldu\u011funu s\u00f6yledi.<\/p>\n<p style=\"text-align: justify;\">Yarg\u0131tay Ba\u015fkan\u0131 Ger\u00e7eker, &#8220;Hukukun \u00fcst\u00fcnl\u00fc\u011f\u00fcn\u00fc, hukuk devleti ilkesini kabul etmi\u015f hi\u00e7bir \u00fclkede yarg\u0131, y\u00fcr\u00fctmeye ba\u011fl\u0131 olamaz. Bu Anayasa h\u00fckm\u00fc. Anayasa, &#8216;Yasama, y\u00fcr\u00fctme ve yarg\u0131, \u00fc\u00e7 ba\u011f\u0131ms\u0131z erkten olu\u015fur. Egemenlik kay\u0131ts\u0131z \u015farts\u0131z milletindir. T\u00fcrk milleti egemenlik hakk\u0131n\u0131, yetkili organlar eliyle kullan\u0131r ve yarg\u0131 da demokratik me\u015fruiyet hakk\u0131n\u0131 Anayasa&#8217;dan al\u0131yor&#8217; yaz\u0131l\u0131d\u0131r. Yarg\u0131, T\u00fcrk milleti ad\u0131na karar verirken, Anayasa&#8217;n\u0131n kendisine verdi\u011fi yetkiyi kullan\u0131yor. \u015eimdi deniliyor ki; &#8216;Demokratik me\u015fruiyet a\u00e7\u0131s\u0131ndan HSKY&#8217;ya parlamentodan da \u00fcye se\u00e7ilsin.&#8217; O zaman, yasama, yarg\u0131, y\u00fcr\u00fctme birbirine girmi\u015f olacak. O zaman kuvvetler ayr\u0131l\u0131\u011f\u0131 ilkesi nas\u0131l hayata ge\u00e7ecek? Baz\u0131 \u00fclkelerde var. Ama onlar da \u00e7ok farkl\u0131 sistemler var, ama temel ilkeler konusunda fark yok&#8221; dedi.<\/p>\n<p style=\"text-align: justify;\">Hasan Ger\u00e7eker, bir soru \u00fczerine HSYK kararlar\u0131n\u0131n yarg\u0131 denetimine tabi olmas\u0131n\u0131 istediklerini belirtti.<\/p>\n<p style=\"text-align: justify;\"><strong><em>&#8220;Art\u0131k bu g\u00f6r\u00fcnen bir ger\u00e7ek&#8221; <\/em><\/strong><\/p>\n<p style=\"text-align: justify;\">Yarg\u0131tay Ba\u015fkan\u0131 Ger\u00e7eker, &#8220;Siz de zaman zaman dinlenildi\u011finizi d\u00fc\u015f\u00fcnd\u00fcn\u00fcz m\u00fc?&#8221; sorusuna, &#8220;Baz\u0131 \u015feyleri s\u00f6yledi\u011finiz zaman yanl\u0131\u015f anla\u015f\u0131labiliyor. Bug\u00fcn elbette ki insanlar\u0131n i\u00e7inde o duygu olmazsa bu sorunlar ortaya konulmaz. Art\u0131k bu g\u00f6r\u00fcnen bir ger\u00e7ek. Birtak\u0131m hukuka ayk\u0131r\u0131 dinlemelerin yap\u0131ld\u0131\u011f\u0131, somut belge ve bilgilerle ortada zaten. Bu devletin en \u00fcst kademesinden en alt\u0131na kadar var. Yani bunu herkes kabul etti\u011fine ve d\u00fc\u015f\u00fcnd\u00fc\u011f\u00fcne g\u00f6re, ortak bir bilin\u00e7 ve d\u00fc\u015f\u00fcnce ile bu konuda ne yap\u0131labilir? Temel hak ve \u00f6zg\u00fcrl\u00fcklere ayk\u0131r\u0131 olan bu sorunlar nas\u0131l halledilebilir? Bunlar\u0131n \u00e7aresini aramak gerekiyor&#8221; yan\u0131t\u0131n\u0131 verdi.<\/p>\n<p style=\"text-align: justify;\"><strong><em>&#8220;Mevzuat Yarg\u0131tay kararlar\u0131 do\u011frultusunda de\u011fi\u015ftirilmeli&#8221; <\/em><\/strong><\/p>\n<p style=\"text-align: justify;\">Yarg\u0131tay Ba\u015fkan\u0131 Ger\u00e7eker, bir ba\u015fka soruyu yan\u0131tlarken de T\u0130B&#8217;in y\u00fcr\u00fctmeye ba\u011fl\u0131 bir kurum oldu\u011funu, ba\u015fkan\u0131n\u0131n da Ba\u015fbakan taraf\u0131ndan atand\u0131\u011f\u0131n\u0131 an\u0131msatarak, Anayasa Mahkemesi&#8217;nin s\u00f6z konusu maddeyi iptal etti\u011fini, ama iptalin gere\u011finin yerine getirilmedi\u011fini s\u00f6yledi. T\u0130B&#8217;in iyi niyetle kurulmu\u015f bir kurum oldu\u011funu ifade eden Ger\u00e7eker, &#8220;T\u0130B, eskiden daha d\u00fczensiz \u015fekilde yap\u0131lan dinlemelerin belli bir disipline ba\u011fl\u0131 olmas\u0131 i\u00e7in kurulmu\u015f. Amac\u0131na uygun faaliyet g\u00f6stermesi gerekiyor. Faaliyet g\u00f6stermiyor da demiyorum. Somut delilleri ortaya koymadan bir \u015fey s\u00f6ylemem m\u00fcmk\u00fcn de\u011fil&#8221; diye konu\u015ftu. Yarg\u0131tay\u0131n, yasa yetki vermi\u015f olsa bile, bir soru\u015fturmada olay ve ki\u015fi belirtilmeden genel dinleme yap\u0131lamayaca\u011f\u0131na ili\u015fkin istikrar kazanan kararlar\u0131 bulundu\u011funu belirten Ger\u00e7eker, mevzuat\u0131n da buna uygun olarak d\u00fczeltilmesi gerekti\u011fini kaydetti. Ger\u00e7eker &#8220;Emniyet, M\u0130T ve Jandarma istihbarat te\u015fkilatlar\u0131 var. Mevzuatlar\u0131nda ayr\u0131 ayr\u0131 dinlemeye ili\u015fkin h\u00fck\u00fcmler var. Bunlar\u0131n da belli oranda temel ilkelere uygun olarak d\u00fczenlenmesi gerekiyor&#8221; dedi.<\/p>\n<p style=\"text-align: justify;\"><span style=\"color: #888888;\">CNN T\u00dcRK<\/span><\/p>\n","protected":false},"excerpt":{"rendered":"<\/p>\n<p style=\"text-align: justify;\">Yarg\u0131tay Ba\u015fkan\u0131 Hasan Ger\u00e7eker, Yarg\u0131tay&#8217;da periyodik olarak b\u00f6cek taramas\u0131 yap\u0131ld\u0131\u011f\u0131n\u0131 belirterek, &#8220;Yapt\u0131rd\u0131k, inkar edecek de\u011filim. \u00c7o\u011fu arkada\u015f\u0131m\u0131z da yapt\u0131rd\u0131&#8221; dedi.<\/p>\n<p style=\"text-align: justify;\">Gen\u00e7lik ve Spor Genel M\u00fcd\u00fcrl\u00fc\u011f\u00fc (GSGM) Tahkim Kurulu Ba\u015fkan\u0131 da olan Ger\u00e7eker, Kadir Has \u00dcniversitesi Spor Hukuku Ara\u015ft\u0131rma ve Uygulama Merkezinin d\u00fczenledi\u011fi, Spor Hukuku ve Y\u00f6netimi Sertifika Program\u0131 kapsam\u0131nda \u00f6\u011frencilere <\/p>\n","protected":false},"author":1,"featured_media":0,"comment_status":"open","ping_status":"closed","sticky":false,"template":"","format":"standard","meta":{"footnotes":""},"categories":[105],"tags":[],"class_list":["post-16747","post","type-post","status-publish","format-standard","hentry","category-gundem","odd"],"_links":{"self":[{"href":"http:\/\/www.korhanyilmaz.com\/index.php?rest_route=\/wp\/v2\/posts\/16747","targetHints":{"allow":["GET"]}}],"collection":[{"href":"http:\/\/www.korhanyilmaz.com\/index.php?rest_route=\/wp\/v2\/posts"}],"about":[{"href":"http:\/\/www.korhanyilmaz.com\/index.php?rest_route=\/wp\/v2\/types\/post"}],"author":[{"embeddable":true,"href":"http:\/\/www.korhanyilmaz.com\/index.php?rest_route=\/wp\/v2\/users\/1"}],"replies":[{"embeddable":true,"href":"http:\/\/www.korhanyilmaz.com\/index.php?rest_route=%2Fwp%2Fv2%2Fcomments&post=16747"}],"version-history":[{"count":0,"href":"http:\/\/www.korhanyilmaz.com\/index.php?rest_route=\/wp\/v2\/posts\/16747\/revisions"}],"wp:attachment":[{"href":"http:\/\/www.korhanyilmaz.com\/index.php?rest_route=%2Fwp%2Fv2%2Fmedia&parent=16747"}],"wp:term":[{"taxonomy":"category","embeddable":true,"href":"http:\/\/www.korhanyilmaz.com\/index.php?rest_route=%2Fwp%2Fv2%2Fcategories&post=16747"},{"taxonomy":"post_tag","embeddable":true,"href":"http:\/\/www.korhanyilmaz.com\/index.php?rest_route=%2Fwp%2Fv2%2Ftags&post=16747"}],"curies":[{"name":"wp","href":"https:\/\/api.w.org\/{rel}","templated":true}]}}