{"id":16739,"date":"2009-11-20T15:40:25","date_gmt":"2009-11-20T13:40:25","guid":{"rendered":"http:\/\/www.korhanyilmaz.com\/?p=16739"},"modified":"2009-11-20T15:40:25","modified_gmt":"2009-11-20T13:40:25","slug":"erdogan-baykal-bahceli-konusurken","status":"publish","type":"post","link":"http:\/\/www.korhanyilmaz.com\/?p=16739","title":{"rendered":"Erdo\u011fan: &#039;Baykal-Bah\u00e7eli konu\u015furken&#8230;&#039;"},"content":{"rendered":"<p style=\"text-align: justify;\"><a href=\"http:\/\/www.korhanyilmaz.com\/wp-content\/uploads\/2009\/11\/ERDOGAN1.jpg\"  class=\"lightview\"><img loading=\"lazy\" decoding=\"async\" class=\"aligncenter size-full wp-image-16740\" src=\"http:\/\/www.korhanyilmaz.com\/wp-content\/uploads\/2009\/11\/ERDOGAN1.jpg\" alt=\"\" width=\"307\" height=\"236\" \/><\/a><\/p>\n<p style=\"text-align: justify;\">Ba\u015fbakan Recep Tayyip Erdo\u011fan&#8217;\u0131n hedefinde K\u00fcrt a\u00e7\u0131l\u0131m\u0131yla ilgili olarak muhalefet vard\u0131. &#8220;B\u0131rak\u0131n anneler a\u011flas\u0131n demek vicdans\u0131zl\u0131kt\u0131r&#8221; diyen Erdo\u011fan, CHP&#8217;li Kemal K\u0131l\u0131\u00e7daro\u011flu&#8217;nun Onur \u00d6ymen ile ilgili tutumu i\u00e7in de, &#8220;Bir ileri iki geri&#8221; yorumunu yapt\u0131. Erdo\u011fan, halka da &#8220;CHP ve MHP liderleri konu\u015furken \u00e7ocuklar\u0131n\u0131z\u0131 televizyon ba\u015f\u0131ndan uzakla\u015ft\u0131r\u0131n&#8221; \u00e7a\u011fr\u0131s\u0131 yapt\u0131.<\/p>\n<p style=\"text-align: justify;\">AK Parti Genel Merkezi&#8217;nde d\u00fczenlenen Geni\u015fletilmi\u015f \u0130l Ba\u015fkanlar\u0131 Toplant\u0131s\u0131&#8217;nda konu\u015fan Erdo\u011fan, K\u00fcrt a\u00e7\u0131l\u0131m\u0131yla ilgili mesajlar verdi. <!--more--><\/p>\n<p style=\"text-align: justify;\"><strong><em>\u00d6ymen&#8217;in Dersim s\u00f6zleri <\/em><\/strong><\/p>\n<p style=\"text-align: justify;\">Erdo\u011fan, &#8220;Atam \u0130zindeyiz pankartlar\u0131n\u0131n arkas\u0131na gizlenince, milletin g\u00f6r\u00fc\u015f alan\u0131ndan \u00e7\u0131kt\u0131klar\u0131n\u0131 zannediyorlar. Eminim ki benim aziz milletim bu istismar\u0131n cevab\u0131n\u0131 en g\u00fczel \u015fekilde verecektir. \u0130nan\u0131yorum ki benim Alevi karde\u015fim bu istismarc\u0131lar\u0131n ger\u00e7ek y\u00fcz\u00fcn\u00fc g\u00f6recektir&#8221; dedi.<\/p>\n<p style=\"text-align: justify;\">&#8220;Biz, bir dil s\u00fcr\u00e7mesinin, yanl\u0131\u015f anlaman\u0131n, alg\u0131n\u0131n pe\u015fine d\u00fc\u015fen, onu istismar eden siyaset\u00e7ilerden olmad\u0131k, olmuyoruz. Siyasi tarihimiz boyunca s\u00f6zlerimizin nas\u0131l \u00e7arp\u0131t\u0131ld\u0131\u011f\u0131n\u0131, nas\u0131l yanl\u0131\u015f aksettirildi\u011fini defalarca ya\u015fad\u0131k, g\u00f6rd\u00fck&#8221; diyen Erdo\u011fan, burada ise dil s\u00fcr\u00e7mesi, yanl\u0131\u015f anlama, yanl\u0131\u015f aksettirme durumunun olmad\u0131\u011f\u0131n\u0131, bir zihniyetin d\u0131\u015fa vurumu oldu\u011funu s\u00f6yledi.<\/p>\n<p style=\"text-align: justify;\">Erdo\u011fan, &#8220;Nitekim, \u015fu ana kadar samimi bir \u015fekilde \u00f6z\u00fcr dilemek yerine s\u00f6zlerinin arkas\u0131nda durdular. Atat\u00fcrk&#8217;\u00fc istismar ettiler ve koltuklar\u0131nda durmaya devam ediyorlar. Ne yaz\u0131k ki bak\u0131yorsunuz Tuncelili, Nazimiyeli, o da tutmu\u015f oradan bu s\u00f6zleri alk\u0131\u015fl\u0131yor. Daha sonra manevra yap\u0131yor. Daha sonra tepkiler gelince &#8216;bizde biat k\u00fclt\u00fcr\u00fc yok&#8217; diyor. Ama arkas\u0131ndan hemen gerekli olan \u015feyler yap\u0131l\u0131nca bu sefer yeni bir manevra yap\u0131yor. Yani bir ileri iki geri, b\u00f6yle bir durum i\u015fte biz bu \u00fcsluba kar\u015f\u0131y\u0131z i\u015fte biz bu tavra, tutuma, davran\u0131\u015flara kar\u015f\u0131y\u0131z. \u00dclkem de kar\u015f\u0131&#8221; ifadesini kulland\u0131.<\/p>\n<p style=\"text-align: justify;\"><strong><em>&#8220;As\u0131l b\u00f6l\u00fcc\u00fc onlar&#8221; <\/em><\/strong><\/p>\n<p style=\"text-align: justify;\">&#8220;Bize b\u00f6l\u00fcc\u00fc yaftas\u0131n\u0131 yak\u0131\u015ft\u0131rmaya \u00e7al\u0131\u015fanlar\u0131n ta kendisi aynada kendilerini seyrediyorlar. As\u0131l b\u00f6l\u00fcc\u00fc onlar, ortaya bunu koydular da as\u0131l bu t\u00fcr kampanyalar\u0131 s\u00fcrd\u00fcren ana muhalefettir, muhalefettir&#8221; diyen Erdo\u011fan, &#8220;\u00c7\u00fcnk\u00fc sen e\u011fer 81 vilayette halk\u0131nla kucakla\u015fam\u0131yorsan, halk\u0131nla b\u00fct\u00fcnle\u015femiyorsan, &#8216;Ben T\u00fcrkiye&#8217;nin partisiyim&#8217; diyemezsin&#8221; dedi.<\/p>\n<p style=\"text-align: justify;\"><strong><em>&#8220;Terbiyem m\u00fcsaade etmiyor&#8221; <\/em><\/strong><\/p>\n<p style=\"text-align: justify;\">Ge\u00e7en haftaki Meclis oturumlar\u0131nda CHP ve MHP liderlerinin ve milletvekillerinin kulland\u0131\u011f\u0131 ifadelere bak\u0131lmas\u0131n\u0131 isteyen Erdo\u011fan, &#8220;Benim burada o ifadeleri tekrar etmeye terbiyem m\u00fcsaade etmiyor ve buradan bizi izleyen t\u00fcm vatanda\u015flar\u0131ma da samimi bir ricada bulunuyorum. L\u00fctfen bu liderler konu\u015furken, \u00e7ocuklar\u0131n\u0131z\u0131 televizyon ba\u015f\u0131ndan uzakla\u015ft\u0131r\u0131n, l\u00fctfen. L\u00fctfen bu \u00f6fkeyi, bu nefreti, bu seviyesiz \u00fcslubu g\u00f6rmesinler. A\u011fza al\u0131namayacak kelimelerin meclis k\u00fcrs\u00fcs\u00fcnden pervas\u0131zca serdedildi\u011fini, l\u00fctfen \u00e7ocuklar\u0131m\u0131z duymas\u0131nlar. Gelece\u011fin nesillerinde siyasetle ilgili olarak b\u00f6yle bir imaj olu\u015fmas\u0131n. Yine buradan bir kez daha tekrar ediyorum. Ne de te\u015fkilat\u0131m\u0131n herhangi bir mensubu bu dili bu \u00fcslubu, asla kullanmayacakt\u0131r, kullanamaz. At\u0131lan her iftiraya an\u0131nda cevap verece\u011fiz, her itham\u0131 an\u0131nda yan\u0131tlayaca\u011f\u0131z, her iddian\u0131n ger\u00e7ek boyutunu h\u0131zl\u0131 bir \u015fekilde ortaya koyaca\u011f\u0131z&#8221; dedi.<\/p>\n<p style=\"text-align: justify;\"><strong><em>CHP&#8217;nin raporlar\u0131 <\/em><\/strong><\/p>\n<p style=\"text-align: justify;\">Erdo\u011fan, SHP&#8217;nin 1990 Raporu, CHP&#8217;nin 1996 Tunceli Raporu ve CHP&#8217;nin 1999 Do\u011fu G\u00fcneydo\u011fu Raporu&#8217;nun kendilerinin bug\u00fcn kabul edemeyecekleri \u00f6nerileri dile getirdi\u011fini kaydetti.<\/p>\n<p style=\"text-align: justify;\">&#8220;Say\u0131n Baykal&#8217;\u0131n ak\u015fam yatarken s\u00f6yledi\u011fi ile sabah kalkt\u0131\u011f\u0131nda s\u00f6yledi\u011fi asla birbirini tutmaz, \u00f6yle birisi, aynen b\u00f6yle birisi&#8221; diyen Erdo\u011fan, &#8220;&#8216;\u00d6zel okullarda kendi ana dilleriyle e\u011fitim yapabilme, K\u00fcrt dil ve k\u00fclt\u00fcr\u00fc \u00fczerinde ara\u015ft\u0131rma yapacak enstit\u00fcler ve benzeri kurumlar\u0131n kurulabilmesi haklar\u0131na kavu\u015fmal\u0131d\u0131rlar&#8217;&#8230; Bu ifadeler de bana ait de\u011fil bunlar da 1996 CHP Tunceli Raporu&#8217;ndan al\u0131nm\u0131\u015f ifadeler. &#8216;\u0130steyenlerin kendi ana dillerinde Milli E\u011fitim Bakanl\u0131\u011f\u0131 kurallar\u0131 i\u00e7inde \u00f6zel e\u011fitim g\u00f6rebilmeleri, \u00fcniversitelerde ilgili ara\u015ft\u0131rma enstit\u00fcleri kurabilmesi, her t\u00fcrl\u00fc ileti\u015fim, yaz\u0131l\u0131 bas\u0131n, yay\u0131n ve medyadan bu ama\u00e7la ve bu \u00e7er\u00e7evede yararlanabilmeleri sa\u011flanmal\u0131, bu konudaki t\u00fcm yasaklar ve t\u00fcm fiili engeller kald\u0131r\u0131lmad\u0131r&#8217;&#8230; \u0130\u015fte bu ifadeler de yine Haziran 2001&#8217;de yine CHP taraf\u0131ndan haz\u0131rlanan rapordan. Bu raporlar orada \u00f6yle dururken bu raporlar\u0131n alt\u0131nda Say\u0131n Baykal&#8217;\u0131n imzas\u0131 dururken, Say\u0131n Baykal \u00e7\u0131k\u0131yor dil konusunda yap\u0131lanlar\u0131 b\u00f6l\u00fcc\u00fcl\u00fck olarak de\u011ferlendirmek gibi bir gaflet sergiliyor&#8221; dedi.<\/p>\n<p style=\"text-align: justify;\"><strong><em>&#8220;Muhalefetin g\u00f6z\u00fc d\u00f6nm\u00fc\u015f&#8221; <\/em><\/strong><\/p>\n<p style=\"text-align: justify;\">Muhalefetin &#8220;ihanet, h\u0131yanet, ter\u00f6rle i\u015fbirli\u011fi gibi&#8221; su\u00e7lamalarda bulundu\u011funu kaydeden Erdo\u011fan, &#8220;M\u00fczakere gibi, m\u00fctareke gibi kavramlar\u0131 dillerine dolayanlar, tam bir g\u00f6z\u00fc d\u00f6nm\u00fc\u015fl\u00fck i\u00e7inde \u00fclkemizin huzuruna kastediyorlar. \u00dclkemizin Do\u011fusuyla, G\u00fcneydo\u011fusuyla ileti\u015fim kuramayan, g\u00f6n\u00fcl k\u00f6pr\u00fclerini in\u015fa edemeyenler, \u00fclkemizin di\u011fer b\u00f6lgelerini istismar ederek buradan siyasi rant elde etmek gibi d\u00fc\u015f\u00fcncesiz bir tav\u0131r i\u00e7indeler. Allah a\u015fk\u0131na soruyorum, bir \u015fehit annesini 13 Kas\u0131mda \u00e7ok \u00f6nemli bir meselenin g\u00f6r\u00fc\u015f\u00fcld\u00fc\u011f\u00fc TBMM&#8217;ye getirmek, oradan ona slogan att\u0131rmak provokasyon de\u011fil de nedir? Gen\u00e7leri al\u0131p, ellerinden tutup, izleyici trib\u00fcn\u00fcne getirmek suretiyle, orada slogan atmak, alk\u0131\u015f her \u015fey yasak oldu\u011fu halde, onlara oradan slogan att\u0131rmak soruyorum, bir provokasyon de\u011fil de nedir?&#8221; dedi.<\/p>\n<p style=\"text-align: justify;\"><strong><em>T\u00fcrke\u015f&#8217;in tutumu <\/em><\/strong><\/p>\n<p style=\"text-align: justify;\">Ba\u015fbakan Erdo\u011fan, &#8220;Merhum Alparslan T\u00fcrke\u015f&#8217;in ho\u015fg\u00f6r\u00fcl\u00fc yap\u0131c\u0131, birle\u015ftirici tutumu hat\u0131rlat\u0131ld\u0131\u011f\u0131nda, Say\u0131n Bah\u00e7eli \u00f6fkeleniyor, hop oturuyor hop kalk\u0131yor. Merhum Alparslan T\u00fcrke\u015f&#8217;in meseleye ili\u015fkin y\u0131llar \u00f6nce dile getirdi\u011fi tespitler, bug\u00fcn miras\u00e7\u0131lar\u0131n\u0131n tutum ve davran\u0131\u015flar\u0131ndan fersah fersah ilerdedir, \u00f6zg\u00fcrl\u00fck\u00e7\u00fcd\u00fcr, a\u00e7\u0131l\u0131mc\u0131d\u0131r. Bu kadar da de\u011fil birinci, ikinci ve \u00fc\u00e7\u00fcnc\u00fc uyum paketleri DSP, MHP ve ANAP koalisyonunda \u00e7\u0131kar\u0131ld\u0131. Sadece \u00fc\u00e7\u00fcnc\u00fc uyum paketinden bir \u00f6rnek vermek istiyorum. Delillerle konu\u015faca\u011f\u0131z, belgeyle konu\u015faca\u011f\u0131z \u00f6yle afaki de\u011fil. Tarihi hi\u00e7 bir zaman affetmez. \u0130\u015fte bunlar\u0131 da affetmiyor. Ne s\u00f6ylediniz bunlar\u0131n hepsi kay\u0131t kuyut alt\u0131nda, bir yere ka\u00e7amazs\u0131n\u0131z. Ama haf\u0131za-i be\u015fer nisyan ile maluld\u00fcr. Nas\u0131l olsa biz &#8216;unuttururuz&#8217; ve b\u00f6ylece de &#8216;yuttururuz&#8217; diyorlar&#8221; dedi.<\/p>\n<p style=\"text-align: justify;\"><strong><em>&#8220;Stat\u00fcko devam etsin demek&#8230;&#8221;<\/em><\/strong><\/p>\n<p style=\"text-align: justify;\">T\u00fcrkiye&#8217;nin y\u0131llar y\u0131l\u0131 bu sorunlar\u0131 konu\u015fmad\u0131\u011f\u0131n\u0131 ve asgariye indirmek i\u00e7in netice alan hi\u00e7bir uygulama yapmad\u0131\u011f\u0131n\u0131 ifade eden Ba\u015fbakan Erdo\u011fan, &#8220;Sadece konu\u015ftu, tart\u0131\u015ft\u0131, g\u00fcndemine ta\u015f\u0131d\u0131. Ama ne yaz\u0131k ki kal\u0131c\u0131 \u00e7\u00f6z\u00fcmler \u00fcretilmedi. &#8216;B\u00f6yle gelmi\u015f b\u00f6yle gider&#8217; diyenler, bu yakla\u015f\u0131m\u0131n, bu siyasetin ard\u0131na saklananlar sorunlar\u0131 kal\u0131c\u0131, kronik hale getirmekten ba\u015fka bir amaca hizmet etmediler. Stat\u00fckonun devam etmesi demek, daha fazla \u015fehit demektir, daha fazla \u00f6l\u00fcm demektir, daha fazla kan ve daha fazla y\u00fcre\u011fi par\u00e7alanm\u0131\u015f anne demektir. A\u00e7\u0131k s\u00f6yl\u00fcyorum &#8216;stat\u00fcko devam etsin&#8217; demek, \u00f6l\u00fcmlere, \u00e7at\u0131\u015fmalara, y\u0131k\u0131ma, haks\u0131zl\u0131\u011fa, hukuksuzlu\u011fa, adaletsizli\u011fe ortak olmak demektir&#8221; dedi.<\/p>\n<p style=\"text-align: justify;\"><strong><em>&#8220;Anneler a\u011flas\u0131n demek vicdans\u0131zl\u0131k&#8221; <\/em><\/strong><\/p>\n<p style=\"text-align: justify;\">&#8220;Ne diyorlar &#8216;b\u0131rak\u0131n anneler a\u011flas\u0131n&#8217;, bunu demek vicdans\u0131zl\u0131kt\u0131r. &#8216;Anneler tabii ki a\u011flayacak&#8217; demek merhametsizliktir. \u00d6l\u00fcmleri, katliamlar\u0131, i\u015fkenceyi masum yavrular\u0131n ma\u011faralarda bo\u011fazlanmas\u0131n\u0131 onaylamak hatta ve hatta y\u00fcceltmek, sevgiden, \u015fefkatten, merhametten nasibini almamakt\u0131r, alamamakt\u0131r&#8221; diyen Erdo\u011fan, &#8220;\u0130ster Alevi olsun, ister S\u00fcnni olsun biz hepimiz Kerbela facias\u0131n\u0131 dinleyerek, Peygamberin torunlar\u0131n\u0131n nas\u0131l susuzlu\u011fa mahkum edildi\u011fini, nas\u0131l katledildiklerini, sahran\u0131n ortas\u0131nda nas\u0131l zulme maruz kald\u0131klar\u0131n\u0131 okuyarak b\u00fcy\u00fcd\u00fck. 2-3 ya\u015f\u0131m\u0131zdan itibaren annelerimiz, babalar\u0131m\u0131z dedelerimiz bizlere Kerbela&#8217;y\u0131 anlatt\u0131lar. Bizim t\u00fcm bir toplum olarak insan sevgimiz bu ibret dolu an\u0131n tekrar tekrar anlat\u0131lmas\u0131yla \u015fekillendi. Cinayetin, \u00f6ld\u00fcrmenin, insana zulmetmenin ne derece feci oldu\u011funu Kerbela \u00f6rne\u011fi \u00fczerinden belle\u011fimize yerle\u015ftirdik. Bir insan\u0131 \u00f6ld\u00fcrmenin t\u00fcm bir alemi \u00f6ld\u00fcrmek oldu\u011funu bu \u015fekilde \u00f6\u011frendik. &#8216;Evlad\u0131 Kerbelay\u0131z, bu hatad\u0131r, g\u00fcnaht\u0131r, zulumd\u00fcr, ay\u0131pt\u0131r&#8217; diyenlere yap\u0131lan Kerbela muamelesini onaylar \u015fekilde Meclis k\u00fcrs\u00fcs\u00fcne ta\u015f\u0131mak millet sevgisiyle insan sevgisiyle nas\u0131l ba\u011fda\u015f\u0131r?&#8221; \u015feklinde konu\u015ftu.<\/p>\n<p style=\"text-align: justify;\"><strong><em>&#8220;Domuz gribi yok olmuyor&#8221; <\/em><\/strong><\/p>\n<p style=\"text-align: justify;\">Erdo\u011fan, &#8220;Bunlar\u0131 art\u0131k g\u00fcndemden \u00e7\u0131kartmam\u0131z laz\u0131m. Bunlar\u0131 g\u00fcndemde tutmak suretiyle domuz gribi yok olmuyor. Sa\u011fl\u0131k Bakanl\u0131\u011f\u0131m\u0131z b\u00fct\u00fcn tedbirleri alm\u0131\u015ft\u0131r. Bu kadar yaz\u0131p \u00e7izmek, her g\u00fcn \u00f6l\u00fcm haberini vermek, bununla domuz gribini \u015fifa bulmuyor. \u0130lgili merciler zaten gerekli \u00e7al\u0131\u015fmay\u0131, yeterli \u00e7al\u0131\u015fmay\u0131 zaten yap\u0131yor&#8221; diye konu\u015ftu.<\/p>\n<p style=\"text-align: justify;\"><strong><em>GDO <\/em><\/strong><\/p>\n<p style=\"text-align: justify;\">Erdo\u011fan, geneti\u011fi de\u011fi\u015ftirilmi\u015f \u00fcr\u00fcnlerle ilgili olarak Tar\u0131m ve K\u00f6yi\u015fleri Bakan\u0131 Mehmet Mehdi Eker&#8217;in gerekli a\u00e7\u0131klamalar\u0131 yapt\u0131\u011f\u0131n\u0131 an\u0131msatarak, &#8220;Bak\u0131yorsunuz hala hala bunun \u00fczerine gidiyorlar&#8221; dedi.<\/p>\n<p style=\"text-align: justify;\"><span style=\"color: #888888;\">CNN T\u00dcRK<\/span><\/p>\n","protected":false},"excerpt":{"rendered":"<p style=\"text-align: justify;\">\n<p style=\"text-align: justify;\">Ba\u015fbakan Recep Tayyip Erdo\u011fan&#8217;\u0131n hedefinde K\u00fcrt a\u00e7\u0131l\u0131m\u0131yla ilgili olarak muhalefet vard\u0131. &#8220;B\u0131rak\u0131n anneler a\u011flas\u0131n demek vicdans\u0131zl\u0131kt\u0131r&#8221; diyen Erdo\u011fan, CHP&#8217;li Kemal K\u0131l\u0131\u00e7daro\u011flu&#8217;nun Onur \u00d6ymen ile ilgili tutumu i\u00e7in de, &#8220;Bir ileri iki geri&#8221; yorumunu yapt\u0131. Erdo\u011fan, halka da &#8220;CHP ve MHP liderleri konu\u015furken \u00e7ocuklar\u0131n\u0131z\u0131 televizyon ba\u015f\u0131ndan uzakla\u015ft\u0131r\u0131n&#8221; \u00e7a\u011fr\u0131s\u0131 yapt\u0131.<\/p>\n<p style=\"text-align:  \n\n","protected":false},"author":1,"featured_media":0,"comment_status":"open","ping_status":"closed","sticky":false,"template":"","format":"standard","meta":{"footnotes":""},"categories":[105],"tags":[],"class_list":["post-16739","post","type-post","status-publish","format-standard","hentry","category-gundem","odd"],"_links":{"self":[{"href":"http:\/\/www.korhanyilmaz.com\/index.php?rest_route=\/wp\/v2\/posts\/16739","targetHints":{"allow":["GET"]}}],"collection":[{"href":"http:\/\/www.korhanyilmaz.com\/index.php?rest_route=\/wp\/v2\/posts"}],"about":[{"href":"http:\/\/www.korhanyilmaz.com\/index.php?rest_route=\/wp\/v2\/types\/post"}],"author":[{"embeddable":true,"href":"http:\/\/www.korhanyilmaz.com\/index.php?rest_route=\/wp\/v2\/users\/1"}],"replies":[{"embeddable":true,"href":"http:\/\/www.korhanyilmaz.com\/index.php?rest_route=%2Fwp%2Fv2%2Fcomments&post=16739"}],"version-history":[{"count":0,"href":"http:\/\/www.korhanyilmaz.com\/index.php?rest_route=\/wp\/v2\/posts\/16739\/revisions"}],"wp:attachment":[{"href":"http:\/\/www.korhanyilmaz.com\/index.php?rest_route=%2Fwp%2Fv2%2Fmedia&parent=16739"}],"wp:term":[{"taxonomy":"category","embeddable":true,"href":"http:\/\/www.korhanyilmaz.com\/index.php?rest_route=%2Fwp%2Fv2%2Fcategories&post=16739"},{"taxonomy":"post_tag","embeddable":true,"href":"http:\/\/www.korhanyilmaz.com\/index.php?rest_route=%2Fwp%2Fv2%2Ftags&post=16739"}],"curies":[{"name":"wp","href":"https:\/\/api.w.org\/{rel}","templated":true}]}}