{"id":16729,"date":"2009-11-20T13:54:59","date_gmt":"2009-11-20T11:54:59","guid":{"rendered":"http:\/\/www.korhanyilmaz.com\/?p=16729"},"modified":"2009-11-20T13:54:59","modified_gmt":"2009-11-20T11:54:59","slug":"tarim-bakanligi-gdoda-geri-adim-atti","status":"publish","type":"post","link":"http:\/\/www.korhanyilmaz.com\/?p=16729","title":{"rendered":"Tar\u0131m Bakanl\u0131\u011f\u0131 GDO&#8217;da geri ad\u0131m att\u0131"},"content":{"rendered":"<p style=\"text-align: center;\"><a href=\"http:\/\/www.korhanyilmaz.com\/wp-content\/uploads\/2009\/11\/gdo1.jpg\"  class=\"lightview\"><img loading=\"lazy\" decoding=\"async\" class=\"aligncenter size-full wp-image-16730\" src=\"http:\/\/www.korhanyilmaz.com\/wp-content\/uploads\/2009\/11\/gdo1.jpg\" alt=\"\" width=\"307\" height=\"236\" \/><\/a><\/p>\n<p style=\"text-align: justify;\">Tar\u0131m ve K\u00f6yi\u015fleri Bakanl\u0131\u011f\u0131, tart\u0131\u015fmal\u0131 Geneti\u011fi De\u011fi\u015ftirilmi\u015f Organizmalar (GDO) y\u00f6netmeli\u011finde kamuoyundan gelen tepkiler \u00fczerine de\u011fi\u015fiklikler yapt\u0131. \u00d6nemli bir de\u011fi\u015fiklik etiketleme zorunlulu\u011funda. Art\u0131k g\u0131dan\u0131n geneti\u011fi de\u011fi\u015ftirilmi\u015fse \u00fcst\u00fcnde yazacak.<\/p>\n<p style=\"text-align: justify;\">Tar\u0131m ve K\u00f6yi\u015fleri Bakanl\u0131\u011f\u0131, 26 Ekim&#8217;de \u00e7\u0131kard\u0131\u011f\u0131 &#8220;G\u0131da ve Yem Ama\u00e7l\u0131 Genetik Yap\u0131s\u0131 De\u011fi\u015ftirilmi\u015f Organizmalar ve \u00dcr\u00fcnlerinin \u0130thalat\u0131, \u0130\u015flenmesi, \u0130hracat\u0131, Kontrol ve Denetimine Dair Y\u00f6netmelik&#8221;te, uygulamadan kaynaklanan sorunlar ve kamuoyundan gelen tepkiler \u00fczerine, 25 g\u00fcn sonra \u00f6nemli de\u011fi\u015fiklikler yapt\u0131. <!--more--><\/p>\n<p style=\"text-align: justify;\">Bakanl\u0131\u011f\u0131n, de\u011fi\u015fikliklere ili\u015fkin y\u00f6netmeli\u011fi, Resmi Gazete&#8217;nin bug\u00fcnk\u00fc say\u0131s\u0131nda yay\u0131mlanarak 26 Ekim 2009&#8217;dan ge\u00e7erli olmak \u00fczere y\u00fcr\u00fcrl\u00fc\u011fe girdi.<\/p>\n<p style=\"text-align: justify;\">De\u011fi\u015fikli\u011fe g\u00f6re, ilk y\u00f6netmelikteki &#8220;G\u0131da veya yem, GDO&#8217;lardan biri ya da birka\u00e7\u0131n\u0131 toplamda en az y\u00fczde 0,9 oran\u0131nda i\u00e7eriyor ise, GDO&#8217;lu olarak kabul edilir. G\u0131da veya yemin y\u00fczde 0,5 ten fazla izin verilmeyen GDO i\u00e7ermesi halinde ithalat\u0131na, i\u015flenmesine, nakline, da\u011f\u0131t\u0131m\u0131na ve sat\u0131\u015f\u0131na izin verilmez. GDO&#8217;suz \u00fcr\u00fcnlerin etiketinde \u00fcr\u00fcn\u00fcn GDO&#8217;suz oldu\u011funa dair ifadeler bulunamaz&#8221; h\u00fck\u00fcmleri y\u00f6netmelikten \u00e7\u0131kar\u0131ld\u0131.<\/p>\n<p style=\"text-align: justify;\">Buna g\u00f6re, g\u0131da veya yem, GDO&#8217;lardan biri ya da birka\u00e7\u0131n\u0131 i\u00e7erirse orana bak\u0131lmadan GDO&#8217;lu olarak kabul edilecek.<\/p>\n<p style=\"text-align: justify;\">G\u0131da veya yem &#8220;izin verilmeyen GDO i\u00e7ermesi halinde&#8221; ithalat\u0131na, i\u015flenmesine, nakline, da\u011f\u0131t\u0131m\u0131na ve sat\u0131\u015f\u0131na izin verilmeyecek.<\/p>\n<p style=\"text-align: justify;\">GDO&#8217;suz \u00fcr\u00fcnlerin etiketinde istenirse ve \u00fcr\u00fcn\u00fcn GDO&#8217;suz oldu\u011fu ispatlan\u0131rsa GDO&#8217;suz oldu\u011fu yaz\u0131labilecek.<\/p>\n<p style=\"text-align: justify;\">Y\u00f6netmelik de\u011fi\u015fikli\u011fiyle, ithalat\u00e7\u0131 firmadan, GDO ve \u00fcr\u00fcnlerinin \u00fcretildi\u011fi veya y\u00fcklendi\u011fi \u00fclke yetkilileri taraf\u0131ndan d\u00fczenlenmi\u015f \u00fcr\u00fcn\u00fcn miktar\u0131 ve aktar\u0131lan geni belirten belge veya uluslararas\u0131 akredite bir laboratuvardan al\u0131nm\u0131\u015f analiz raporu istenmesi de h\u00fckme ba\u011fland\u0131.<\/p>\n<p style=\"text-align: justify;\">Y\u00f6netmelik h\u00fck\u00fcmlerine g\u00f6re izin verilen GDO&#8217;lu g\u0131dalar\u0131n, T\u00fcrk G\u0131da Kodeksi Y\u00f6netmeli\u011fi&#8217;nde yer alan gerekliliklere ilave olarak belirtilen hususlar \u00e7er\u00e7evesinde etiketlenmesi zorunlu tutulacak.<\/p>\n<p style=\"text-align: justify;\">Yem veya yemlik madde olarak kullan\u0131m\u0131na izin verilen GDO&#8217;lu yemler de yem mevzuat\u0131nda yer alan etiket gerekliliklerine ilave olarak y\u00f6netmelikte belirtilen \u015fekilde etiketlenecek.<\/p>\n<p style=\"text-align: justify;\"><strong><em>S\u00fcre uzat\u0131ld\u0131 <\/em><\/strong><\/p>\n<p style=\"text-align: justify;\">Y\u00f6netmelikle, 26 Ekim 2009 tarihinden \u00f6nce kontrol belgesi al\u0131nm\u0131\u015f \u00fcr\u00fcnlerin ithalat\u0131nda, bu \u00fcr\u00fcnlerin AB&#8217;nin kabul etti\u011fi kriterlere uygun olmas\u0131 ko\u015fuluyla &#8220;izin ko\u015fullar\u0131, ba\u015fvuru, ithalat&#8221;a ili\u015fkin h\u00fck\u00fcmlerinin 1 Mart 2010 tarihinden itibaren uygulanaca\u011f\u0131 h\u00fckme ba\u011fland\u0131.<\/p>\n<p style=\"text-align: justify;\">Bakanl\u0131k taraf\u0131ndan GDO ile ilgili bilimsel ve teknik verileri ara\u015ft\u0131racak, yorumlayacak ve g\u00f6r\u00fc\u015f olu\u015fturacak, g\u00f6rev s\u00fcreleri iki y\u0131l olan uzmanlar listesinin olu\u015fturulmas\u0131na ili\u015fkin d\u00fczenlemede de de\u011fi\u015fikli\u011fe gidildi.<\/p>\n<p style=\"text-align: justify;\">Uzmanlar listesinin \u00fcniversiteler, T\u00dcB\u0130TAK ve ara\u015ft\u0131rma kurulu\u015flar\u0131nda g\u00f6revli konu ile ilgili uzman veya \u00f6\u011fretim \u00fcyelerinden olu\u015fturulaca\u011f\u0131 h\u00fckme ba\u011fland\u0131.<\/p>\n<p style=\"text-align: justify;\">Daha \u00f6nce, bu listede TAGEM, T\u00dcGEM ve KKGM birimlerinden temsilciler de yer al\u0131yordu. De\u011fi\u015fiklikle, GDO&#8217;lu g\u0131da ve yemlerin &#8220;transit ge\u00e7i\u015flerini&#8221; yasaklayan madde y\u00f6netmelikten \u00e7\u0131kar\u0131ld\u0131.<\/p>\n<p style=\"text-align: justify;\"><strong><em>GDO&#8217;lu \u00fcr\u00fcn ithaline \u015fartl\u0131 izin <\/em><\/strong><\/p>\n<p style=\"text-align: justify;\">Bu arada konuyla ilgili a\u00e7\u0131klamalarda bulunan Tar\u0131m ve K\u00f6yi\u015fleri Bakanl\u0131\u011f\u0131 Koruma ve Kontrol Genel M\u00fcd\u00fcr Yard\u0131mc\u0131s\u0131 Ahmet Arslan, T\u00fcrkiye&#8217;ye kesinlikle GDO&#8217;lu tohum ithal edilmedi\u011fini ve ithalat\u0131na da gerek olmad\u0131\u011f\u0131n\u0131 vurgulad\u0131.<\/p>\n<p style=\"text-align: justify;\">Arslan, &#8220;26 Ekim&#8217;den \u00f6nce kontrol belgesi verilen \u00fcr\u00fcnler, AB&#8217;nin \u00f6ng\u00f6rd\u00fc\u011f\u00fc belgeler sunulmak \u015fart\u0131yla, y\u00f6netmelik \u00e7er\u00e7evesinde etiket ve di\u011fer kurallara uyulmak kayd\u0131yla ithal edilebilecek&#8221; dedi.<\/p>\n<p style=\"text-align: justify;\"><span style=\"color: #888888;\">CNN T\u00dcRK<\/span><\/p>\n","protected":false},"excerpt":{"rendered":"<p style=\"text-align: center;\">\n<p style=\"text-align: justify;\">Tar\u0131m ve K\u00f6yi\u015fleri Bakanl\u0131\u011f\u0131, tart\u0131\u015fmal\u0131 Geneti\u011fi De\u011fi\u015ftirilmi\u015f Organizmalar (GDO) y\u00f6netmeli\u011finde kamuoyundan gelen tepkiler \u00fczerine de\u011fi\u015fiklikler yapt\u0131. \u00d6nemli bir de\u011fi\u015fiklik etiketleme zorunlulu\u011funda. Art\u0131k g\u0131dan\u0131n geneti\u011fi de\u011fi\u015ftirilmi\u015fse \u00fcst\u00fcnde yazacak.<\/p>\n<p style=\"text-align: justify;\">Tar\u0131m ve K\u00f6yi\u015fleri Bakanl\u0131\u011f\u0131, 26 Ekim&#8217;de \u00e7\u0131kard\u0131\u011f\u0131 &#8220;G\u0131da ve Yem Ama\u00e7l\u0131 Genetik Yap\u0131s\u0131 De\u011fi\u015ftirilmi\u015f Organizmalar ve \u00dcr\u00fcnlerinin \u0130thalat\u0131, \u0130\u015flenmesi, \u0130hracat\u0131, Kontrol <\/p>\n","protected":false},"author":1,"featured_media":0,"comment_status":"open","ping_status":"closed","sticky":false,"template":"","format":"standard","meta":{"footnotes":""},"categories":[7],"tags":[],"class_list":["post-16729","post","type-post","status-publish","format-standard","hentry","category-ekonomi","odd"],"_links":{"self":[{"href":"http:\/\/www.korhanyilmaz.com\/index.php?rest_route=\/wp\/v2\/posts\/16729","targetHints":{"allow":["GET"]}}],"collection":[{"href":"http:\/\/www.korhanyilmaz.com\/index.php?rest_route=\/wp\/v2\/posts"}],"about":[{"href":"http:\/\/www.korhanyilmaz.com\/index.php?rest_route=\/wp\/v2\/types\/post"}],"author":[{"embeddable":true,"href":"http:\/\/www.korhanyilmaz.com\/index.php?rest_route=\/wp\/v2\/users\/1"}],"replies":[{"embeddable":true,"href":"http:\/\/www.korhanyilmaz.com\/index.php?rest_route=%2Fwp%2Fv2%2Fcomments&post=16729"}],"version-history":[{"count":0,"href":"http:\/\/www.korhanyilmaz.com\/index.php?rest_route=\/wp\/v2\/posts\/16729\/revisions"}],"wp:attachment":[{"href":"http:\/\/www.korhanyilmaz.com\/index.php?rest_route=%2Fwp%2Fv2%2Fmedia&parent=16729"}],"wp:term":[{"taxonomy":"category","embeddable":true,"href":"http:\/\/www.korhanyilmaz.com\/index.php?rest_route=%2Fwp%2Fv2%2Fcategories&post=16729"},{"taxonomy":"post_tag","embeddable":true,"href":"http:\/\/www.korhanyilmaz.com\/index.php?rest_route=%2Fwp%2Fv2%2Ftags&post=16729"}],"curies":[{"name":"wp","href":"https:\/\/api.w.org\/{rel}","templated":true}]}}