{"id":16723,"date":"2009-11-20T08:38:45","date_gmt":"2009-11-20T06:38:45","guid":{"rendered":"http:\/\/www.korhanyilmaz.com\/?p=16723"},"modified":"2009-11-20T08:38:45","modified_gmt":"2009-11-20T06:38:45","slug":"atalay-mahmura-yogunlasacagiz","status":"publish","type":"post","link":"http:\/\/www.korhanyilmaz.com\/?p=16723","title":{"rendered":"Atalay: &#039;Mahmur&#039;a yo\u011funla\u015faca\u011f\u0131z&#039;"},"content":{"rendered":"<p><a href=\"http:\/\/www.korhanyilmaz.com\/wp-content\/uploads\/2009\/11\/atalay.jpg\"  class=\"lightview\"><img loading=\"lazy\" decoding=\"async\" class=\"aligncenter size-full wp-image-16724\" src=\"http:\/\/www.korhanyilmaz.com\/wp-content\/uploads\/2009\/11\/atalay.jpg\" alt=\"\" width=\"292\" height=\"224\" \/><\/a><\/p>\n<p style=\"text-align: justify;\">Rusya&#8217;n\u0131n ba\u015fkenti Moskova&#8217;da bulunan \u0130\u00e7i\u015fleri Bakan\u0131 Be\u015fir Atalay, K\u00fcrt a\u00e7\u0131l\u0131m\u0131na dair \u00f6nemli a\u00e7\u0131klamalarda bulundu. Atalay, art\u0131k Mahmur kamp\u0131 \u00fczerinde yo\u011funla\u015facaklar\u0131n\u0131, kamptakilerin yar\u0131s\u0131ndan \u00e7o\u011funun T\u00fcrkiye&#8217;ye gelebilece\u011fini belirtti.<\/p>\n<p style=\"text-align: justify;\">&#8220;Birinci Global Yol G\u00fcvenli\u011fi Bakanlar Konferans\u0131&#8221;na kat\u0131lan Bakan Atalay, T\u00fcrk gazetecilerin sorular\u0131n\u0131 yan\u0131tlad\u0131. <!--more--><\/p>\n<p style=\"text-align: justify;\">A\u00e7\u0131l\u0131m \u00e7er\u00e7evesinde yeni PKK grubunun gelmesini bekleyip beklemedikleri yolundaki bir soru \u00fczerine Atalay, &#8220;Kuzey Irak&#8217;a d\u00f6n\u00fck \u00e7al\u0131\u015fmalar\u0131m\u0131z s\u00fcr\u00fcyor. Avrupa boyutuyla ilgili bu manada bir plan\u0131m\u0131z yok. Bir geli\u015f beklemiyoruz&#8221; dedi.<\/p>\n<p style=\"text-align: justify;\">&#8220;Yak\u0131n zamanda \u00fc\u00e7l\u00fc \u00e7al\u0131\u015fmalar yapaca\u011f\u0131z&#8221; diyen Atalay, &#8220;\u00dc\u00e7l\u00fc mekanizmada T\u00fcrkiye, Irak ve Amerika taraf\u0131 var, ama orada \u00f6ncelikli konumuz Mahmur \u00fczerinde a\u00e7\u0131k\u00e7as\u0131&#8221; diye konu\u015ftu.<\/p>\n<p style=\"text-align: justify;\">Bakan Atalay, d\u00f6n\u00fc\u015fler i\u00e7in takvim olup olmad\u0131\u011f\u0131 yolundaki soru \u00fczerine de &#8220;Mahmur \u00fczerinde yo\u011funla\u015faca\u011f\u0131z. Demokratik a\u00e7\u0131l\u0131mla ilgili uygulamalar\u0131m\u0131za devam ediyoruz. Kimi tasar\u0131lar\u0131 meclise g\u00f6nderdik. \u00c7ocuklarla ilgili biliyorsunuz ceza kanunu, ter\u00f6rle m\u00fccadele kanunundan \u00e7\u0131karaca\u011f\u0131z. Di\u011fer y\u00f6netmeliklerimiz yay\u0131mland\u0131&#8221; dedi.<\/p>\n<p style=\"text-align: justify;\">Bakan Atalay, \u015fimdi \u00f6zellikle Ayr\u0131mc\u0131l\u0131kla M\u00fccadele Kurumu ve insan haklar\u0131yla ilgili yeni olu\u015fumun tasar\u0131lar\u0131 \u00fczerinde \u00e7al\u0131\u015ft\u0131klar\u0131n\u0131 belirterek, i\u00e7erideki \u00e7al\u0131\u015fmalar\u0131n\u0131n devam etti\u011fini ve t\u00fcm bunlar\u0131 en k\u0131sa zamanda TBMM&#8217;ye g\u00f6ndereceklerini s\u00f6yledi.<\/p>\n<p style=\"text-align: justify;\"><strong><em>&#8220;\u00dc\u00e7l\u00fc mekanizma Erbil&#8217;de toplanacak&#8221; <\/em><\/strong><\/p>\n<p style=\"text-align: justify;\">\u0130\u00e7i\u015fleri Bakanl\u0131\u011f\u0131&#8217;n\u0131 ilgilendiren yol denetimleri gibi baz\u0131 b\u00f6lgelerde ya\u015fayan vatanda\u015flar\u0131n hayat\u0131n\u0131 daha kolayla\u015ft\u0131r\u0131c\u0131 konularla ilgili \u00e7al\u0131\u015fmalar\u0131n s\u00fcrd\u00fcr\u00fcld\u00fc\u011f\u00fcn\u00fc ifade eden Atalay, &#8220;Ama d\u0131\u015far\u0131ya d\u00f6n\u00fck a\u011f\u0131rl\u0131kl\u0131 konumuz Mahmur konusu. Zannediyorum, aral\u0131k ay\u0131n\u0131n belki 17&#8217;si, 18&#8217;i, 19&#8217;u gibi bir tarihte \u00dc\u00e7l\u00fc mekanizmay\u0131 toplayaca\u011f\u0131z&#8221; dedi.<\/p>\n<p style=\"text-align: justify;\">Atalay, \u00fc\u00e7l\u00fc mekanizman\u0131n bu defa Kuzey Irak&#8217;taki Erbil kentinde toplanmas\u0131n\u0131n s\u00f6z konusu oldu\u011funu belirterek, &#8220;\u00c7\u00fcnk\u00fc b\u00f6lgede biraz incelemeler de yapmak istiyorum ve 3&#8217;l\u00fc mekanizmadaki g\u00f6r\u00fc\u015fmede a\u011f\u0131rl\u0131kl\u0131 konu, T\u00fcrkiye, Irak ve ABD aras\u0131nda Mahmur&#8217;un planlamas\u0131 olur&#8221; diye konu\u015ftu.<\/p>\n<p style=\"text-align: justify;\"><strong><em>Kabul yeri olu\u015fturulacak<br \/>\n<\/em><\/strong><\/p>\n<p style=\"text-align: justify;\">Bakan Atalay, bu planlaman\u0131n ard\u0131ndan Mahmur&#8217;dan T\u00fcrkiye&#8217;ye &#8220;intikallerin&#8221; ba\u015flayabilece\u011fini belirterek, &#8220;Mahmur biliyorsunuz daha \u00e7ok ailelerin kald\u0131\u011f\u0131 bir yer. Bir yandan da bizim Habur kap\u0131s\u0131 civar\u0131nda Mahmur&#8217;dan gelenler i\u00e7in belki bir kabul yeri yap\u0131lmas\u0131 s\u00f6z konusu olacak&#8221; dedi.<\/p>\n<p style=\"text-align: justify;\">Habur Kap\u0131s\u0131 \u00fczerinde \u00e7ok fazla y\u00fck oldu\u011funu ve gelenler i\u00e7in yap\u0131lacak kabul yerinin prefabrik yap\u0131lardan olu\u015fabilece\u011fini s\u00f6yleyen Atalay, &#8220;Kap\u0131 \u00fczerinde fazla y\u00fck var ve bu y\u00fczden kap\u0131y\u0131 fazla yo\u011fun tutmak istemiyoruz. Ne kadar\u0131 gelecek \u015fimdiden \u015fey yapam\u0131yoruz ama gelenler i\u00e7in o \u00e7al\u0131\u015fmalar\u0131m\u0131z da devam ediyor&#8221; ifadesini kulland\u0131.<\/p>\n<p style=\"text-align: justify;\"><strong><em>&#8220;Y\u00fczde 50&#8217;sinden fazlas\u0131 gelebilir&#8221; <\/em><\/strong><\/p>\n<p style=\"text-align: justify;\">Atalay, Mahmur&#8217;dan T\u00fcrkiye&#8217;ye gelecekler konusunda bir tahmin olup olmad\u0131\u011f\u0131 yolundaki soru \u00fczerine de kampta 11 bin civar\u0131nda ki\u015finin ya\u015fad\u0131\u011f\u0131n\u0131 belirterek, &#8220;Irak taraf\u0131 bunlar \u00fczerinde biraz \u00e7al\u0131\u015fma yapt\u0131. Hatta T\u00fcrkiye&#8217;ye gitmek isterler mi diye? Ne kadar gitmek ister diye. Onlar\u0131n ya\u015f durumlar\u0131, okul durumlar\u0131, cinsiyet vs&#8230;&#8221; dedi.<\/p>\n<p style=\"text-align: justify;\">Mahmur&#8217;da bulunanlarla ilgili ellerinde bilgi bulundu\u011funu ve mekanizmaya baz\u0131 sorular daha verdiklerini belirten Atalay, &#8220;Onlar da \u00e7al\u0131\u015f\u0131yorlar. Bu toplant\u0131ya o bilgiler de gelmi\u015f olacak. Ama bunlar\u0131n i\u00e7inde ne kadar\u0131 gelebilir. Hen\u00fcz o konuda tam bilgi yok. Bir k\u0131sm\u0131 kalmak istiyor. Benim tahminim y\u00fczde 50&#8217;inin \u00fcst\u00fcnde bir k\u0131sm\u0131 gelir&#8221; diye konu\u015ftu.<\/p>\n<p style=\"text-align: justify;\">Atalay, geleceklerin uzun vadedeki ya\u015famlar\u0131n\u0131n organizasyonuyla ilgili olarak da &#8220;Bunlar\u0131n k\u00f6yleri var, evleri var, yerleri var. Buralar\u0131 terk edip gitmi\u015fler. Nereden gittikleri belli, \u015fehirleri belli. Oraya yerle\u015fecekler. Aileleri, akrabalar\u0131 var&#8221; ifadesini kulland\u0131.<\/p>\n<p style=\"text-align: justify;\">Mahmur kamp\u0131nda yakla\u015f\u0131k 11 bin ki\u015fi ya\u015f\u0131yor.<\/p>\n<p style=\"text-align: justify;\"><span style=\"color: #888888;\">CNN T\u00dcRK<\/span><\/p>\n","protected":false},"excerpt":{"rendered":"<\/p>\n<p style=\"text-align: justify;\">Rusya&#8217;n\u0131n ba\u015fkenti Moskova&#8217;da bulunan \u0130\u00e7i\u015fleri Bakan\u0131 Be\u015fir Atalay, K\u00fcrt a\u00e7\u0131l\u0131m\u0131na dair \u00f6nemli a\u00e7\u0131klamalarda bulundu. Atalay, art\u0131k Mahmur kamp\u0131 \u00fczerinde yo\u011funla\u015facaklar\u0131n\u0131, kamptakilerin yar\u0131s\u0131ndan \u00e7o\u011funun T\u00fcrkiye&#8217;ye gelebilece\u011fini belirtti.<\/p>\n<p style=\"text-align: justify;\">&#8220;Birinci Global Yol G\u00fcvenli\u011fi Bakanlar Konferans\u0131&#8221;na kat\u0131lan Bakan Atalay, T\u00fcrk gazetecilerin sorular\u0131n\u0131 yan\u0131tlad\u0131. <\/p>\n","protected":false},"author":1,"featured_media":0,"comment_status":"open","ping_status":"closed","sticky":false,"template":"","format":"standard","meta":{"footnotes":""},"categories":[105],"tags":[],"class_list":["post-16723","post","type-post","status-publish","format-standard","hentry","category-gundem","odd"],"_links":{"self":[{"href":"http:\/\/www.korhanyilmaz.com\/index.php?rest_route=\/wp\/v2\/posts\/16723","targetHints":{"allow":["GET"]}}],"collection":[{"href":"http:\/\/www.korhanyilmaz.com\/index.php?rest_route=\/wp\/v2\/posts"}],"about":[{"href":"http:\/\/www.korhanyilmaz.com\/index.php?rest_route=\/wp\/v2\/types\/post"}],"author":[{"embeddable":true,"href":"http:\/\/www.korhanyilmaz.com\/index.php?rest_route=\/wp\/v2\/users\/1"}],"replies":[{"embeddable":true,"href":"http:\/\/www.korhanyilmaz.com\/index.php?rest_route=%2Fwp%2Fv2%2Fcomments&post=16723"}],"version-history":[{"count":0,"href":"http:\/\/www.korhanyilmaz.com\/index.php?rest_route=\/wp\/v2\/posts\/16723\/revisions"}],"wp:attachment":[{"href":"http:\/\/www.korhanyilmaz.com\/index.php?rest_route=%2Fwp%2Fv2%2Fmedia&parent=16723"}],"wp:term":[{"taxonomy":"category","embeddable":true,"href":"http:\/\/www.korhanyilmaz.com\/index.php?rest_route=%2Fwp%2Fv2%2Fcategories&post=16723"},{"taxonomy":"post_tag","embeddable":true,"href":"http:\/\/www.korhanyilmaz.com\/index.php?rest_route=%2Fwp%2Fv2%2Ftags&post=16723"}],"curies":[{"name":"wp","href":"https:\/\/api.w.org\/{rel}","templated":true}]}}