{"id":16718,"date":"2009-11-19T17:12:23","date_gmt":"2009-11-19T15:12:23","guid":{"rendered":"http:\/\/www.korhanyilmaz.com\/?p=16718"},"modified":"2009-11-19T17:12:23","modified_gmt":"2009-11-19T15:12:23","slug":"36-isim-hakkindaki-dinleme-belgeleri-dun-imha-edilmis","status":"publish","type":"post","link":"http:\/\/www.korhanyilmaz.com\/?p=16718","title":{"rendered":"36 isim hakk\u0131ndaki dinleme belgeleri d\u00fcn imha edilmi\u015f"},"content":{"rendered":"<p style=\"text-align: center;\"><a href=\"http:\/\/www.korhanyilmaz.com\/wp-content\/uploads\/2009\/11\/ERG\u0130N.jpg\"  class=\"lightview\"><img loading=\"lazy\" decoding=\"async\" class=\"aligncenter size-full wp-image-16719\" src=\"http:\/\/www.korhanyilmaz.com\/wp-content\/uploads\/2009\/11\/ERG\u0130N.jpg\" alt=\"\" width=\"307\" height=\"236\" \/><\/a><\/p>\n<p style=\"text-align: justify;\">Adalet Bakan\u0131 Sadullah Ergin, toplam 56 hakim ve savc\u0131n\u0131n dinlendi\u011fini, bunlardan 36&#8217;s\u0131 hakk\u0131nda su\u00e7 deliline rastlanmad\u0131\u011f\u0131n\u0131, s\u00f6z konusu dinleme kay\u0131tlar\u0131 ve belgelerin d\u00fcn imha edildi\u011fini a\u00e7\u0131klad\u0131.<\/p>\n<p style=\"text-align: justify;\">Ergin, 10 hakim ve savc\u0131 hakk\u0131ndaki soru\u015fturman\u0131n devam etti\u011fini belirtti.<\/p>\n<p style=\"text-align: justify;\">Ergin, geriye kalan 10 hakim ve savc\u0131dan, YARSAV Ba\u015fkan\u0131 d\u0131\u015f\u0131ndaki 9&#8217;u i\u00e7in, \u0130stanbul Cumhuriyet Ba\u015fsavc\u0131l\u0131\u011f\u0131&#8217;n\u0131n karar\u0131n\u0131n beklendi\u011fini kaydetti. <!--more--><\/p>\n<p style=\"text-align: justify;\">CNN T\u00dcRK Haber Koordinat\u00f6r\u00fc Yavuz O\u011fhan&#8217;\u0131n sorular\u0131n\u0131 yan\u0131tlayan Ergin, yarg\u0131daki dinleme krizi i\u00e7in, &#8220;Bir meseleyi oldu\u011fundan farkl\u0131 g\u00f6stermekten ve toplumu gerecek tav\u0131rlardan bakanl\u0131\u011f\u0131m dahil herkes ka\u00e7\u0131nmal\u0131d\u0131r&#8221; dedi.<\/p>\n<p style=\"text-align: justify;\">Yap\u0131lan i\u015flemlerin hukuka uygunlu\u011funu bir kez daha vurgulayan Ergin, hem yarg\u0131 ba\u011f\u0131ms\u0131zl\u0131\u011f\u0131ndan s\u00f6z edip hem de hakim karar\u0131yla verilen dinleme kararlar\u0131 i\u00e7in Adalet Bakanl\u0131\u011f\u0131&#8217;n\u0131n su\u00e7lanmas\u0131n\u0131 ele\u015ftirdi.<\/p>\n<p style=\"text-align: justify;\">Ergin&#8217;in a\u00e7\u0131klamalar\u0131ndan \u00f6nemli ba\u015fl\u0131klar \u015f\u00f6yle:<\/p>\n<p style=\"text-align: justify;\"><strong><em>Ba\u015fsavc\u0131n\u0131n dinlenmesi<\/em><\/strong><\/p>\n<p style=\"text-align: justify;\">\u0130stanbul Cumhuriyet Ba\u015fsavc\u0131s\u0131 Aykut Cengiz Engin&#8217;in de dinlenen yarg\u0131 mensuplar\u0131 aras\u0131nda oldu\u011fu \u00e7\u0131km\u0131\u015ft\u0131. Bakan Ergin, bu konudaki ele\u015ftirileri de, &#8220;Soru\u015fturma karar\u0131n\u0131 veren yarg\u0131\u00e7t\u0131r. O nedenle yerindelik denetimi yapmak bana d\u00fc\u015fmez. Hem yarg\u0131 faaliyetine m\u00fcdahale etmeyelim diyece\u011fiz hem bunu s\u00f6yleyece\u011fiz. Bu kuvvetler ayr\u0131l\u0131\u011f\u0131 ilkesiyle ba\u011fda\u015fmaz&#8221; dedi.<\/p>\n<p style=\"text-align: justify;\"><strong><em>Bo\u015f yere dinlenenler<\/em><\/strong><\/p>\n<p style=\"text-align: justify;\">Bakan Ergin, Yavuz O\u011fhan&#8217;\u0131n &#8220;Hi\u00e7bir \u015fey \u00e7\u0131kmad\u0131\u011f\u0131nda Ba\u015fsavc\u0131 Engin hakk\u0131n\u0131 nas\u0131l arayacak? Ya bo\u015fu bo\u015funa dinlendiyse&#8230;&#8221; \u015feklindeki sorusuna, &#8220;T\u00fcrkiye&#8217;de bu \u015fekilde binlerce \u00f6rnek var. Burada k\u00f6t\u00fc niyetli bir uygulama varsa ve bu ispat edilirse elbette bunun bir m\u00fceyyidesi olur, ama yap\u0131lan soru\u015fturmalar\u0131n bir \u00e7o\u011funda takipsizlik, kovu\u015fturmaya yer olmad\u0131\u011f\u0131na dair kararlar \u00e7\u0131k\u0131yor. O halde bu karar\u0131 veren savc\u0131lar hakk\u0131nda i\u015flem mi yap\u0131lmas\u0131 gerekiyor? \u00d6nemli olan hukuku k\u00f6t\u00fc niyetli kullanmamakt\u0131r&#8221; dedi.<\/p>\n<p style=\"text-align: justify;\">A\u011f\u0131r cezada g\u00f6r\u00fclen davalar\u0131n yar\u0131ya yak\u0131n\u0131nda beraat karar\u0131 verildi\u011fini belirten Ergin, bundan soru\u015fturma a\u015famas\u0131n\u0131n \u00e7ok sa\u011fl\u0131kl\u0131 y\u00fcr\u00fcmedi\u011fi sonucu \u00e7\u0131kt\u0131\u011f\u0131n\u0131 s\u00f6yledi. Ergin, yarg\u0131 reformu stratejisinin \u00f6nleyici tedbirleri i\u00e7inde bunlar\u0131n da oldu\u011funu kaydetti.<\/p>\n<p style=\"text-align: justify;\"><strong><em>Dinleme say\u0131s\u0131<\/em><\/strong><\/p>\n<p style=\"text-align: justify;\">Bakan Ergin, AK Parti h\u00fck\u00fcmeti d\u00f6neminde yap\u0131lan dinlemelerin say\u0131s\u0131n\u0131n azald\u0131\u011f\u0131n\u0131 belirterek, &#8220;Bu h\u00fck\u00fcmetin yapt\u0131\u011f\u0131 en hay\u0131rl\u0131 i\u015flerden biri bunlar\u0131 denetim alt\u0131na almakt\u0131r. Yarg\u0131 denetimi d\u0131\u015f\u0131ndaki dinlemeler delil olmaktan \u00e7\u0131kar\u0131ld\u0131. Art\u0131k \u00e7ok s\u0131k\u0131 olarak denetim alt\u0131nda&#8221; dedi.<\/p>\n<p style=\"text-align: justify;\"><strong><em>Ergenekon ile ba\u011flant\u0131<\/em><\/strong><\/p>\n<p style=\"text-align: justify;\">Bakan Ergin, &#8220;dinleme geriliminin Ergenekon ile mi ilgili oldu\u011fu&#8221; y\u00f6n\u00fcndeki soruya ise, &#8220;Ergenekon bir par\u00e7as\u0131 olabilir. Ama bu T\u00fcrkiye&#8217;de \u00f6teden beri var&#8221; yan\u0131t\u0131n\u0131 verdi.<\/p>\n<p style=\"text-align: justify;\"><strong><em>\u015eemdinli iddianamesi ve Ferhat Sar\u0131kaya \u00f6rne\u011fi<\/em><\/strong><\/p>\n<p style=\"text-align: justify;\">Bakan Ergin, AB&#8217;nin ilerleme raporlar\u0131n\u0131n yarg\u0131 ba\u011f\u0131ms\u0131zl\u0131\u011f\u0131 b\u00f6l\u00fcm\u00fcnde T\u00fcrkiye&#8217;nin \u00f6n\u00fcne s\u00fcrekli olarak, \u015eemdinli iddianamesinin ard\u0131ndan meslekten ihra\u00e7 edilen savc\u0131 Ferhat Sar\u0131kaya&#8217;n\u0131n \u00e7\u0131kar\u0131ld\u0131\u011f\u0131n\u0131 belirtti.<\/p>\n<p style=\"text-align: justify;\"><strong><em>T\u0130B&#8217;in \u015fikayeti<\/em><\/strong><\/p>\n<p style=\"text-align: justify;\">T\u0130B&#8217;de arama yapan hakim hakk\u0131nda Adalet Bakanl\u0131\u011f\u0131n\u0131n ba\u015flatt\u0131\u011f\u0131 inceleme i\u00e7in Bakan Ergin, &#8220;Son T\u0130B tespitinde, yap\u0131lan tespit esnas\u0131nda tutanaklar tutulmu\u015f. O tutanaklara dayal\u0131 olarak T\u0130B Ba\u015fkanl\u0131\u011f\u0131 Adalet Bakanl\u0131\u011f\u0131na \u015fikayette bulunmu\u015f, &#8216;Orada yap\u0131lan i\u015flem esnas\u0131nda gizlili\u011fin ihlali s\u00f6z konusudur, biz uyar\u0131l\u0131m\u0131z\u0131 yapt\u0131k, ama itibar edilmedi&#8217; demi\u015f. Bu arada, Sincan Mahkemesinin verdi\u011fi inceleme karar\u0131nda da &#8216;Halen dinleme varsa buna ili\u015fkin gizlilik nedeniyle tespitlerin yap\u0131lmamas\u0131na&#8217; diye bir c\u00fcmle konmu\u015f. Yani &#8216;gizlilik karar\u0131 varsa, tespit yapmay\u0131n&#8217; diyor. Tespite gelen yarg\u0131\u00e7, &#8216;varsa da, yoksa da ben tespit yapar\u0131m&#8217; noktas\u0131nda&#8221; dedi.<\/p>\n<p style=\"text-align: justify;\"><strong><em>Toplumdaki dinlenme psikolojisi<\/em><\/strong><\/p>\n<p style=\"text-align: justify;\">&#8220;Toplumda olu\u015fan psikolojiyi nas\u0131l g\u00f6r\u00fcyorsunuz?&#8221; sorusu \u00fczerine Ergin, olu\u015fan psikolojinin \u00e7ok sa\u011fl\u0131kl\u0131 olmad\u0131\u011f\u0131n\u0131, \u015fu anda toplumda olu\u015fmu\u015f havan\u0131n telafi edilmesi gereken bir atmosfer oldu\u011funu, bilgi sahibi olmadan yap\u0131lan de\u011ferlendirmelerin, haberlerin, bunda \u00e7ok b\u00fcy\u00fck rol\u00fc oldu\u011funu d\u00fc\u015f\u00fcnd\u00fc\u011f\u00fcn\u00fc, do\u011fru bilgiler ortaya \u00e7\u0131kt\u0131k\u00e7a bu atmosferin da\u011f\u0131laca\u011f\u0131n\u0131 ifade etti.<\/p>\n<p style=\"text-align: justify;\"><span style=\"color: #888888;\">CNN T\u00dcRK<\/span><\/p>\n","protected":false},"excerpt":{"rendered":"<p style=\"text-align: center;\">\n<p style=\"text-align: justify;\">Adalet Bakan\u0131 Sadullah Ergin, toplam 56 hakim ve savc\u0131n\u0131n dinlendi\u011fini, bunlardan 36&#8217;s\u0131 hakk\u0131nda su\u00e7 deliline rastlanmad\u0131\u011f\u0131n\u0131, s\u00f6z konusu dinleme kay\u0131tlar\u0131 ve belgelerin d\u00fcn imha edildi\u011fini a\u00e7\u0131klad\u0131.<\/p>\n<p style=\"text-align: justify;\">Ergin, 10 hakim ve savc\u0131 hakk\u0131ndaki soru\u015fturman\u0131n devam etti\u011fini belirtti.<\/p>\n<p style=\"text-align: justify;\">Ergin, geriye kalan 10 hakim ve savc\u0131dan, YARSAV Ba\u015fkan\u0131 d\u0131\u015f\u0131ndaki <\/p>\n","protected":false},"author":1,"featured_media":0,"comment_status":"open","ping_status":"closed","sticky":false,"template":"","format":"standard","meta":{"footnotes":""},"categories":[105],"tags":[],"class_list":["post-16718","post","type-post","status-publish","format-standard","hentry","category-gundem","odd"],"_links":{"self":[{"href":"http:\/\/www.korhanyilmaz.com\/index.php?rest_route=\/wp\/v2\/posts\/16718","targetHints":{"allow":["GET"]}}],"collection":[{"href":"http:\/\/www.korhanyilmaz.com\/index.php?rest_route=\/wp\/v2\/posts"}],"about":[{"href":"http:\/\/www.korhanyilmaz.com\/index.php?rest_route=\/wp\/v2\/types\/post"}],"author":[{"embeddable":true,"href":"http:\/\/www.korhanyilmaz.com\/index.php?rest_route=\/wp\/v2\/users\/1"}],"replies":[{"embeddable":true,"href":"http:\/\/www.korhanyilmaz.com\/index.php?rest_route=%2Fwp%2Fv2%2Fcomments&post=16718"}],"version-history":[{"count":0,"href":"http:\/\/www.korhanyilmaz.com\/index.php?rest_route=\/wp\/v2\/posts\/16718\/revisions"}],"wp:attachment":[{"href":"http:\/\/www.korhanyilmaz.com\/index.php?rest_route=%2Fwp%2Fv2%2Fmedia&parent=16718"}],"wp:term":[{"taxonomy":"category","embeddable":true,"href":"http:\/\/www.korhanyilmaz.com\/index.php?rest_route=%2Fwp%2Fv2%2Fcategories&post=16718"},{"taxonomy":"post_tag","embeddable":true,"href":"http:\/\/www.korhanyilmaz.com\/index.php?rest_route=%2Fwp%2Fv2%2Ftags&post=16718"}],"curies":[{"name":"wp","href":"https:\/\/api.w.org\/{rel}","templated":true}]}}