{"id":16713,"date":"2009-11-19T20:43:19","date_gmt":"2009-11-19T18:43:19","guid":{"rendered":"http:\/\/www.korhanyilmaz.com\/?p=16713"},"modified":"2009-11-19T20:43:19","modified_gmt":"2009-11-19T18:43:19","slug":"yarsavin-yeni-baskani-belli-oldu","status":"publish","type":"post","link":"http:\/\/www.korhanyilmaz.com\/?p=16713","title":{"rendered":"YARSAV&#039;\u0131n yeni ba\u015fkan\u0131 belli oldu"},"content":{"rendered":"<div id=\"attachment_16714\" style=\"width: 286px\" class=\"wp-caption aligncenter\"><a href=\"http:\/\/www.korhanyilmaz.com\/wp-content\/uploads\/2009\/11\/YARSAV.jpg\"  class=\"lightview\"><img loading=\"lazy\" decoding=\"async\" aria-describedby=\"caption-attachment-16714\" class=\"size-full wp-image-16714  \" title=\"Emine \u00dclker Tarhan \" src=\"http:\/\/www.korhanyilmaz.com\/wp-content\/uploads\/2009\/11\/YARSAV.jpg\" alt=\"Emine \u00dclker Tarhan \" width=\"276\" height=\"212\" \/><\/a><p id=\"caption-attachment-16714\" class=\"wp-caption-text\">Emine \u00dclker Tarhan <\/p><\/div>\n<p style=\"text-align: justify;\">YARSAV&#8217;\u0131n yeni ba\u015fkan\u0131 Emine \u00dclker Tarhan oldu. Yeni ba\u015fkan Tarhan, &#8220;\u00d6mer Faruk Emina\u011fao\u011flu&#8217;nun eskisi gibi yine YARSAV ile b\u00fct\u00fcnle\u015fmi\u015f olarak aram\u0131zda oldu\u011funu onur duyarak a\u00e7\u0131kl\u0131yoruz&#8221; dedi.<\/p>\n<p style=\"text-align: justify;\">YARSAV Ba\u015fkanl\u0131\u011f\u0131na, Yarg\u0131tay 4. Ceza Dairesi Tetkik Hakimi Emine \u00dclker Tarhan se\u00e7ildi.<!--more--><\/p>\n<p style=\"text-align: justify;\">YARSAV&#8217;\u0131n 2. Ola\u011fan Genel Kurulu&#8217;nda se\u00e7ilen yeni Y\u00f6netim Kurulu, bug\u00fcn ilk toplant\u0131s\u0131n\u0131 yapt\u0131.<\/p>\n<p style=\"text-align: justify;\">Toplant\u0131da, YARSAV ba\u015fkanl\u0131\u011f\u0131na Emine \u00dclker Tarhan getirildi.<\/p>\n<p style=\"text-align: justify;\">YARSAV Ba\u015fkanl\u0131\u011f\u0131na se\u00e7ilen Emine \u00dclker Tarhan, &#8220;Temel hak ve \u00f6zg\u00fcrl\u00fckleri ayaklar alt\u0131na alan uygulamalara kar\u015f\u0131 yarg\u0131 ba\u011f\u0131ms\u0131zl\u0131\u011f\u0131 ve demokratik, laik, sosyal hukuk devletinin t\u00fcm kural ve kurumlar\u0131yla ya\u015fama ge\u00e7irilmesi hedefiyle m\u00fccadele kararl\u0131l\u0131\u011f\u0131m\u0131z\u0131 s\u00fcrd\u00fcrece\u011fiz&#8221; dedi.<\/p>\n<p style=\"text-align: justify;\">Tarhan, yeni Y\u00f6netim Kurulu&#8217;nun toplant\u0131s\u0131n\u0131n ard\u0131ndan Y\u00f6netim Kurulu&#8217;nca haz\u0131rlanan a\u00e7\u0131klamay\u0131 bas\u0131n mensuplar\u0131na okudu.<\/p>\n<p style=\"text-align: justify;\">Y\u00f6netim Kurulu toplant\u0131s\u0131nda se\u00e7im ve g\u00f6rev da\u011f\u0131l\u0131m\u0131n\u0131n yap\u0131ld\u0131\u011f\u0131n\u0131 belirten Tarhan, \u00d6nder Tekin&#8217;in Genel Sekreter, Murat Arslan&#8217;\u0131n Sayman, Kaz\u0131m Da\u011fdeviren, Nuh H\u00fcseyin K\u00f6se ve Fetih Say\u0131n&#8217;\u0131n YARSAV Ba\u015fkan yard\u0131mc\u0131l\u0131klar\u0131na oy birli\u011fiyle getirildiklerini s\u00f6yledi.<\/p>\n<p style=\"text-align: justify;\">Yeni Y\u00f6netim Kurulu&#8217;nun evrensel hukuk ve yarg\u0131 ba\u011f\u0131ms\u0131zl\u0131\u011f\u0131, yarg\u0131\u00e7 ve savc\u0131 g\u00fcvencesi ilkeleri ve di\u011fer ilkeler do\u011frultusunda \u00e7al\u0131\u015fmalar\u0131n\u0131 s\u00fcrd\u00fcrmeye devam edece\u011fini belirten Tarhan, &#8220;Ba\u015fta Kurucu Genel Ba\u015fkan\u0131m\u0131z \u00d6mer Faruk Emina\u011fao\u011flu olmak \u00fczere eme\u011fi ge\u00e7en \u00f6nceki Y\u00f6netim Kurulu \u00fcyelerine g\u00f6n\u00fclden te\u015fekk\u00fcr ediyoruz. Teslim ettikleri hukuk devleti ve yarg\u0131 ba\u011f\u0131ms\u0131zl\u0131\u011f\u0131 bayra\u011f\u0131n\u0131n elden hi\u00e7 d\u00fc\u015fmeden y\u00fcr\u00fcyece\u011fini, onlardan hi\u00e7 ayr\u0131lmayaca\u011f\u0131m\u0131z\u0131, demokratik yollarla teslim ald\u0131\u011f\u0131m\u0131z g\u00f6revi onlarla birlikte s\u00fcrd\u00fcrece\u011fimizi bildiriyoruz&#8221; dedi.<\/p>\n<p style=\"text-align: justify;\">Tarhan, &#8220;T\u00fcrkiye&#8217;de yarg\u0131\u00e7 ve savc\u0131 \u00f6rg\u00fctlenmesi, yarg\u0131 ba\u011f\u0131ms\u0131zl\u0131\u011f\u0131 ve hukukun \u00fcst\u00fcnl\u00fc\u011f\u00fc konular\u0131nda harcad\u0131klar\u0131 emek ve g\u00f6sterdikleri \u00f6zveri; sadece \u00fclkemizde de\u011fil, t\u00fcm uluslararas\u0131 yarg\u0131\u00e7 ve savc\u0131 \u00f6rg\u00fctleri aras\u0131nda takdirle kar\u015f\u0131lanan ve bu alanda bir simge haline gelen kurucu ba\u015fkan\u0131m\u0131z \u00d6mer Faruk Emina\u011fao\u011flu&#8217;nun eskisi gibi yine YARSAV ile b\u00fct\u00fcnle\u015fmi\u015f olarak aram\u0131zda oldu\u011funu onur duyarak a\u00e7\u0131kl\u0131yoruz&#8221; ifadelerini kulland\u0131.<\/p>\n<p style=\"text-align: justify;\">T\u00fcrkiye&#8217;de hukukun \u00fcst\u00fcnl\u00fc\u011f\u00fc ve yarg\u0131 ba\u011f\u0131ms\u0131zl\u0131\u011f\u0131 \u00fczerindeki tehditlerin &#8220;hat safhada&#8221; oldu\u011funu iddia eden Tarhan, &#8220;yarg\u0131n\u0131n ku\u015fat\u0131lmas\u0131ndan t\u00fcm toplumun zarar g\u00f6rd\u00fc\u011f\u00fcn\u00fc&#8221; ileri s\u00fcrd\u00fc.<\/p>\n<p style=\"text-align: justify;\">&#8220;Ba\u011f\u0131ms\u0131z yarg\u0131 denetiminin yerinin y\u00fcr\u00fctmeye b\u0131rak\u0131lmak istendi\u011fini&#8221; de \u00f6ne s\u00fcren Tarhan, &#8220;Temel hak ve \u00f6zg\u00fcrl\u00fckleri ayaklar alt\u0131na alan bu uygulamalara kar\u015f\u0131 yarg\u0131 ba\u011f\u0131ms\u0131zl\u0131\u011f\u0131 ve demokratik laik, sosyal, hukuk devletinin t\u00fcm kural ve kurumlar\u0131yla ya\u015fama ge\u00e7irilmesi hedefiyle m\u00fccadele kararl\u0131l\u0131\u011f\u0131m\u0131z\u0131 s\u00fcrd\u00fcrece\u011fiz&#8221; dedi.<\/p>\n<p style=\"text-align: justify;\"><span style=\"color: #888888;\">CNN T\u00dcRK<\/span><\/p>\n","protected":false},"excerpt":{"rendered":"<p id=\"caption-attachment-16714\" class=\"wp-caption-text\">Emine \u00dclker Tarhan <\/p>\n<p style=\"text-align: justify;\">YARSAV&#8217;\u0131n yeni ba\u015fkan\u0131 Emine \u00dclker Tarhan oldu. Yeni ba\u015fkan Tarhan, &#8220;\u00d6mer Faruk Emina\u011fao\u011flu&#8217;nun eskisi gibi yine YARSAV ile b\u00fct\u00fcnle\u015fmi\u015f olarak aram\u0131zda oldu\u011funu onur duyarak a\u00e7\u0131kl\u0131yoruz&#8221; dedi.<\/p>\n<p style=\"text-align: justify;\">YARSAV Ba\u015fkanl\u0131\u011f\u0131na, Yarg\u0131tay 4. Ceza Dairesi Tetkik Hakimi Emine \u00dclker Tarhan se\u00e7ildi.<\/p>\n","protected":false},"author":1,"featured_media":0,"comment_status":"open","ping_status":"closed","sticky":false,"template":"","format":"standard","meta":{"footnotes":""},"categories":[105],"tags":[],"class_list":["post-16713","post","type-post","status-publish","format-standard","hentry","category-gundem","odd"],"_links":{"self":[{"href":"http:\/\/www.korhanyilmaz.com\/index.php?rest_route=\/wp\/v2\/posts\/16713","targetHints":{"allow":["GET"]}}],"collection":[{"href":"http:\/\/www.korhanyilmaz.com\/index.php?rest_route=\/wp\/v2\/posts"}],"about":[{"href":"http:\/\/www.korhanyilmaz.com\/index.php?rest_route=\/wp\/v2\/types\/post"}],"author":[{"embeddable":true,"href":"http:\/\/www.korhanyilmaz.com\/index.php?rest_route=\/wp\/v2\/users\/1"}],"replies":[{"embeddable":true,"href":"http:\/\/www.korhanyilmaz.com\/index.php?rest_route=%2Fwp%2Fv2%2Fcomments&post=16713"}],"version-history":[{"count":0,"href":"http:\/\/www.korhanyilmaz.com\/index.php?rest_route=\/wp\/v2\/posts\/16713\/revisions"}],"wp:attachment":[{"href":"http:\/\/www.korhanyilmaz.com\/index.php?rest_route=%2Fwp%2Fv2%2Fmedia&parent=16713"}],"wp:term":[{"taxonomy":"category","embeddable":true,"href":"http:\/\/www.korhanyilmaz.com\/index.php?rest_route=%2Fwp%2Fv2%2Fcategories&post=16713"},{"taxonomy":"post_tag","embeddable":true,"href":"http:\/\/www.korhanyilmaz.com\/index.php?rest_route=%2Fwp%2Fv2%2Ftags&post=16713"}],"curies":[{"name":"wp","href":"https:\/\/api.w.org\/{rel}","templated":true}]}}