{"id":16709,"date":"2009-11-18T17:31:41","date_gmt":"2009-11-18T15:31:41","guid":{"rendered":"http:\/\/www.korhanyilmaz.com\/?p=16709"},"modified":"2020-05-17T01:11:24","modified_gmt":"2020-05-16T22:11:24","slug":"tibde-inceleme-yapan-hakime-sorusturma","status":"publish","type":"post","link":"http:\/\/www.korhanyilmaz.com\/?p=16709","title":{"rendered":"T\u0130B&#8217;de inceleme yapan hakime soru\u015fturma"},"content":{"rendered":"<div id=\"attachment_68055\" style=\"width: 410px\" class=\"wp-caption aligncenter\"><a href=\"http:\/\/www.korhanyilmaz.com\/wp-content\/uploads\/2009\/11\/653012_detay.jpg\"  class=\"lightview\"><img loading=\"lazy\" decoding=\"async\" aria-describedby=\"caption-attachment-68055\" class=\"wp-image-68055\" src=\"http:\/\/www.korhanyilmaz.com\/wp-content\/uploads\/2009\/11\/653012_detay.jpg\" alt=\"\" width=\"400\" height=\"410\" \/><\/a><p id=\"caption-attachment-68055\" class=\"wp-caption-text\">\u00a0Telekom\u00fcnikasyon \u0130leti\u015fim Ba\u015fkan\u0131 (T\u0130B) Fethi \u015eim\u015fek<\/p><\/div>\n<p style=\"text-align: justify;\">Adalet Bakanl\u0131\u011f\u0131, Telekom\u00fcnikasyon \u0130leti\u015fim Ba\u015fkanl\u0131\u011f\u0131&#8217;nda (T\u0130B) inceleme yapan hakim hakk\u0131nda soru\u015fturma a\u00e7t\u0131.<\/p>\n<p style=\"text-align: justify;\">\u0130nceleme, T\u0130B&#8217;de yap\u0131lan aramadan sonraki bir tarihte ba\u015flat\u0131ld\u0131.<\/p>\n<p style=\"text-align: justify;\">Bu kapsamda, aramaya ili\u015fkin baz\u0131 evraklar\u0131n m\u00fcfetti\u015flerce incelemeye al\u0131nd\u0131\u011f\u0131, baz\u0131 ki\u015filerin de ifadesine ba\u015fvuruldu\u011fu \u00f6\u011frenildi.<\/p>\n<p style=\"text-align: justify;\">Emina\u011fao\u011flu T\u0130B&#8217;de inceleme istemi\u015fti. <!--more--><\/p>\n<p style=\"text-align: justify;\">\u0130nceleme, &#8216;telekulak&#8217; iddialar\u0131yla ilgili YARSAV Ba\u015fkan\u0131 \u00d6mer Faruk Emina\u011fao\u011flu&#8217;nun ba\u015fvurusu \u00fczerine Sincan 1. A\u011f\u0131r Ceza Mahkemesi&#8217;nce al\u0131nan karar do\u011frultusunda yap\u0131lm\u0131\u015ft\u0131.<\/p>\n<p style=\"text-align: justify;\">5 Kas\u0131m&#8217;da incelemeyi yapan Ankara 1. Sulh Ceza Mahkemesi Hakimi Hayri Keskin ve refakatindeki bilirki\u015fi heyeti, inceleme s\u0131ras\u0131nda &#8220;fiili engellemede bulundu\u011fu&#8221; iddias\u0131yla T\u0130B g\u00f6revlisi bir ki\u015fi hakk\u0131nda su\u00e7 duyurusunda bulunmu\u015ftu.<\/p>\n<p style=\"text-align: justify;\">\u0130ncelemeyle ilgili a\u00e7\u0131klama yapan Telekom\u00fcnikasyon \u0130leti\u015fim Ba\u015fkan\u0131 Fethi \u015eim\u015fek, &#8220;Rahats\u0131z oldum&#8221; demi\u015f ve incelemeyi &#8220;hukuksuz&#8221; olarak nitelemi\u015fti.<\/p>\n<p style=\"text-align: justify;\">\u015eim\u015fek, &#8220;Bir kez daha us\u00fcls\u00fcz bir i\u015flem yap\u0131lmad\u0131\u011f\u0131 ortaya \u00e7\u0131kt\u0131&#8221; demi\u015fti.<\/p>\n<p style=\"text-align: justify;\">Sincan 1. A\u011f\u0131r Ceza Mahkemesi Ba\u015fkan\u0131 Osman Ka\u00e7maz da 12 Kas\u0131m&#8217;da, heyetin T\u0130B g\u00f6revlilerince engellendi\u011fi ve bu nedenle \u00e7al\u0131\u015fmalar\u0131n yap\u0131lamad\u0131\u011f\u0131 gerek\u00e7esiyle tespitin yenilenmesine karar vermi\u015fti.<\/p>\n<p style=\"text-align: justify;\"><span style=\"color: #888888;\">CNN T\u00dcRK<\/span><\/p>\n","protected":false},"excerpt":{"rendered":"<p id=\"caption-attachment-68055\" class=\"wp-caption-text\"> Telekom\u00fcnikasyon \u0130leti\u015fim Ba\u015fkan\u0131 (T\u0130B) Fethi \u015eim\u015fek<\/p>\n<p style=\"text-align: justify;\">Adalet Bakanl\u0131\u011f\u0131, Telekom\u00fcnikasyon \u0130leti\u015fim Ba\u015fkanl\u0131\u011f\u0131&#8217;nda (T\u0130B) inceleme yapan hakim hakk\u0131nda soru\u015fturma a\u00e7t\u0131.<\/p>\n<p style=\"text-align: justify;\">\u0130nceleme, T\u0130B&#8217;de yap\u0131lan aramadan sonraki bir tarihte ba\u015flat\u0131ld\u0131.<\/p>\n<p style=\"text-align: justify;\">Bu kapsamda, aramaya ili\u015fkin baz\u0131 evraklar\u0131n m\u00fcfetti\u015flerce incelemeye al\u0131nd\u0131\u011f\u0131, baz\u0131 ki\u015filerin de ifadesine ba\u015fvuruldu\u011fu \u00f6\u011frenildi.<\/p>\n<p style=\"text-align: justify;\">Emina\u011fao\u011flu T\u0130B&#8217;de inceleme <\/p>\n","protected":false},"author":1,"featured_media":0,"comment_status":"open","ping_status":"closed","sticky":false,"template":"","format":"standard","meta":{"footnotes":""},"categories":[105],"tags":[],"class_list":["post-16709","post","type-post","status-publish","format-standard","hentry","category-gundem","odd"],"_links":{"self":[{"href":"http:\/\/www.korhanyilmaz.com\/index.php?rest_route=\/wp\/v2\/posts\/16709","targetHints":{"allow":["GET"]}}],"collection":[{"href":"http:\/\/www.korhanyilmaz.com\/index.php?rest_route=\/wp\/v2\/posts"}],"about":[{"href":"http:\/\/www.korhanyilmaz.com\/index.php?rest_route=\/wp\/v2\/types\/post"}],"author":[{"embeddable":true,"href":"http:\/\/www.korhanyilmaz.com\/index.php?rest_route=\/wp\/v2\/users\/1"}],"replies":[{"embeddable":true,"href":"http:\/\/www.korhanyilmaz.com\/index.php?rest_route=%2Fwp%2Fv2%2Fcomments&post=16709"}],"version-history":[{"count":0,"href":"http:\/\/www.korhanyilmaz.com\/index.php?rest_route=\/wp\/v2\/posts\/16709\/revisions"}],"wp:attachment":[{"href":"http:\/\/www.korhanyilmaz.com\/index.php?rest_route=%2Fwp%2Fv2%2Fmedia&parent=16709"}],"wp:term":[{"taxonomy":"category","embeddable":true,"href":"http:\/\/www.korhanyilmaz.com\/index.php?rest_route=%2Fwp%2Fv2%2Fcategories&post=16709"},{"taxonomy":"post_tag","embeddable":true,"href":"http:\/\/www.korhanyilmaz.com\/index.php?rest_route=%2Fwp%2Fv2%2Ftags&post=16709"}],"curies":[{"name":"wp","href":"https:\/\/api.w.org\/{rel}","templated":true}]}}