{"id":16681,"date":"2009-11-19T08:03:18","date_gmt":"2009-11-19T06:03:18","guid":{"rendered":"http:\/\/www.korhanyilmaz.com\/?p=16681"},"modified":"2009-11-19T08:03:18","modified_gmt":"2009-11-19T06:03:18","slug":"eminagaoglu-ve-kacmaza-ihrac-istemedik","status":"publish","type":"post","link":"http:\/\/www.korhanyilmaz.com\/?p=16681","title":{"rendered":"Emina\u011fao\u011flu ve Ka\u00e7maz&#039;a ihra\u00e7 istemedik"},"content":{"rendered":"<p style=\"text-align: center;\"><img loading=\"lazy\" decoding=\"async\" class=\"aligncenter size-full wp-image-16682\" src=\"http:\/\/www.korhanyilmaz.com\/wp-content\/uploads\/2009\/11\/ergin.jpg\" alt=\"\" width=\"307\" height=\"236\" \/><\/p>\n<p style=\"text-align: justify;\">Adalet Bakan\u0131 Sadullah Ergin, Hakimler ve Savc\u0131lar Y\u00fcksek Kurulu&#8217;ndan (HSYK) Sincan 1. A\u011f\u0131r Ceza Mahkemesi Ba\u015fkan\u0131 Osman Ka\u00e7maz ve Yarg\u0131tay Cumhuriyet Savc\u0131s\u0131 \u00d6mer Faruk Emina\u011fao\u011flu&#8217;nun ihrac\u0131n\u0131 istemedi\u011fini s\u00f6yledi.<\/p>\n<p style=\"text-align: justify;\">Ergin, &#8220;Bizim mucibimizde ihra\u00e7 diye bir\u015fey yok. \u0130hra\u00e7, sevimli bir i\u015flem de\u011fil&#8221; dedi.<\/p>\n<p style=\"text-align: justify;\">Sadullah Ergin, TRT-1&#8217;de yay\u0131nlanan &#8220;Herkes i\u00e7in Adalet&#8221; program\u0131na kat\u0131larak, telefon dinlemelerine ili\u015fkin sorular\u0131 yan\u0131tlad\u0131. <!--more--><\/p>\n<p style=\"text-align: justify;\">Avukatlar\u0131n bug\u00fcnk\u00fc protesto y\u00fcr\u00fcy\u00fc\u015f\u00fcn\u00fcn demokratik tepki \u00e7er\u00e7evesinde bir hak oldu\u011funu ifade eden Ergin, buna sayg\u0131 duydu\u011funu s\u00f6yledi.<\/p>\n<p style=\"text-align: justify;\">Tepkilerin do\u011fru bilgilere dayanmas\u0131n\u0131n \u00f6nemli oldu\u011funu ifade eden Ergin, &#8220;Ancak yak\u0131n siyasi tarihimizdeki baz\u0131 olaylara bakarsak, olaylar\u0131n s\u0131cakl\u0131\u011f\u0131 da\u011f\u0131lmadan yap\u0131lan g\u00f6steri ve tepkiler, bir s\u00fcre sonra ger\u00e7ekler ortaya \u00e7\u0131kmaya ba\u015flad\u0131\u011f\u0131nda yapanlara mahcubiyet ya\u015fatt\u0131&#8221; diye konu\u015ftu.<\/p>\n<p style=\"text-align: justify;\">Telefon dinleme konusunda \u00f6zensiz karar verildi\u011fine ili\u015fkin ele\u015ftirilerin hat\u0131rlat\u0131lmas\u0131 \u00fczerine Ergin, yarg\u0131\u00e7lar\u0131n da yanl\u0131\u015f yapt\u0131\u011f\u0131 zamanlar oldu\u011funu, bunlar\u0131 do\u011frultma y\u00f6nteminin y\u00f6neticilere ait olmad\u0131\u011f\u0131n\u0131 bildirdi ve yanl\u0131\u015f kararlar ya da yasayla \u00e7eli\u015fen durumlar\u0131n olmas\u0131 durumunda bunlar\u0131n d\u00fczeltilece\u011fi mekanizmalar\u0131n belli oldu\u011funu kaydetti.<\/p>\n<p style=\"text-align: justify;\">Ceza Muhakemeleri Yasas\u0131&#8217;n\u0131n 4-5 y\u0131ll\u0131k bir yasa oldu\u011funu ve i\u00e7tihatlar\u0131n yeni olu\u015fmaya ba\u015flad\u0131\u011f\u0131n\u0131, Telekom\u00fcnikasyon \u0130leti\u015fim Ba\u015fkanl\u0131\u011f\u0131&#8217;n\u0131n (T\u0130B) da yeni bir kurum oldu\u011funu anlatan Ergin, bu ili\u015fkilerin yerle\u015fmesinin zaman ald\u0131\u011f\u0131n\u0131 dile getirdi.<\/p>\n<p style=\"text-align: justify;\">Ergin, bu s\u00fcre\u00e7 i\u00e7inde aile mahkemelerinden ileti\u015fimin belirlenmesi ya da telefon dinleme gibi ceza yarg\u0131lamas\u0131n\u0131n d\u0131\u015f\u0131nda kalan alanlarda da T\u0130B&#8217;e yasan\u0131n arad\u0131\u011f\u0131 ko\u015fullara uymayan ba\u015fvurular yap\u0131ld\u0131\u011f\u0131n\u0131 anlatt\u0131.<\/p>\n<p style=\"text-align: justify;\">Bu yanl\u0131\u015flar\u0131 sistemin kendi i\u00e7inde tolere edecek mekanizmalar bulundu\u011funun alt\u0131n\u0131 \u00e7izen Ergin, sisteme d\u0131\u015far\u0131dan yap\u0131lacak m\u00fcdahalenin do\u011fru olmayaca\u011f\u0131n\u0131 s\u00f6yledi.<\/p>\n<p style=\"text-align: justify;\">T\u0130B&#8217;in, yarg\u0131 karar\u0131 \u00fczerine 2009 y\u0131l\u0131nda 32 bin 852 ki\u015fiyi dinledi\u011finin belirtilmesi \u00fczerine Ergin, T\u0130B&#8217;in kimi kararlara itiraz\u0131yla uygulamadaki yanl\u0131\u015f kararlarda azalma g\u00f6r\u00fcld\u00fc\u011f\u00fcn\u00fc ifade ederken, dinlemeyle ilgili yasa ve kurallar\u0131n belli oldu\u011funu dile getirerek, &#8220;Dinlemeyle ilgili uygulamada aksayan birtak\u0131m konular varsa bunlar\u0131n tedbirini alaca\u011f\u0131z&#8221; dedi.<\/p>\n<p style=\"text-align: justify;\"><strong><em>&#8220;Toplumun endi\u015fesi normal refleks&#8221; <\/em><\/strong><\/p>\n<p style=\"text-align: justify;\">&#8220;Toplumun &#8216;ben de mi dinleniyorum&#8217; endi\u015fesi normal bir refleks, hakl\u0131 bir endi\u015fe&#8221; diyen Ergin, bu konuda olguyla alg\u0131n\u0131n farkl\u0131 oldu\u011funu, Adalet Bakanl\u0131\u011f\u0131 b\u00fcnyesinde 11 bin civar\u0131nda yarg\u0131\u00e7 ve savc\u0131 bulundu\u011funa i\u015faret etti ve yarg\u0131\u00e7 ile savc\u0131lar\u0131n tamam\u0131n\u0131n dinlendi\u011fine y\u00f6nelik alg\u0131 olu\u015fturulmas\u0131n\u0131n yanl\u0131\u015f oldu\u011funu vurgulad\u0131.<\/p>\n<p style=\"text-align: justify;\">Bakanl\u0131\u011fa yarg\u0131\u00e7 ve savc\u0131larla ilgili y\u0131lda 5 bin civar\u0131nda \u015fikayet geldi\u011fini belirten Ergin, kendi iktidarlar\u0131 d\u00f6neminde usul\u00fcne uymayan ve somut verilere dayanmayan \u015fikayetleri ba\u015ftan dikkate almad\u0131klar\u0131n\u0131 s\u00f6yledi.<\/p>\n<p style=\"text-align: justify;\">\u015eikayetlerin y\u00fczde 46&#8217;s\u0131n\u0131 &#8220;yarg\u0131\u00e7 ve savc\u0131y\u0131 taciz etmemek ad\u0131na&#8221; daha ba\u015flang\u0131\u00e7ta elediklerini ifade eden Ergin, &#8220;\u015eikayetlerin tamam\u0131n\u0131 dikkate alsak 2 senede soru\u015fturulmayan hakim savc\u0131 kalmaz&#8221; diye konu\u015ftu.<\/p>\n<p style=\"text-align: justify;\">Ergin, yarg\u0131\u00e7 ve savc\u0131lar\u0131 denetleyen m\u00fcfetti\u015flerin Adalet Bakanl\u0131\u011f\u0131&#8217;na ba\u011fl\u0131 olmas\u0131n\u0131n yarg\u0131 ba\u011f\u0131ms\u0131zl\u0131\u011f\u0131n\u0131 etkiledi\u011fine y\u00f6nelik ele\u015ftiriler konusundaysa, &#8220;Kim vas\u0131tas\u0131yla yaparsan\u0131z yap\u0131n, inceleyen, soru\u015fturan ve denetleyen birimin ad\u0131 ne olursa olsun, denetlenen kesimde tedirginlik olu\u015fturmas\u0131 kadar ola\u011fan bir\u015fey yoktur&#8221; dedi.<\/p>\n<p style=\"text-align: justify;\">Bu ele\u015ftirinin uzun zamand\u0131r yap\u0131ld\u0131\u011f\u0131n\u0131 belirten Ergin, bu tart\u0131\u015fmalardan \u00f6nce tefti\u015f kurulunun Hakimler ve Savc\u0131lar Y\u00fcksek Kurulu&#8217;na ba\u011flanmas\u0131n\u0131, Adalet Bakanl\u0131\u011f\u0131&#8217;n\u0131n disiplin ve denetim yetkisinin nesnel ve geni\u015f tabanl\u0131 yarg\u0131\u00e7lar ve savc\u0131lar kuruluna devredilmesini \u00f6nerdiklerini bildirdi.<\/p>\n<p style=\"text-align: justify;\"><strong><em>Ka\u00e7maz ve Emina\u011fao\u011flu&#8217;nun durumu <\/em><\/strong><\/p>\n<p style=\"text-align: justify;\">Eski Cumhuriyet Savc\u0131s\u0131 Ferhat Sar\u0131kaya&#8217;n\u0131n, haz\u0131rlad\u0131\u011f\u0131 bir iddianame nedeniyle meslekten ihra\u00e7 edildi\u011finin ve kendisinin de Sincan 1. A\u011f\u0131r Ceza Mahkemesi Ba\u015fkan\u0131 Osman Ka\u00e7maz ile Yarg\u0131tay Cumhuriyet Savc\u0131s\u0131 \u00d6mer Faruk Emina\u011fao\u011flu&#8217;nun ihrac\u0131n\u0131 istedi\u011finin hat\u0131rlat\u0131lmas\u0131 \u00fczerine Ergin, \u015f\u00f6yle konu\u015ftu:<\/p>\n<p style=\"text-align: justify;\">&#8220;Arada kesin bir benzerlik yok. Sar\u0131kaya, yarg\u0131 yetkisini kullanmas\u0131ndan dolay\u0131 muameleye tabi tutuldu. \u0130ddianame sonras\u0131nda bakanl\u0131k, HSYK&#8217;ya uyarma, en fazla k\u0131nama cezas\u0131 verilebilecek bir teklif yapt\u0131. Ama kuruldan \u00e7\u0131kan karar ihra\u00e7. AB ilerleme raporlar\u0131n\u0131n tamam\u0131nda bu hadiseye at\u0131flar halen yap\u0131l\u0131yor. Oysa Sincan A\u011f\u0131r Ceza Mahkemesi Ba\u015fkan\u0131&#8217;n\u0131n yarg\u0131 yetkisini kullanmas\u0131ndan dolay\u0131 kendisine y\u00f6neltilmi\u015f bir soru yoktur. Ka\u00e7maz ile ilgili inceleme 2008&#8217;de ba\u015flad\u0131. 4 tane konu atfedildi kendisine ili\u015fkin. Hi\u00e7biri yarg\u0131 g\u00f6revini icra etmesinden dolay\u0131 de\u011fil.<\/p>\n<p style=\"text-align: justify;\">Bizim bakanl\u0131k olarak ihra\u00e7la ilgili bir talebimiz s\u00f6z konusu de\u011fil. Bu eylemlerin kar\u015f\u0131s\u0131nda yer de\u011fi\u015ftirme cezas\u0131 teklifi var. Kurul bunlardan birini kabul edip, di\u011ferlerini kabul etmezse s\u00fcre\u00e7 ihra\u00e7la bitmez. Bizim mucibimizde ihra\u00e7 diye bir\u015fey yok. Birden fazla eylem var. Bu eylemlerle ilgili tekliflerin hepsi kabul edilirse, birden fazla verilen cezalar\u0131n sonucu ihraca gider.<\/p>\n<p style=\"text-align: justify;\">Yarg\u0131tay savc\u0131m\u0131zla ilgili yap\u0131lan soru\u015fturmalar da ayn\u0131 \u015fekilde, yarg\u0131 g\u00f6revine ili\u015fkin de\u011fil. Yarg\u0131sal faaliyetleri d\u0131\u015f\u0131ndaki i\u015flem ve eylemleriyle ilgili. \u0130hra\u00e7, sevimli bir i\u015flem de\u011fil.&#8221;<\/p>\n<p style=\"text-align: justify;\">\u0130zleyicilerden gelen sorular\u0131 da yan\u0131tlayan Ergin, yarg\u0131\u00e7 ve savc\u0131lara ili\u015fkin g\u00fcz kararnamesinin Kurban Bayram\u0131&#8217;ndan sonra sonu\u00e7lanabilece\u011fini bildirdi.<\/p>\n<p style=\"text-align: justify;\"><span style=\"color: #888888;\">CNN T\u00dcRK<\/span><\/p>\n","protected":false},"excerpt":{"rendered":"<p style=\"text-align: center;\">\n<p style=\"text-align: justify;\">Adalet Bakan\u0131 Sadullah Ergin, Hakimler ve Savc\u0131lar Y\u00fcksek Kurulu&#8217;ndan (HSYK) Sincan 1. A\u011f\u0131r Ceza Mahkemesi Ba\u015fkan\u0131 Osman Ka\u00e7maz ve Yarg\u0131tay Cumhuriyet Savc\u0131s\u0131 \u00d6mer Faruk Emina\u011fao\u011flu&#8217;nun ihrac\u0131n\u0131 istemedi\u011fini s\u00f6yledi.<\/p>\n<p style=\"text-align: justify;\">Ergin, &#8220;Bizim mucibimizde ihra\u00e7 diye bir\u015fey yok. \u0130hra\u00e7, sevimli bir i\u015flem de\u011fil&#8221; dedi.<\/p>\n<p style=\"text-align: justify;\">Sadullah Ergin, TRT-1&#8217;de yay\u0131nlanan &#8220;Herkes <\/p>\n","protected":false},"author":1,"featured_media":0,"comment_status":"open","ping_status":"closed","sticky":false,"template":"","format":"standard","meta":{"footnotes":""},"categories":[105],"tags":[],"class_list":["post-16681","post","type-post","status-publish","format-standard","hentry","category-gundem","odd"],"_links":{"self":[{"href":"http:\/\/www.korhanyilmaz.com\/index.php?rest_route=\/wp\/v2\/posts\/16681","targetHints":{"allow":["GET"]}}],"collection":[{"href":"http:\/\/www.korhanyilmaz.com\/index.php?rest_route=\/wp\/v2\/posts"}],"about":[{"href":"http:\/\/www.korhanyilmaz.com\/index.php?rest_route=\/wp\/v2\/types\/post"}],"author":[{"embeddable":true,"href":"http:\/\/www.korhanyilmaz.com\/index.php?rest_route=\/wp\/v2\/users\/1"}],"replies":[{"embeddable":true,"href":"http:\/\/www.korhanyilmaz.com\/index.php?rest_route=%2Fwp%2Fv2%2Fcomments&post=16681"}],"version-history":[{"count":0,"href":"http:\/\/www.korhanyilmaz.com\/index.php?rest_route=\/wp\/v2\/posts\/16681\/revisions"}],"wp:attachment":[{"href":"http:\/\/www.korhanyilmaz.com\/index.php?rest_route=%2Fwp%2Fv2%2Fmedia&parent=16681"}],"wp:term":[{"taxonomy":"category","embeddable":true,"href":"http:\/\/www.korhanyilmaz.com\/index.php?rest_route=%2Fwp%2Fv2%2Fcategories&post=16681"},{"taxonomy":"post_tag","embeddable":true,"href":"http:\/\/www.korhanyilmaz.com\/index.php?rest_route=%2Fwp%2Fv2%2Ftags&post=16681"}],"curies":[{"name":"wp","href":"https:\/\/api.w.org\/{rel}","templated":true}]}}