{"id":16677,"date":"2009-11-19T02:21:58","date_gmt":"2009-11-19T00:21:58","guid":{"rendered":"http:\/\/www.korhanyilmaz.com\/?p=16677"},"modified":"2009-11-19T02:21:58","modified_gmt":"2009-11-19T00:21:58","slug":"baykal-dinlemenin-basinda-basbakan-var","status":"publish","type":"post","link":"http:\/\/www.korhanyilmaz.com\/?p=16677","title":{"rendered":"Baykal: Dinlemenin ba\u015f\u0131nda Ba\u015fbakan var"},"content":{"rendered":"<p style=\"text-align: center;\"><a href=\"http:\/\/www.korhanyilmaz.com\/wp-content\/uploads\/2009\/11\/dinleme1.jpg\"  class=\"lightview\"><img loading=\"lazy\" decoding=\"async\" class=\"aligncenter size-full wp-image-16685\" src=\"http:\/\/www.korhanyilmaz.com\/wp-content\/uploads\/2009\/11\/dinleme1.jpg\" alt=\"\" width=\"481\" height=\"149\" \/><\/a><\/p>\n<p style=\"text-align: justify;\">CHP lideri, \u2018ikinci susurluk\u2019 benzetmesi yapt\u0131\u011f\u0131 dinleme iddialar\u0131yla ilgili direkt olarak Ba\u015fbakan Erdo\u011fan\u2019\u0131 su\u00e7lad\u0131.<\/p>\n<p style=\"text-align: justify;\">CHP Genel Ba\u015fkan\u0131 Deniz Baykal, telefon dinleme iddialar\u0131 i\u00e7in, &#8216;ikinci susurluk&#8217; benzetmesini yapt\u0131, iktidar\u0131 Abd\u00fclhamit d\u00f6nemindeki jurnalleme y\u00f6ntemini kullanmakla su\u00e7lad\u0131.<\/p>\n<p style=\"text-align: justify;\">CHP Merkez Y\u00fcr\u00fctme Kurulu&#8217;nun g\u00fcndemlerinden biri olan telefon dinlemeleriyle ilgili, edinilen bilgiye g\u00f6re Baykal, &#8220;Ba\u015fbakan, dinlemelerle bizzat ilgileniyor ve y\u00f6nlendiriyor&#8221; iddias\u0131nda bulundu. <!--more--><\/p>\n<p style=\"text-align: justify;\">Telefon dinlemesi i\u00e7in, do\u011frudan Ba\u015fbakanl\u0131\u011fa ba\u011fl\u0131 gizli bir organizasyon kuruldu\u011funu savunan Baykal, &#8220;Devlet olanaklar\u0131n\u0131n da, bu gizli organizasyon taraf\u0131ndan kullan\u0131ld\u0131\u011f\u0131n\u0131&#8221; ileri s\u00fcrd\u00fc.<\/p>\n<p style=\"text-align: justify;\">Toplant\u0131da, telefon dinlemenin, bireysel hak ve \u00f6zg\u00fcrl\u00fck ihlali oldu\u011fu belirtilerek, telefonu dinlendi\u011fi iddia edilen milletvekillerinin konuyu yarg\u0131ya ta\u015f\u0131mas\u0131 g\u00fcndeme geldi. Bu konuda bir inceleme yap\u0131lmas\u0131 kararla\u015ft\u0131r\u0131ld\u0131.<\/p>\n<p style=\"text-align: justify;\">\u00d6te ynadan yarg\u0131daki dinelemelerle ilgili Ba\u015fbakan Erdo\u011fan&#8217;dan da \u0130talya&#8217;da bir a\u00e7\u0131klama geldi. Erdo\u011fan, &#8220;Kimse, bunlar\u0131n alt\u0131nda siyasi bir gerek\u00e7e aramas\u0131n&#8221; \u015feklinde konu\u015ftu.<\/p>\n<p style=\"text-align: justify;\"><span style=\"color: #888888;\">NTVMSNBC<\/span><\/p>\n","protected":false},"excerpt":{"rendered":"<p style=\"text-align: center;\">\n<p style=\"text-align: justify;\">CHP lideri, \u2018ikinci susurluk\u2019 benzetmesi yapt\u0131\u011f\u0131 dinleme iddialar\u0131yla ilgili direkt olarak Ba\u015fbakan Erdo\u011fan\u2019\u0131 su\u00e7lad\u0131.<\/p>\n<p style=\"text-align: justify;\">CHP Genel Ba\u015fkan\u0131 Deniz Baykal, telefon dinleme iddialar\u0131 i\u00e7in, &#8216;ikinci susurluk&#8217; benzetmesini yapt\u0131, iktidar\u0131 Abd\u00fclhamit d\u00f6nemindeki jurnalleme y\u00f6ntemini kullanmakla su\u00e7lad\u0131.<\/p>\n<p style=\"text-align: justify;\">CHP Merkez Y\u00fcr\u00fctme Kurulu&#8217;nun g\u00fcndemlerinden biri olan telefon dinlemeleriyle ilgili, edinilen bilgiye <\/p>\n","protected":false},"author":1,"featured_media":0,"comment_status":"open","ping_status":"closed","sticky":false,"template":"","format":"standard","meta":{"footnotes":""},"categories":[105],"tags":[],"class_list":["post-16677","post","type-post","status-publish","format-standard","hentry","category-gundem","odd"],"_links":{"self":[{"href":"http:\/\/www.korhanyilmaz.com\/index.php?rest_route=\/wp\/v2\/posts\/16677","targetHints":{"allow":["GET"]}}],"collection":[{"href":"http:\/\/www.korhanyilmaz.com\/index.php?rest_route=\/wp\/v2\/posts"}],"about":[{"href":"http:\/\/www.korhanyilmaz.com\/index.php?rest_route=\/wp\/v2\/types\/post"}],"author":[{"embeddable":true,"href":"http:\/\/www.korhanyilmaz.com\/index.php?rest_route=\/wp\/v2\/users\/1"}],"replies":[{"embeddable":true,"href":"http:\/\/www.korhanyilmaz.com\/index.php?rest_route=%2Fwp%2Fv2%2Fcomments&post=16677"}],"version-history":[{"count":0,"href":"http:\/\/www.korhanyilmaz.com\/index.php?rest_route=\/wp\/v2\/posts\/16677\/revisions"}],"wp:attachment":[{"href":"http:\/\/www.korhanyilmaz.com\/index.php?rest_route=%2Fwp%2Fv2%2Fmedia&parent=16677"}],"wp:term":[{"taxonomy":"category","embeddable":true,"href":"http:\/\/www.korhanyilmaz.com\/index.php?rest_route=%2Fwp%2Fv2%2Fcategories&post=16677"},{"taxonomy":"post_tag","embeddable":true,"href":"http:\/\/www.korhanyilmaz.com\/index.php?rest_route=%2Fwp%2Fv2%2Ftags&post=16677"}],"curies":[{"name":"wp","href":"https:\/\/api.w.org\/{rel}","templated":true}]}}