{"id":16672,"date":"2009-11-18T12:30:07","date_gmt":"2009-11-18T10:30:07","guid":{"rendered":"http:\/\/www.korhanyilmaz.com\/?p=16672"},"modified":"2009-11-18T12:30:07","modified_gmt":"2009-11-18T10:30:07","slug":"basbakan-erdogana-agir-suclama","status":"publish","type":"post","link":"http:\/\/www.korhanyilmaz.com\/?p=16672","title":{"rendered":"Ba\u015fbakan Erdo\u011fan&#039;a a\u011f\u0131r su\u00e7lama!"},"content":{"rendered":"<p style=\"text-align: center;\"><img loading=\"lazy\" decoding=\"async\" class=\"aligncenter size-full wp-image-16673\" src=\"http:\/\/www.korhanyilmaz.com\/wp-content\/uploads\/2009\/11\/SENER.jpg\" alt=\"\" width=\"329\" height=\"210\" \/><\/p>\n<p style=\"text-align: justify;\">Eski AKP&#8217;li T\u00fcrkiye Partisi Genel Ba\u015fkan\u0131 Abd\u00fcllatif \u015eener Erdo\u011fan&#8217;a &#8216;Dinlemeleri o yapt\u0131r\u0131yor&#8217; su\u00e7lamas\u0131 yapt\u0131.<\/p>\n<p style=\"text-align: justify;\">Habert\u00fcrk&#8217;te TEKE TEK program\u0131nda Gazete Habert\u00fcrk Genel Yay\u0131n Y\u00f6netmeni Fatih Altayl\u0131&#8217;n\u0131n konu\u011fu olan T\u00fcrkiye Partisi Genel Ba\u015fkan\u0131 Abd\u00fcllatif \u015eener, h\u00fck\u00fcmetle ilgili \u00e7arp\u0131c\u0131 s\u00f6zlere imza att\u0131.<\/p>\n<p style=\"text-align: justify;\">AK Parti Eski Devlet Bakan\u0131 ve Ba\u015fbakan Yard\u0131mc\u0131s\u0131 \u015eener, &#8220;Ba\u015fbakan \u00e7ok de\u011fi\u015fti. Hem siyasette, hem Ba\u015fbakan&#8217;\u0131n kimli\u011finde de\u011fi\u015fen \u015feyler var. Demokrasi yerlerde s\u00fcr\u00fcn\u00fcyor. Ba\u015fbakan, demokrasi kavram\u0131n\u0131 i\u00e7selle\u015ftirememi\u015f&#8221; dedi. <!--more--><\/p>\n<p style=\"text-align: justify;\">\u0130ktidar\u0131n korkun\u00e7 \u015fekilde oy kaybetti\u011fini ve Ba\u015fbakan&#8217;\u0131n yerle\u015ftik\u00e7e anti demokratikle\u015fti\u011fini ifade eden \u015eener, &#8220;Say\u0131n Ba\u015fbakan&#8217;\u0131n do\u011fru bir tek s\u00f6ze tahamm\u00fcl\u00fc yok. T\u00fcrkiye&#8217;nin i\u00e7inde bulundu\u011fu tablonun \u00f6zeti budur&#8221; diye konu\u015ftu. \u015eener, milletvekilli\u011fi d\u00f6neminde Ba\u015fbakan Erdo\u011fan&#8217;\u0131n Anavatan Partisi muhalefetini susturmak i\u00e7in hazine yard\u0131m\u0131na oy oran\u0131 \u015fart\u0131 getirdi\u011fini belirterek, &#8220;Demokratik hi\u00e7bir \u00fclkede parti, Meclis \u00e7o\u011funlu\u011funa dayanarak muhalefeti susturamaz&#8221; \u015feklinde konu\u015ftu.<\/p>\n<p style=\"text-align: justify;\"><strong><em>BA\u015eBAKAN BEN\u0130 D\u0130NLET\u0130YOR <\/em><\/strong><\/p>\n<p style=\"text-align: justify;\">Yeni partisiyle demokratik bir olu\u015fum i\u00e7inde olduklar\u0131n\u0131 belirten Abd\u00fcllatif \u015eener, son g\u00fcnlerin ba\u015fta gelen g\u00fcndem maddelerinden biri olan telefon dinleme konusuyla ilgili ise &#8220;Ba\u015fbakan beni de dinletiyor&#8221; dedi. 2005&#8217;te kurulan Telekom\u00fcnikasyon \u0130leti\u015fim Ba\u015fkanl\u0131\u011f\u0131&#8217;n\u0131n, dinleme yetkisi olan kurumlar\u0131 da dinleme yetkisi ald\u0131\u011f\u0131n\u0131 belirten \u015eener, &#8220;T\u0130P Ba\u015fbakan&#8217;\u0131n \u00f6zel kurumu gibi. Y\u00f6netiminden teknik personeline, oda hizmet\u00e7ilerine kadar Ula\u015ft\u0131rma Bakan\u0131 ile tek tek atam\u0131\u015ft\u0131r. D\u00fcnyan\u0131n hi\u00e7bir yerinde b\u00f6yle bir mekanizma olmaz. Say\u0131n Ba\u015fbakan diyor ki; ?Ben de dinlendim, ben Ba\u015fbakan&#8217;\u0131n beni dinletti\u011fine inan\u0131yorum. B\u00f6yle bir yap\u0131da samimi kanaatim budur&#8221; \u015feklinde konu\u015ftu.<\/p>\n<p style=\"text-align: justify;\"><strong><em>A\u00c7ILIM AYRI\u015eTIRDI <\/em><\/strong><\/p>\n<p style=\"text-align: justify;\">Fatih Altayl\u0131&#8217;n\u0131n demokratik a\u00e7\u0131l\u0131m hakk\u0131ndaki d\u00fc\u015f\u00fcncelerini sordu\u011fu \u015eener, a\u00e7\u0131l\u0131m\u0131n T\u00fcrkiye&#8217;yi ayr\u0131\u015ft\u0131rd\u0131\u011f\u0131n\u0131 savundu. \u015eener, &#8220;A\u00e7\u0131l\u0131m s\u00fcreci bile T\u00fcrkiye&#8217;de ayr\u0131\u015ft\u0131r\u0131lm\u0131\u015ft\u0131r&#8221; dedi. Bakan oldu\u011fu d\u00f6nemde Diyarbak\u0131r&#8217;da K\u00fcrt\u00e7e ?Sizi Seviyorum&#8217; dedi\u011fini belirten \u015eener, bu konuda ad\u0131m atan ilk siyaset\u00e7ilerden biri oldu\u011funu s\u00f6yledi.<\/p>\n<p style=\"text-align: justify;\">\u0130\u015fte Ba\u015fbakan Erdo\u011fan&#8217;\u0131 a\u00e7\u0131k zan alt\u0131nda b\u0131rakan o diyalog;<\/p>\n<p style=\"text-align: justify;\">Fatih Altayl\u0131: Benim bu ara moralim bozuk.. Bir \u015feyler oluyor. T\u00fcrkiye&#8217;ye s\u00f6vmek serbest oldu.. Telekulak olaylar\u0131, herkes dinleniyor, Herkes birbirini dinliyor..<\/p>\n<p style=\"text-align: justify;\"><strong><em>Abd\u00fcllatif \u015eener: <\/em><\/strong><\/p>\n<p style=\"text-align: justify;\">Ba\u015fbakan Erdo\u011fan&#8217;\u0131n kendisi bile \u00e7\u0131k\u0131p \u00e7ok normalmi\u015f gibi &#8220;Ben de dinleniyorum&#8221; diyor. \u00c7\u00fcnk\u00fc Ba\u015fbakan herkesi dinliyor\u2026<\/p>\n<p style=\"text-align: justify;\">Fatih Altayl\u0131: T\u00fcrkiye&#8217;de herkes dinlendi\u011fini d\u00fc\u015f\u00fcn\u00fcyor. Amerika&#8217;da dinleme skandal\u0131 olarak bilinen Watergate sonras\u0131 Ba\u015fkan istifa etti. Bizde sanki her\u015fey normal gibi gidiyor.<\/p>\n<p style=\"text-align: justify;\">A. \u015eener: Ba\u015fbakan herkesi dinlettiriyor ben buna inan\u0131yorum.. Ama ba\u015fbakan unutmas\u0131n ki yar\u0131n o dinlettirdi\u011fi ki\u015filer de kendi aleyhine bir dinlemeyi aleyhine kullanabilir \u015eener&#8217;in g\u00fcndeme dair di\u011fer de\u011ferlendirmeleri; Bize soruyorlar ne partisisiniz? Sa\u011f da demiyoruz Sol da demiyoruz. Biz halk\u0131n partisiyiz. Sol a\u011f\u0131rl\u0131kta biri oldu\u011funuzu biliyoruz. Toplumcu bir partiyiz.. Muhafazakar de\u011ferlerin bu kadar dejenere oldu\u011fu bir d\u00f6nemi Cumhuriyet tarihi ba\u015fka bir d\u00f6nemde ya\u015famam\u0131\u015ft\u0131r. Uyu\u015fturcu, fuhu\u015f, sat\u0131l\u0131k b\u00f6brek diye ortaya \u00e7\u0131kan k\u00f6yler var.. Hangi muhafazakarl\u0131k..<\/p>\n<p style=\"text-align: justify;\">Bu \u00fclkede dindar insan\u0131n da farkl\u0131 me\u015frepten insan\u0131n da bir arada siyaset yapaca\u011f\u0131 bir yap\u0131lanma olu\u015fturduk. Siyaset g\u00fcn\u00fcm\u00fczde rant n\u00fcfusunu kullanma arac\u0131 olmu\u015f bu de\u011fi\u015fmesi laz\u0131m.. \u015eeffafl\u0131k yok.. \u0130haleleri incelerseniz bu d\u00f6nemde kimlerin ald\u0131\u011f\u0131n\u0131 g\u00f6r\u00fcrs\u00fcn\u00fcz..<\/p>\n<p style=\"text-align: justify;\">A\u00e7\u0131l\u0131m ayr\u0131\u015ft\u0131rmay\u0131 derinle\u015ftirmi\u015ftir. AKP sahiplenmedi\u011fi halde inan\u00e7 ve de\u011ferler \u00fczerinden kavga yap\u0131yor.. Bu so\u011fuk sava\u015f d\u00f6nem usul\u00fcd\u00fcr..<\/p>\n<p style=\"text-align: justify;\">Dokunulmazl\u0131klar\u0131n arkas\u0131nda bir parti de\u011filiz. Kimin hakk\u0131 varsa gelsin sorsun biz de sorucaz..<\/p>\n<p style=\"text-align: justify;\"><span style=\"color: #888888;\">CNN T\u00dcRK<\/span><\/p>\n","protected":false},"excerpt":{"rendered":"<p style=\"text-align: center;\">\n<p style=\"text-align: justify;\">Eski AKP&#8217;li T\u00fcrkiye Partisi Genel Ba\u015fkan\u0131 Abd\u00fcllatif \u015eener Erdo\u011fan&#8217;a &#8216;Dinlemeleri o yapt\u0131r\u0131yor&#8217; su\u00e7lamas\u0131 yapt\u0131.<\/p>\n<p style=\"text-align: justify;\">Habert\u00fcrk&#8217;te TEKE TEK program\u0131nda Gazete Habert\u00fcrk Genel Yay\u0131n Y\u00f6netmeni Fatih Altayl\u0131&#8217;n\u0131n konu\u011fu olan T\u00fcrkiye Partisi Genel Ba\u015fkan\u0131 Abd\u00fcllatif \u015eener, h\u00fck\u00fcmetle ilgili \u00e7arp\u0131c\u0131 s\u00f6zlere imza att\u0131.<\/p>\n<p style=\"text-align: justify;\">AK Parti Eski Devlet Bakan\u0131 ve Ba\u015fbakan <\/p>\n","protected":false},"author":1,"featured_media":0,"comment_status":"open","ping_status":"closed","sticky":false,"template":"","format":"standard","meta":{"footnotes":""},"categories":[105],"tags":[],"class_list":["post-16672","post","type-post","status-publish","format-standard","hentry","category-gundem","odd"],"_links":{"self":[{"href":"http:\/\/www.korhanyilmaz.com\/index.php?rest_route=\/wp\/v2\/posts\/16672","targetHints":{"allow":["GET"]}}],"collection":[{"href":"http:\/\/www.korhanyilmaz.com\/index.php?rest_route=\/wp\/v2\/posts"}],"about":[{"href":"http:\/\/www.korhanyilmaz.com\/index.php?rest_route=\/wp\/v2\/types\/post"}],"author":[{"embeddable":true,"href":"http:\/\/www.korhanyilmaz.com\/index.php?rest_route=\/wp\/v2\/users\/1"}],"replies":[{"embeddable":true,"href":"http:\/\/www.korhanyilmaz.com\/index.php?rest_route=%2Fwp%2Fv2%2Fcomments&post=16672"}],"version-history":[{"count":0,"href":"http:\/\/www.korhanyilmaz.com\/index.php?rest_route=\/wp\/v2\/posts\/16672\/revisions"}],"wp:attachment":[{"href":"http:\/\/www.korhanyilmaz.com\/index.php?rest_route=%2Fwp%2Fv2%2Fmedia&parent=16672"}],"wp:term":[{"taxonomy":"category","embeddable":true,"href":"http:\/\/www.korhanyilmaz.com\/index.php?rest_route=%2Fwp%2Fv2%2Fcategories&post=16672"},{"taxonomy":"post_tag","embeddable":true,"href":"http:\/\/www.korhanyilmaz.com\/index.php?rest_route=%2Fwp%2Fv2%2Ftags&post=16672"}],"curies":[{"name":"wp","href":"https:\/\/api.w.org\/{rel}","templated":true}]}}