{"id":16669,"date":"2009-11-18T13:30:25","date_gmt":"2009-11-18T11:30:25","guid":{"rendered":"http:\/\/www.korhanyilmaz.com\/?p=16669"},"modified":"2009-11-18T13:30:25","modified_gmt":"2009-11-18T11:30:25","slug":"seks-karsiligi-pkkya-baskin-istihbarati","status":"publish","type":"post","link":"http:\/\/www.korhanyilmaz.com\/?p=16669","title":{"rendered":"Seks kar\u015f\u0131l\u0131\u011f\u0131 PKK&#039;ya bask\u0131n istihbarat\u0131"},"content":{"rendered":"<p style=\"text-align: center;\"><img loading=\"lazy\" decoding=\"async\" class=\"aligncenter size-full wp-image-16670\" src=\"http:\/\/www.korhanyilmaz.com\/wp-content\/uploads\/2009\/11\/PKK.jpg\" alt=\"\" width=\"329\" height=\"210\" \/><\/p>\n<p style=\"text-align: justify;\">PKK&#8217;l\u0131lara, k\u00f6y\u00fcn \u00e7oban\u0131n\u0131n, kad\u0131n ter\u00f6ristle ili\u015fki kar\u015f\u0131l\u0131\u011f\u0131 bilgi s\u0131zd\u0131rd\u0131\u011f\u0131 ortaya \u00e7\u0131kt\u0131.<\/p>\n<p style=\"text-align: justify;\">Bing\u00f6l&#8217;de ge\u00e7en y\u0131l iftar vakti sald\u0131r\u0131 d\u00fczenleyerek 4 askeri \u015fehit edip 4 askeri yaralayan PKK&#8217;l\u0131lara, k\u00f6y\u00fcn \u00e7oban\u0131n\u0131n, kad\u0131n ter\u00f6ristle ili\u015fki kar\u015f\u0131l\u0131\u011f\u0131 bilgi s\u0131zd\u0131rd\u0131\u011f\u0131 ortaya \u00e7\u0131kt\u0131. <!--more--><\/p>\n<p style=\"text-align: justify;\">Yedisu \u0130l\u00e7e Jandarma Karakolu&#8217;ndaki n\u00f6bet mevzilerine ge\u00e7en y\u0131l sald\u0131r\u0131 d\u00fczenleyerek Salim G\u00fcne\u015f, Serkan \u00d6zbak\u0131r, Ya\u015far Kaya, B\u00fclent Bayram adl\u0131 askerleri \u015fehit edip, karakol komutan\u0131 astsubay O\u011fuzhan Durmu\u015f, uzman \u00e7avu\u015flar Hakan Bay\u0131nd\u0131r, Ahmet Sara\u00e7 ve er Adem Erkoca&#8217;n\u0131n yaralanmas\u0131na, ayn\u0131 k\u00f6y\u00fcn \u00e7oban\u0131 C.\u00dc.&#8217;n\u00fcn neden oldu\u011fu ortaya \u00e7\u0131kt\u0131. Tutukalanan C.\u00dc. hakk\u0131nda 4 kez a\u011f\u0131rla\u015ft\u0131r\u0131lm\u0131\u015f m\u00fcebbet ve 85 y\u0131l hapis isteniyor.<\/p>\n<p style=\"text-align: justify;\"><strong><em>TER\u00d6R\u0130STLE C\u0130NSEL \u0130L\u0130\u015eK\u0130 KOMPLOSU <\/em><\/strong><\/p>\n<p style=\"text-align: justify;\">\u0130ddianameye g\u00f6re \u00e7oban C.\u00dc. hayvanlar\u0131n\u0131 genellikle Yedisu yaylas\u0131nda otlat\u0131yor, s\u0131k s\u0131k Yedisu \u0130l\u00e7e Jandarma Komutanl\u0131\u011f\u0131 binas\u0131 yan\u0131ndan gidip geliyordu. Sabah Gazetesinde yer alan habere g\u00f6re; C.\u00dc. bu s\u00fcre i\u00e7inde yaylada dola\u015fan 7 ki\u015filik PKK&#8217;l\u0131 grup ile s\u00fcrekli irtibat halindeydi. Hayvan otlatmak bahanesiyle ormanl\u0131k alanda s\u0131k s\u0131k bulu\u015farak onlara askerlerin operasyona \u00e7\u0131k\u0131p \u00e7\u0131kmad\u0131\u011f\u0131 konusunda bilgi veriyordu.<\/p>\n<p style=\"text-align: justify;\">\u0130ddialara g\u00f6re, \u00e7oban Derya kod adl\u0131 kad\u0131n ter\u00f6ristle, onun iste\u011fi \u00fczerine ili\u015fkiye girdi. Tam bu s\u0131rada di\u011fer ter\u00f6ristler yanlar\u0131na gelerek ikiliyi bast\u0131. PKK&#8217;l\u0131lar, &#8220;Ya bize kat\u0131l\u0131r bizimle hareket edersin, ya da \u00f6l\u00fcrs\u00fcn&#8221; diyerek, \u00e7obandan askerlerle ilgili t\u00fcm bilgileri istedi. Kad\u0131n PKK&#8217;l\u0131yla ili\u015fkiye girdi\u011fi i\u00e7in \u00f6ld\u00fcr\u00fclece\u011finden korkan \u00e7oban, askerlerin n\u00f6bet mevzilerini, i\u00e7lerinde ka\u00e7 asker oldu\u011funu, a\u011f\u0131r silahlar\u0131 olup olmad\u0131\u011f\u0131n\u0131 \u00f6\u011frenip PKK&#8217;l\u0131 gruba anlatt\u0131. Olay g\u00fcn\u00fc de hava karard\u0131ktan sonra hayvanlar\u0131n\u0131 toplama bahanesiyle ormanl\u0131k alana giden \u00e7oban, buradaki ter\u00f6ristleri, askerlerin kald\u0131\u011f\u0131 n\u00f6bet mevzisinin yak\u0131n\u0131na kadar getirdi. \u00c7oban C.\u00dc. buradan ba\u015fka bir k\u00f6ye ka\u00e7t\u0131, yak\u0131nlar\u0131 ise bask\u0131na u\u011frayan jandarma karakoluna, \u00e7oban i\u00e7in &#8216;kay\u0131p&#8217; ba\u015fvurusunda bulundu.<\/p>\n<p style=\"text-align: justify;\"><strong><em>MEVZ\u0130N\u0130N \u0130\u00c7\u0130NE KADAR G\u0130RM\u0130\u015eLER <\/em><\/strong><\/p>\n<p style=\"text-align: justify;\">Karakolla ilgili t\u00fcm detaylara sahip olan PKK&#8217;l\u0131lar, tam iftar vakti Yavuztepe ve Fatihtepe ad\u0131 verilen yak\u0131n emniyet mevzilerine 2 ayr\u0131 koldan roketatar, bomba ve silahlarla sald\u0131rd\u0131. Ard\u0131ndan a\u011fa\u00e7l\u0131k b\u00f6lgeden makinal\u0131 t\u00fcfekle ate\u015f a\u00e7t\u0131. \u0130ki mevzinin i\u00e7ine kadar giren PKK&#8217;l\u0131lar 4 askeri \u015fehit edip 4 askeri de yaralad\u0131. \u00c7at\u0131\u015fmada 2 PKK&#8217;l\u0131 ise \u00f6l\u00fc ele ge\u00e7irildi. Sald\u0131r\u0131 sonras\u0131 yap\u0131lan soru\u015fturmada kay\u0131p \u00e7oban bulunup sorguland\u0131. A\u00e7\u0131\u011fa \u00e7\u0131kan ger\u00e7ekle birlikte \u00e7oban C.\u00dc. yakalanarak tutukland\u0131.<\/p>\n<p style=\"text-align: justify;\">PKK&#8217;l\u0131lara bilgi s\u0131zd\u0131rd\u0131\u011f\u0131 tespit edilen \u00e7oban\u0131n yarg\u0131lanmas\u0131na \u00f6n\u00fcm\u00fczdeki g\u00fcnlerde ba\u015flanacak.<\/p>\n<p style=\"text-align: justify;\"><span style=\"color: #888888;\">VATAN<\/span><\/p>\n","protected":false},"excerpt":{"rendered":"<p style=\"text-align: center;\">\n<p style=\"text-align: justify;\">PKK&#8217;l\u0131lara, k\u00f6y\u00fcn \u00e7oban\u0131n\u0131n, kad\u0131n ter\u00f6ristle ili\u015fki kar\u015f\u0131l\u0131\u011f\u0131 bilgi s\u0131zd\u0131rd\u0131\u011f\u0131 ortaya \u00e7\u0131kt\u0131.<\/p>\n<p style=\"text-align: justify;\">Bing\u00f6l&#8217;de ge\u00e7en y\u0131l iftar vakti sald\u0131r\u0131 d\u00fczenleyerek 4 askeri \u015fehit edip 4 askeri yaralayan PKK&#8217;l\u0131lara, k\u00f6y\u00fcn \u00e7oban\u0131n\u0131n, kad\u0131n ter\u00f6ristle ili\u015fki kar\u015f\u0131l\u0131\u011f\u0131 bilgi s\u0131zd\u0131rd\u0131\u011f\u0131 ortaya \u00e7\u0131kt\u0131. <\/p>\n","protected":false},"author":1,"featured_media":0,"comment_status":"open","ping_status":"closed","sticky":false,"template":"","format":"standard","meta":{"footnotes":""},"categories":[105],"tags":[],"class_list":["post-16669","post","type-post","status-publish","format-standard","hentry","category-gundem","odd"],"_links":{"self":[{"href":"http:\/\/www.korhanyilmaz.com\/index.php?rest_route=\/wp\/v2\/posts\/16669","targetHints":{"allow":["GET"]}}],"collection":[{"href":"http:\/\/www.korhanyilmaz.com\/index.php?rest_route=\/wp\/v2\/posts"}],"about":[{"href":"http:\/\/www.korhanyilmaz.com\/index.php?rest_route=\/wp\/v2\/types\/post"}],"author":[{"embeddable":true,"href":"http:\/\/www.korhanyilmaz.com\/index.php?rest_route=\/wp\/v2\/users\/1"}],"replies":[{"embeddable":true,"href":"http:\/\/www.korhanyilmaz.com\/index.php?rest_route=%2Fwp%2Fv2%2Fcomments&post=16669"}],"version-history":[{"count":0,"href":"http:\/\/www.korhanyilmaz.com\/index.php?rest_route=\/wp\/v2\/posts\/16669\/revisions"}],"wp:attachment":[{"href":"http:\/\/www.korhanyilmaz.com\/index.php?rest_route=%2Fwp%2Fv2%2Fmedia&parent=16669"}],"wp:term":[{"taxonomy":"category","embeddable":true,"href":"http:\/\/www.korhanyilmaz.com\/index.php?rest_route=%2Fwp%2Fv2%2Fcategories&post=16669"},{"taxonomy":"post_tag","embeddable":true,"href":"http:\/\/www.korhanyilmaz.com\/index.php?rest_route=%2Fwp%2Fv2%2Ftags&post=16669"}],"curies":[{"name":"wp","href":"https:\/\/api.w.org\/{rel}","templated":true}]}}