{"id":16665,"date":"2009-11-18T16:05:17","date_gmt":"2009-11-18T14:05:17","guid":{"rendered":"http:\/\/www.korhanyilmaz.com\/?p=16665"},"modified":"2009-11-18T16:05:17","modified_gmt":"2009-11-18T14:05:17","slug":"erdogandan-bahceliye-tazminat-davasi","status":"publish","type":"post","link":"http:\/\/www.korhanyilmaz.com\/?p=16665","title":{"rendered":"Erdo\u011fan&#039;dan Bah\u00e7eli&#039;ye tazminat davas\u0131"},"content":{"rendered":"<p><img loading=\"lazy\" decoding=\"async\" class=\"aligncenter size-full wp-image-16666\" src=\"http:\/\/www.korhanyilmaz.com\/wp-content\/uploads\/2009\/11\/erdogan22.jpg\" alt=\"\" width=\"292\" height=\"207\" \/><\/p>\n<p style=\"text-align: justify;\">Ba\u015fbakan Recep Tayyip Erdo\u011fan, d\u00fcn partisinin grup toplant\u0131s\u0131ndaki konu\u015fmas\u0131nda kendisine y\u00f6nelik s\u00f6zleri nedeniyle MHP Genel Ba\u015fkan\u0131 Devlet Bah\u00e7eli aleyhine 50 bin TL&#8217;lik manevi tazminat davas\u0131 a\u00e7t\u0131.<\/p>\n<p style=\"text-align: justify;\">Dava, Erdo\u011fan&#8217;\u0131n avukatlar\u0131 Fatih \u015eahin ve Muammer Cemalo\u011flu taraf\u0131ndan a\u00e7\u0131ld\u0131. <!--more--><\/p>\n<p style=\"text-align: justify;\">Dava dilek\u00e7esinde, Bah\u00e7eli&#8217;nin, konu\u015fmas\u0131nda Ba\u015fbakan Erdo\u011fan&#8217;\u0131, &#8220;T\u00fcrkiye&#8217;yi b\u00f6lmeye \u00e7al\u0131\u015fmak, etnik b\u00f6l\u00fcc\u00fcl\u00fck konusunda sicil sahibi olmak, T\u00fcrkiye&#8217;yi ayr\u0131\u015ft\u0131rma ve b\u00f6lme projelerini \u0130mral\u0131, Kandil ve Barzani&#8217;nin deste\u011fiyle hayata ge\u00e7irmek i\u00e7in \u00e7al\u0131\u015fmak, \u0130mral\u0131 canisi ile rol payla\u015fmak, i\u015fbirli\u011fi i\u00e7inde olmak, kol kola girmek, ayn\u0131 \u00e7izgide olmak; kimliksiz ve ki\u015filiksiz siyasetin temsilcisi olmak, hayas\u0131zl\u0131k, ahlaks\u0131zl\u0131k, namussuzluk, edepsizlik; \u00e7\u00fcr\u00fcm\u00fc\u015f bir zihniyete sahip olarak, etrafa mide buland\u0131ran koku yaymak, ahlak bunal\u0131m\u0131na girmek, ahlaki ve vicdani b\u00fct\u00fcn \u00f6l\u00e7\u00fclerini kaybetmek, seviye ve seviyesizlik \u00f6l\u00e7\u00fcleriyle tarif edilemeyecek bir \u00e7ukura d\u00fc\u015fmek, utan\u00e7 verici bir ki\u015fi olmak, ter\u00f6ristleri kucaklamak, al\u00e7akl\u0131k, yalanc\u0131l\u0131k, riyakarl\u0131k, yalanlarla T\u00fcrk milletine hakaret etmek&#8221; gibi ifadelerle birden \u00e7ok kez ve itham etti\u011fi kaydedildi.<\/p>\n<p style=\"text-align: justify;\">Bah\u00e7eli&#8217;nin, beyanlar\u0131yla ele\u015ftiri ve ifade \u00f6zg\u00fcrl\u00fc\u011f\u00fc s\u0131n\u0131rlar\u0131n\u0131 a\u015ft\u0131\u011f\u0131 kaydedilen dilek\u00e7ede, bu beyanlar\u0131n, medyada geni\u015f yer buldu\u011fu ifade edildi. Bah\u00e7eli&#8217;nin s\u00f6zlerinin, d\u00fc\u015f\u00fcnce a\u00e7\u0131klamas\u0131yla ba\u011flant\u0131s\u0131 olamayaca\u011f\u0131 savunulan dilek\u00e7ede, &#8220;Bu denli a\u011f\u0131r hakaretlerin d\u00fc\u015f\u00fcnce a\u00e7\u0131klamas\u0131 olarak kabul\u00fc halinde, ki\u015filik de\u011ferlerinin hukuk ve anayasal g\u00fcvenceden yoksun kalaca\u011f\u0131 a\u00e7\u0131kt\u0131r&#8221; ifadesi kullan\u0131ld\u0131.<\/p>\n<p style=\"text-align: justify;\">Dava ile Bah\u00e7eli&#8217;den, 50 bin TL manevi tazminat talep edildi.<\/p>\n<p style=\"text-align: justify;\"><span style=\"color: #888888;\">CNN T\u00dcRK<\/span><\/p>\n","protected":false},"excerpt":{"rendered":"<\/p>\n<p style=\"text-align: justify;\">Ba\u015fbakan Recep Tayyip Erdo\u011fan, d\u00fcn partisinin grup toplant\u0131s\u0131ndaki konu\u015fmas\u0131nda kendisine y\u00f6nelik s\u00f6zleri nedeniyle MHP Genel Ba\u015fkan\u0131 Devlet Bah\u00e7eli aleyhine 50 bin TL&#8217;lik manevi tazminat davas\u0131 a\u00e7t\u0131.<\/p>\n<p style=\"text-align: justify;\">Dava, Erdo\u011fan&#8217;\u0131n avukatlar\u0131 Fatih \u015eahin ve Muammer Cemalo\u011flu taraf\u0131ndan a\u00e7\u0131ld\u0131. <\/p>\n","protected":false},"author":1,"featured_media":0,"comment_status":"open","ping_status":"closed","sticky":false,"template":"","format":"standard","meta":{"footnotes":""},"categories":[105],"tags":[],"class_list":["post-16665","post","type-post","status-publish","format-standard","hentry","category-gundem","odd"],"_links":{"self":[{"href":"http:\/\/www.korhanyilmaz.com\/index.php?rest_route=\/wp\/v2\/posts\/16665","targetHints":{"allow":["GET"]}}],"collection":[{"href":"http:\/\/www.korhanyilmaz.com\/index.php?rest_route=\/wp\/v2\/posts"}],"about":[{"href":"http:\/\/www.korhanyilmaz.com\/index.php?rest_route=\/wp\/v2\/types\/post"}],"author":[{"embeddable":true,"href":"http:\/\/www.korhanyilmaz.com\/index.php?rest_route=\/wp\/v2\/users\/1"}],"replies":[{"embeddable":true,"href":"http:\/\/www.korhanyilmaz.com\/index.php?rest_route=%2Fwp%2Fv2%2Fcomments&post=16665"}],"version-history":[{"count":0,"href":"http:\/\/www.korhanyilmaz.com\/index.php?rest_route=\/wp\/v2\/posts\/16665\/revisions"}],"wp:attachment":[{"href":"http:\/\/www.korhanyilmaz.com\/index.php?rest_route=%2Fwp%2Fv2%2Fmedia&parent=16665"}],"wp:term":[{"taxonomy":"category","embeddable":true,"href":"http:\/\/www.korhanyilmaz.com\/index.php?rest_route=%2Fwp%2Fv2%2Fcategories&post=16665"},{"taxonomy":"post_tag","embeddable":true,"href":"http:\/\/www.korhanyilmaz.com\/index.php?rest_route=%2Fwp%2Fv2%2Ftags&post=16665"}],"curies":[{"name":"wp","href":"https:\/\/api.w.org\/{rel}","templated":true}]}}