{"id":16662,"date":"2009-11-18T12:29:24","date_gmt":"2009-11-18T10:29:24","guid":{"rendered":"http:\/\/www.korhanyilmaz.com\/?p=16662"},"modified":"2009-11-18T12:29:24","modified_gmt":"2009-11-18T10:29:24","slug":"chpden-deniz-feneri-ile-ilgili-carpici-iddia","status":"publish","type":"post","link":"http:\/\/www.korhanyilmaz.com\/?p=16662","title":{"rendered":"CHP&#039;den Deniz Feneri ile ilgili \u00e7arp\u0131c\u0131 iddia"},"content":{"rendered":"<p><img loading=\"lazy\" decoding=\"async\" class=\"aligncenter size-full wp-image-16663\" src=\"http:\/\/www.korhanyilmaz.com\/wp-content\/uploads\/2009\/11\/DEN\u0130ZFENER\u0130.jpg\" alt=\"\" width=\"292\" height=\"224\" \/><\/p>\n<p style=\"text-align: justify;\">CHP Konya Milletvekili Atilla Kart, Deniz Feneri Derne\u011fi yap\u0131lanmas\u0131nda etkin olan kadrolar\u0131n, 1995-1996&#8217;l\u0131 y\u0131llardan itibaren \u0130stanbul B\u00fcy\u00fck\u015fehir Belediyesi kadrolar\u0131yla i\u015fbirli\u011fi i\u00e7inde oldu\u011funu, bu kadrolar\u0131n bug\u00fcn de iktidar taraf\u0131ndan korundu\u011funu ileri s\u00fcrd\u00fc.<\/p>\n<p style=\"text-align: justify;\">Kart, d\u00fczenledi\u011fi bas\u0131n toplant\u0131s\u0131nda, AK Parti iktidarlar\u0131 d\u00f6neminde, su\u00e7 ili\u015fkilerine kar\u0131\u015fan ve haklar\u0131nda soru\u015fturma a\u00e7\u0131lan ki\u015filerin, yayg\u0131n olarak kadrola\u015fma amac\u0131yla kamu y\u00f6netiminde g\u00f6revlendirildi\u011fini ve korundu\u011funu iddia etti. <!--more--><\/p>\n<p style=\"text-align: justify;\">Bu konudaki son \u00f6rne\u011fin, y\u00f6netimi TMSF&#8217;ye ge\u00e7en Olay Medya Grubunun Genel Yay\u0131n Y\u00f6netmenli\u011fi g\u00f6revine getirilen Necati Mesut \u00d6zen olay\u0131nda g\u00f6r\u00fcld\u00fc\u011f\u00fcn\u00fc belirten Kart, \u00d6zen&#8217;in, &#8220;Deniz Feneri Derne\u011fi soru\u015fturmas\u0131nda Zekeriya Karaman&#8217;\u0131n memuru, vekaletini \u00fcstlenen ki\u015fi oldu\u011funu ve kendisiyle yasa d\u0131\u015f\u0131 ili\u015fkileri sebebiyle kilit isim olarak sorguland\u0131\u011f\u0131n\u0131&#8221; ifade etti.<\/p>\n<p style=\"text-align: justify;\">\u00d6zen&#8217;in, &#8220;Karaman&#8217;\u0131n yasad\u0131\u015f\u0131 yollarla elde etti\u011fi para ili\u015fkilerini aklad\u0131\u011f\u0131n\u0131n iddia edildi\u011fini&#8221; anlatan Kart, \u015f\u00f6yle konu\u015ftu:<\/p>\n<p style=\"text-align: justify;\">&#8220;Bu ili\u015fkiler yeni de\u011fil&#8230; Ad\u0131 ge\u00e7enin bu t\u00fcr ili\u015fkileri, Kanal 7, Yurt Haber Ajans\u0131, \u0130stanbul B\u00fcy\u00fck\u015fehir Belediyesi i\u015ftiraklerinin ihale s\u00fcre\u00e7lerinde de ortaya \u00e7\u0131km\u0131\u015f ve soru\u015fturmalara konu olmu\u015ftur. Bu s\u00fcre\u00e7lerde, d\u00f6nemin \u0130stanbul B\u00fcy\u00fck\u015fehir Belediye Ba\u015fkan\u0131 Recep Tayyip Erdo\u011fan&#8217;\u0131n, \u0130ETT y\u00f6netimine, ihaleye a\u00e7\u0131lacak i\u015flerin belirlenen \u015firketlere b\u0131rak\u0131lmas\u0131 konusunda bask\u0131 yapt\u0131\u011f\u0131 ciddi iddialar aras\u0131ndad\u0131r. Bu konuyla ilgili 30&#8217;a yak\u0131n dokunulmazl\u0131k dosyas\u0131, halen Anayasa-Adalet Karma Komisyonunda bekletilmektedir.<\/p>\n<p style=\"text-align: justify;\">Kanal 7&#8217;ye usuls\u00fcz ihalelerle aktar\u0131lan paralarla ilgili olarak, Zekeriya Karaman&#8217;\u0131n 28 Mart 1997 tarihinde, \u0130stanbul 28. Noterli\u011findeki i\u015flemlerde, \u00d6zen ile yasad\u0131\u015f\u0131 ili\u015fkilere girdi\u011fi bilinmektedir. Hal b\u00f6yle iken, hakk\u0131nda ciddi ve s\u00fcrekli iddialar bulunan bir ki\u015finin TMSF&#8217;nin y\u00f6netimine intikal eden Olay Medya Yay\u0131n Grubunun ba\u015f\u0131na getirilmi\u015f olmas\u0131n\u0131n a\u00e7\u0131klamas\u0131 olabilir mi? Bu, Deniz Feneri \u00f6rg\u00fctlenmesinin H\u00fck\u00fcmet taraf\u0131nda organize \u015fekilde himaye edildi\u011fini, bir kez daha do\u011frulamaktad\u0131r.&#8221;<\/p>\n<p style=\"text-align: justify;\">Kart, ortaya \u00e7\u0131kan tablonun net oldu\u011funu savunarak, &#8220;Deniz Feneri Derne\u011fi yap\u0131lanmas\u0131nda etkin olan kadrolar, 1995-19976&#8217;l\u0131 y\u0131llardan itibaren \u0130stanbul B\u00fcy\u00fck\u015fehir Belediyesi kadrolar\u0131yla i\u015fbirli\u011fi i\u00e7indedir. Bu kadrolar bug\u00fcn de siyasi iktidar taraf\u0131ndan organize \u015fekilde korunmaktad\u0131r&#8221; iddias\u0131nda bulundu.<\/p>\n<p style=\"text-align: justify;\"><strong><em>&#8220;H\u00fck\u00fcmet m\u00fcdahale ediyor&#8221; <\/em><\/strong><\/p>\n<p style=\"text-align: justify;\">&#8220;H\u00fck\u00fcmetin, Deniz Feneri Derne\u011fi soru\u015fturmas\u0131na y\u00f6nelik olarak idari a\u015famaya m\u00fcdahale etti\u011fini ve bu suretle yarg\u0131lama s\u00fcrecini etkisiz hale getirmek istedi\u011fini&#8221; ileri s\u00fcren Kart, \u0130\u00e7i\u015fleri Bakanl\u0131\u011f\u0131 Dernekler Dairesi Ba\u015fkanl\u0131\u011f\u0131&#8217;n\u0131n konuyla ilgili 2 raporunun yasal gere\u011finin yap\u0131lmad\u0131\u011f\u0131n\u0131 s\u00f6yledi.<\/p>\n<p style=\"text-align: justify;\">Bu raporlarda, Deniz Feneri Derne\u011finin, &#8220;\u015feffafl\u0131k ilkesini ihlal etti\u011fi, ku\u015fku uyand\u0131ran faaliyetlerde bulundu\u011fu, beli limitleri a\u015fan ihaleleri yasal usullere uygun yapmad\u0131\u011f\u0131&#8221; tespitlerinin bulundu\u011funu anlatan Kart, ancak &#8220;kamu yarar\u0131&#8221; stat\u00fcs\u00fcndeki derne\u011fin, para ve yar\u0131m toplamaya deva etti\u011fini, Kurban Bayram\u0131 \u00f6ncesinde faaliyetlerinin h\u0131z kazand\u0131\u011f\u0131n\u0131 belirtti.<\/p>\n<p style=\"text-align: justify;\">&#8220;H\u00fck\u00fcmetin bu tabloyu gururla seyretti\u011fini&#8221; iddia eden Kart, &#8220;Yolsuzluklar\u0131n denetlenmesini engelleyen vatanda\u015flar\u0131n kutsal de\u011ferlerini ve hay\u0131r duygular\u0131n\u0131 istismar edenleri koruyan ve beyt\u00fclmale el uzatan bir h\u00fck\u00fcmet anlay\u0131\u015f\u0131yla kar\u015f\u0131 kar\u015f\u0131yay\u0131z&#8221; dedi.<\/p>\n<p style=\"text-align: justify;\"><span style=\"color: #888888;\">CNN T\u00dcRK<\/span><\/p>\n","protected":false},"excerpt":{"rendered":"<\/p>\n<p style=\"text-align: justify;\">CHP Konya Milletvekili Atilla Kart, Deniz Feneri Derne\u011fi yap\u0131lanmas\u0131nda etkin olan kadrolar\u0131n, 1995-1996&#8217;l\u0131 y\u0131llardan itibaren \u0130stanbul B\u00fcy\u00fck\u015fehir Belediyesi kadrolar\u0131yla i\u015fbirli\u011fi i\u00e7inde oldu\u011funu, bu kadrolar\u0131n bug\u00fcn de iktidar taraf\u0131ndan korundu\u011funu ileri s\u00fcrd\u00fc.<\/p>\n<p style=\"text-align: justify;\">Kart, d\u00fczenledi\u011fi bas\u0131n toplant\u0131s\u0131nda, AK Parti iktidarlar\u0131 d\u00f6neminde, su\u00e7 ili\u015fkilerine kar\u0131\u015fan ve haklar\u0131nda soru\u015fturma a\u00e7\u0131lan ki\u015filerin, yayg\u0131n olarak kadrola\u015fma <\/p>\n","protected":false},"author":1,"featured_media":0,"comment_status":"open","ping_status":"closed","sticky":false,"template":"","format":"standard","meta":{"footnotes":""},"categories":[105],"tags":[],"class_list":["post-16662","post","type-post","status-publish","format-standard","hentry","category-gundem","odd"],"_links":{"self":[{"href":"http:\/\/www.korhanyilmaz.com\/index.php?rest_route=\/wp\/v2\/posts\/16662","targetHints":{"allow":["GET"]}}],"collection":[{"href":"http:\/\/www.korhanyilmaz.com\/index.php?rest_route=\/wp\/v2\/posts"}],"about":[{"href":"http:\/\/www.korhanyilmaz.com\/index.php?rest_route=\/wp\/v2\/types\/post"}],"author":[{"embeddable":true,"href":"http:\/\/www.korhanyilmaz.com\/index.php?rest_route=\/wp\/v2\/users\/1"}],"replies":[{"embeddable":true,"href":"http:\/\/www.korhanyilmaz.com\/index.php?rest_route=%2Fwp%2Fv2%2Fcomments&post=16662"}],"version-history":[{"count":0,"href":"http:\/\/www.korhanyilmaz.com\/index.php?rest_route=\/wp\/v2\/posts\/16662\/revisions"}],"wp:attachment":[{"href":"http:\/\/www.korhanyilmaz.com\/index.php?rest_route=%2Fwp%2Fv2%2Fmedia&parent=16662"}],"wp:term":[{"taxonomy":"category","embeddable":true,"href":"http:\/\/www.korhanyilmaz.com\/index.php?rest_route=%2Fwp%2Fv2%2Fcategories&post=16662"},{"taxonomy":"post_tag","embeddable":true,"href":"http:\/\/www.korhanyilmaz.com\/index.php?rest_route=%2Fwp%2Fv2%2Ftags&post=16662"}],"curies":[{"name":"wp","href":"https:\/\/api.w.org\/{rel}","templated":true}]}}