{"id":16651,"date":"2009-11-18T11:10:35","date_gmt":"2009-11-18T09:10:35","guid":{"rendered":"http:\/\/www.korhanyilmaz.com\/?p=16651"},"modified":"2009-11-18T11:10:35","modified_gmt":"2009-11-18T09:10:35","slug":"3-ihbar-mektubu-bassavciliga-ulasmadi","status":"publish","type":"post","link":"http:\/\/www.korhanyilmaz.com\/?p=16651","title":{"rendered":"3. ihbar mektubu ba\u015fsavc\u0131l\u0131\u011fa ula\u015fmad\u0131"},"content":{"rendered":"<div id=\"attachment_16652\" style=\"width: 302px\" class=\"wp-caption aligncenter\"><img loading=\"lazy\" decoding=\"async\" aria-describedby=\"caption-attachment-16652\" class=\"size-full wp-image-16652\" src=\"http:\/\/www.korhanyilmaz.com\/wp-content\/uploads\/2009\/11\/zekeriyaoz.jpg\" alt=\"Ergenekon Savc\u0131lar\u0131ndan Zekeriya \u00d6z\" width=\"292\" height=\"201\" \/><p id=\"caption-attachment-16652\" class=\"wp-caption-text\">Ergenekon Savc\u0131lar\u0131ndan Zekeriya \u00d6z<\/p><\/div>\n<p style=\"text-align: justify;\">&#8220;Ergenekon&#8221; soru\u015fturmas\u0131n\u0131 y\u00fcr\u00fcten savc\u0131lara g\u00f6nderildi\u011fi iddia edilen &#8220;3. ihbar mektubu&#8221;nun, \u0130stanbul Cumhuriyet Ba\u015fsavc\u0131l\u0131\u011f\u0131&#8217;na ula\u015fmad\u0131\u011f\u0131 bildirildi.<\/p>\n<p style=\"text-align: justify;\">\u0130stanbul Cumhuriyet Ba\u015fsavc\u0131l\u0131\u011f\u0131 yetkililerince yap\u0131lan a\u00e7\u0131klamada, yaz\u0131l\u0131 ve g\u00f6rsel bas\u0131nda 4 g\u00fcnden bu yana &#8220;Ergenekon&#8221; soru\u015fturmas\u0131n\u0131 y\u00fcr\u00fcten cumhuriyet savc\u0131lar\u0131na bir muhbir taraf\u0131ndan kaleme al\u0131nd\u0131\u011f\u0131 belirtilen &#8220;3. ihbar mektubu&#8221;nun g\u00f6nderildi\u011fine ili\u015fkin haberler yer ald\u0131\u011f\u0131 hat\u0131rlat\u0131ld\u0131.<!--more--><\/p>\n<p style=\"text-align: justify;\">Yetkililer, b\u00f6yle bir belgenin gerek soru\u015fturmay\u0131 y\u00fcr\u00fcten savc\u0131lara gerekse \u0130stanbul Cumhuriyet Ba\u015fsavc\u0131l\u0131\u011f\u0131&#8217;n\u0131n herhangi bir birimine bug\u00fcne kadar ula\u015fmad\u0131\u011f\u0131n\u0131 bildirdi.<\/p>\n<p style=\"text-align: justify;\"><strong><em>Askerden sert a\u00e7\u0131klama <\/em><\/strong><\/p>\n<p style=\"text-align: justify;\">Genelkurmay Ba\u015fkanl\u0131\u011f\u0131&#8217;ndan da d\u00fcn konuyla ilgili sert bir a\u00e7\u0131klama yap\u0131ld\u0131:<\/p>\n<p style=\"text-align: justify;\">&#8220;Var oldu\u011fu iddia edilen yeni ihbar mektubunun; Genelkurmay Askeri Savc\u0131l\u0131\u011f\u0131 taraf\u0131ndan yap\u0131lan ve 24 Haziran 2009 tarihinde g\u00f6revsizlik karar\u0131 verilerek yetkili makamlara g\u00f6nderilen soru\u015fturma dosyas\u0131nda yer alan baz\u0131 maddi hususlardan da yararlanmak suretiyle haz\u0131rlayanlar\u0131n kendi hedefleri istikametinde d\u00fczenlendi\u011fi de\u011ferlendirilmektedir.<\/p>\n<p style=\"text-align: justify;\">Medyaya yans\u0131yan haberlerden \u00f6\u011frenildi\u011fi kadar, s\u00f6z konusu ihbar mektubu ekindeki CD&#8217;de yer alan hususlardan b\u00fcy\u00fck bir k\u0131sm\u0131n\u0131n 2008 ve daha \u00f6nceki y\u0131llarda medyaya yans\u0131yan haberlerle benzerlik g\u00f6sterdi\u011fi tespit edilmi\u015ftir.<\/p>\n<p style=\"text-align: justify;\">Kamuoyunun, gere\u011finden fazla, bu tip haberlerle me\u015fgul edilmesinden \u00fcz\u00fcnt\u00fc duyulmakla birlikte, d\u00fcn oldu\u011fu gibi bug\u00fcn de medyaya yans\u0131yan ve T\u00fcrk Silahl\u0131 Kuvvetlerini ilgilendiren b\u00fct\u00fcn haberler de\u011ferlendirilmekte ve gerekli g\u00f6r\u00fclen durumlarda gerekli i\u015flemler yap\u0131lmaktad\u0131r.&#8221;<\/p>\n<p style=\"text-align: justify;\"><em><strong>\u00dc\u00e7\u00fcnc\u00fc mektup iddias\u0131&#8230; <\/strong><\/em><\/p>\n<p style=\"text-align: justify;\">Mektubu yazd\u0131\u011f\u0131 iddia edilen ki\u015finin \u00f6ncekinden farkl\u0131 bir subay oldu\u011fu ve kendini Albay Dursun \u00c7i\u00e7ek soru\u015fturmas\u0131nda bilgi destek \u015fubesindeki incelemeyi yapan ekipten biri olarak tan\u0131tt\u0131\u011f\u0131 belirtilmi\u015fti.<\/p>\n<p style=\"text-align: justify;\"><span style=\"color: #888888;\">CNN T\u00dcRK<\/span><\/p>\n","protected":false},"excerpt":{"rendered":"<p id=\"caption-attachment-16652\" class=\"wp-caption-text\">Ergenekon Savc\u0131lar\u0131ndan Zekeriya \u00d6z<\/p>\n<p style=\"text-align: justify;\">&#8220;Ergenekon&#8221; soru\u015fturmas\u0131n\u0131 y\u00fcr\u00fcten savc\u0131lara g\u00f6nderildi\u011fi iddia edilen &#8220;3. ihbar mektubu&#8221;nun, \u0130stanbul Cumhuriyet Ba\u015fsavc\u0131l\u0131\u011f\u0131&#8217;na ula\u015fmad\u0131\u011f\u0131 bildirildi.<\/p>\n<p style=\"text-align: justify;\">\u0130stanbul Cumhuriyet Ba\u015fsavc\u0131l\u0131\u011f\u0131 yetkililerince yap\u0131lan a\u00e7\u0131klamada, yaz\u0131l\u0131 ve g\u00f6rsel bas\u0131nda 4 g\u00fcnden bu yana &#8220;Ergenekon&#8221; soru\u015fturmas\u0131n\u0131 y\u00fcr\u00fcten cumhuriyet savc\u0131lar\u0131na bir muhbir taraf\u0131ndan kaleme al\u0131nd\u0131\u011f\u0131 belirtilen &#8220;3. ihbar mektubu&#8221;nun g\u00f6nderildi\u011fine ili\u015fkin <\/p>\n","protected":false},"author":1,"featured_media":0,"comment_status":"open","ping_status":"closed","sticky":false,"template":"","format":"standard","meta":{"footnotes":""},"categories":[105],"tags":[],"class_list":["post-16651","post","type-post","status-publish","format-standard","hentry","category-gundem","odd"],"_links":{"self":[{"href":"http:\/\/www.korhanyilmaz.com\/index.php?rest_route=\/wp\/v2\/posts\/16651","targetHints":{"allow":["GET"]}}],"collection":[{"href":"http:\/\/www.korhanyilmaz.com\/index.php?rest_route=\/wp\/v2\/posts"}],"about":[{"href":"http:\/\/www.korhanyilmaz.com\/index.php?rest_route=\/wp\/v2\/types\/post"}],"author":[{"embeddable":true,"href":"http:\/\/www.korhanyilmaz.com\/index.php?rest_route=\/wp\/v2\/users\/1"}],"replies":[{"embeddable":true,"href":"http:\/\/www.korhanyilmaz.com\/index.php?rest_route=%2Fwp%2Fv2%2Fcomments&post=16651"}],"version-history":[{"count":0,"href":"http:\/\/www.korhanyilmaz.com\/index.php?rest_route=\/wp\/v2\/posts\/16651\/revisions"}],"wp:attachment":[{"href":"http:\/\/www.korhanyilmaz.com\/index.php?rest_route=%2Fwp%2Fv2%2Fmedia&parent=16651"}],"wp:term":[{"taxonomy":"category","embeddable":true,"href":"http:\/\/www.korhanyilmaz.com\/index.php?rest_route=%2Fwp%2Fv2%2Fcategories&post=16651"},{"taxonomy":"post_tag","embeddable":true,"href":"http:\/\/www.korhanyilmaz.com\/index.php?rest_route=%2Fwp%2Fv2%2Ftags&post=16651"}],"curies":[{"name":"wp","href":"https:\/\/api.w.org\/{rel}","templated":true}]}}