{"id":16643,"date":"2009-11-18T10:21:29","date_gmt":"2009-11-18T08:21:29","guid":{"rendered":"http:\/\/www.korhanyilmaz.com\/?p=16643"},"modified":"2009-11-18T10:21:29","modified_gmt":"2009-11-18T08:21:29","slug":"kimlikler-degisiyor","status":"publish","type":"post","link":"http:\/\/www.korhanyilmaz.com\/?p=16643","title":{"rendered":"Kimlikler de\u011fi\u015fiyor"},"content":{"rendered":"<p style=\"text-align: center;\"><img loading=\"lazy\" decoding=\"async\" class=\"aligncenter size-full wp-image-16644\" src=\"http:\/\/www.korhanyilmaz.com\/wp-content\/uploads\/2009\/11\/kimlik.jpg\" alt=\"\" width=\"329\" height=\"210\" \/><\/p>\n<p style=\"text-align: justify;\">Yeni pasaport ve kimlikler 2010&#8217;da haz\u0131r&#8230;<\/p>\n<p style=\"text-align: justify;\">\u0130\u00e7i\u015fleri Bakan\u0131 Be\u015fir Atalay, demokratik a\u00e7\u0131l\u0131m s\u00fcreci i\u00e7in olumlu iklimin olu\u015fmaya ba\u015flad\u0131\u011f\u0131n\u0131 belirterek, demokratik a\u00e7\u0131l\u0131m konusundaki pozisyonu nedeniyle muhalefetin \u00e7ok zor durumda kald\u0131\u011f\u0131n\u0131 s\u00f6yledi.<\/p>\n<p style=\"text-align: justify;\">\u0130\u00e7i\u015fleri Bakan\u0131 Atalay, &#8221;Birinci Global Karayolu G\u00fcvenli\u011fi Bakanlar Konferans\u0131&#8221;na kat\u0131lmak i\u00e7in geldi\u011fi Moskova&#8217;da gazetecilerin sorular\u0131n\u0131 yan\u0131tlad\u0131. &#8221;Demokratik a\u00e7\u0131l\u0131m&#8221; \u00e7al\u0131\u015fmalar\u0131 konusundaki bir soru \u00fczerine Atalay, &#8221;demokratik a\u00e7\u0131l\u0131m\u0131n&#8221; i\u00e7eri\u011finin asl\u0131nda ba\u015f\u0131ndan beri belli oldu\u011funu belirterek, bunun, &#8221;ter\u00f6r\u00fc sona erdirmek&#8221; ve &#8221;T\u00fcrkiye&#8217;deki demokratik standard\u0131 y\u00fckseltmek&#8221; gibi iki hedefi bulundu\u011funu kaydetti. <!--more--><\/p>\n<p style=\"text-align: justify;\">TBMM&#8217;deki oturumda bilinenlerin biraz daha ayr\u0131nt\u0131l\u0131 a\u00e7\u0131kland\u0131\u011f\u0131n\u0131 kaydeden Atalay, &#8221;Yani bu bir atmosfer meselesi, iklim meselesi. Demokratik a\u00e7\u0131l\u0131m\u0131n hedefi o iklimi, o atmosferi olu\u015fturmak. Yoksa o maddeler tek tek her \u015fey de\u011fil. Yeterli de de\u011fil, daha belki de devam edecek&#8221; dedi.<\/p>\n<p style=\"text-align: justify;\">Bakan Atalay, 2002&#8217;den itibaren demokratikle\u015fme konusunda \u00e7ok \u015fey yap\u0131ld\u0131\u011f\u0131n\u0131 ve bundan sonra da yap\u0131lmaya devam edilece\u011fini belirterek, &#8221;T\u00fcrkiye&#8217;de de bunu gayet iyi g\u00f6r\u00fcyorum. Muhalefet biraz zor durumda kald\u0131. Bu haftaki grup toplant\u0131lar\u0131n\u0131 izledim, \u00e7ok tuhaf konu\u015fmalar\u0131 var. Zor durumda muhalefet&#8221; ifadesini kulland\u0131.<\/p>\n<p style=\"text-align: justify;\">&#8221;\u0130klimin olu\u015fup olu\u015fmad\u0131\u011f\u0131 ve demokratik a\u00e7\u0131l\u0131m\u0131n ba\u015far\u0131ya ula\u015f\u0131p ula\u015fmayaca\u011f\u0131&#8221; sorusuna Atalay, &#8221;Bu iklim olu\u015fuyor. Demokratik a\u00e7\u0131l\u0131m mutlaka ba\u015far\u0131ya ula\u015facak in\u015fallah&#8221; kar\u015f\u0131l\u0131\u011f\u0131n\u0131 verdi.<\/p>\n<p style=\"text-align: justify;\"><strong><em>&#8221;MUHALEFET \u0130NAT \u0130\u00c7\u0130NDE&#8221; <\/em><\/strong><\/p>\n<p style=\"text-align: justify;\">Atalay, muhalefetin kabul etmemesine ra\u011fmen konuyu tekrar g\u00f6r\u00fc\u015fmenin g\u00fcndemlerinde olup olmad\u0131\u011f\u0131 sorusuna \u015fu yan\u0131t\u0131 verdi:<\/p>\n<p style=\"text-align: justify;\">&#8221;Bu her zaman a\u00e7\u0131k platform. Biz her zaman bu en geni\u015f kat\u0131l\u0131mla olsun dedik. O irade ve karar\u0131m\u0131z devam ediyor. B\u00fct\u00fcn kesimlerin deste\u011fini alarak daha rahat y\u00fcr\u00fcr, niye olmas\u0131n ama muhalefet biraz inat i\u00e7ine girdi. Ke\u015fke inat i\u00e7ine girmeselerdi biz memnun olurduk. &#8216;Ortak yapal\u0131m&#8217; dedik, &#8216;birlikte yapal\u0131m&#8217; dedik, &#8216;bizim olmas\u0131n sadece&#8217; dedik ama olmad\u0131.&#8221;<\/p>\n<p style=\"text-align: justify;\"><strong><em>&#8221;RUSYA \u0130\u00c7\u0130\u015eLER\u0130 BAKANI \u0130LE G\u00d6R\u00dc\u015eME&#8221; <\/em><\/strong><\/p>\n<p style=\"text-align: justify;\">Atalay, Moskova&#8217;daki ziyareti s\u0131ras\u0131nda Rusya \u0130\u00e7i\u015fleri Bakan\u0131 Ra\u015fid Nurgaliyev ile g\u00f6r\u00fc\u015fmeyi planlad\u0131klar\u0131n\u0131 belirterek, &#8221;Uzun s\u00fcredir kendisiyle bu g\u00f6r\u00fc\u015fmeyi yapmay\u0131 istiyorum. Kom\u015fu \u00fclkelerden g\u00f6r\u00fc\u015fmedi\u011fimiz bakanlardan biri. Kom\u015fu \u00fclkelerin i\u00e7i\u015fleri bakanlar\u0131yla de\u011fi\u015fik vesilelerle bir araya geldik. Bu ak\u015fam \u00fczeri bir resepsiyon olacak ve orada bir g\u00f6r\u00fc\u015fmemiz olacak. Belki daha sonras\u0131 i\u00e7in detayl\u0131 bir \u015fey planlar\u0131z&#8221; dedi.<\/p>\n<p style=\"text-align: justify;\"><strong><em>&#8221;YEN\u0130 PASAPORTLAR 2010&#8217;UN \u0130K\u0130NC\u0130 YARISINDA&#8221; <\/em><\/strong><\/p>\n<p style=\"text-align: justify;\">\u0130\u00e7i\u015fleri Bakan\u0131 Atalay, yeni pasaportlar\u0131n ihalesinin iptal edildi\u011fi ve bu s\u00fcrecin ne durumda oldu\u011fu sorusu \u00fczerine, \u015funlar\u0131 s\u00f6yledi:<\/p>\n<p style=\"text-align: justify;\">&#8221;Bunu aksatmad\u0131k. Bu konuya ba\u015fka bir form\u00fcl bulduk ve h\u0131zl\u0131 bir \u015fekilde ilerliyor. Merkez Bankas\u0131yla irtibatl\u0131 darphanemiz var. Arkada\u015flar \u015fu anda darphaneyle irtibatl\u0131. Yani bas\u0131mlar\u0131 orada yapma \u015feklinde. \u00d6b\u00fcr firmaya verilen -biliyorsunuz maalesef bizi \u00e7ok da oyalad\u0131- \u00e7ok ba\u015far\u0131l\u0131 olmad\u0131. \u015eimdi onun yerine darphaneyle, devlet kurumuyla y\u00fcr\u00fcyecek ve \u00e7ok fazla da vakit almayacak. \u015eu anda biliyorsunuz pilot uygulamas\u0131 yap\u0131l\u0131yor n\u00fcfus c\u00fczdanlar\u0131n\u0131n ve pilot uygulama nisanda bitecek. TUB\u0130TAK ile yap\u0131yoruz. Yani art\u0131k o tek kimlik, her \u015feyin yerine ge\u00e7ecek. Uluslararas\u0131 standartlarda farkl\u0131 \u00f6zellikte olan tek kimlik belgesi olacak. \u0130kisini birlikte zannediyorum ki 2010&#8217;un yar\u0131s\u0131nda geli\u015fmeleri a\u00e7\u0131klar\u0131z ve \u00fclke genelinde yaymaya \u00e7al\u0131\u015f\u0131r\u0131z.&#8221;<\/p>\n<p style=\"text-align: justify;\"><span style=\"color: #888888;\">Vatan<\/span><\/p>\n","protected":false},"excerpt":{"rendered":"<p style=\"text-align: center;\">\n<p style=\"text-align: justify;\">Yeni pasaport ve kimlikler 2010&#8217;da haz\u0131r&#8230;<\/p>\n<p style=\"text-align: justify;\">\u0130\u00e7i\u015fleri Bakan\u0131 Be\u015fir Atalay, demokratik a\u00e7\u0131l\u0131m s\u00fcreci i\u00e7in olumlu iklimin olu\u015fmaya ba\u015flad\u0131\u011f\u0131n\u0131 belirterek, demokratik a\u00e7\u0131l\u0131m konusundaki pozisyonu nedeniyle muhalefetin \u00e7ok zor durumda kald\u0131\u011f\u0131n\u0131 s\u00f6yledi.<\/p>\n<p style=\"text-align: justify;\">\u0130\u00e7i\u015fleri Bakan\u0131 Atalay, &#8221;Birinci Global Karayolu G\u00fcvenli\u011fi Bakanlar Konferans\u0131&#8221;na kat\u0131lmak i\u00e7in geldi\u011fi Moskova&#8217;da gazetecilerin sorular\u0131n\u0131 yan\u0131tlad\u0131. <\/p>\n","protected":false},"author":1,"featured_media":0,"comment_status":"open","ping_status":"closed","sticky":false,"template":"","format":"standard","meta":{"footnotes":""},"categories":[105],"tags":[],"class_list":["post-16643","post","type-post","status-publish","format-standard","hentry","category-gundem","odd"],"_links":{"self":[{"href":"http:\/\/www.korhanyilmaz.com\/index.php?rest_route=\/wp\/v2\/posts\/16643","targetHints":{"allow":["GET"]}}],"collection":[{"href":"http:\/\/www.korhanyilmaz.com\/index.php?rest_route=\/wp\/v2\/posts"}],"about":[{"href":"http:\/\/www.korhanyilmaz.com\/index.php?rest_route=\/wp\/v2\/types\/post"}],"author":[{"embeddable":true,"href":"http:\/\/www.korhanyilmaz.com\/index.php?rest_route=\/wp\/v2\/users\/1"}],"replies":[{"embeddable":true,"href":"http:\/\/www.korhanyilmaz.com\/index.php?rest_route=%2Fwp%2Fv2%2Fcomments&post=16643"}],"version-history":[{"count":0,"href":"http:\/\/www.korhanyilmaz.com\/index.php?rest_route=\/wp\/v2\/posts\/16643\/revisions"}],"wp:attachment":[{"href":"http:\/\/www.korhanyilmaz.com\/index.php?rest_route=%2Fwp%2Fv2%2Fmedia&parent=16643"}],"wp:term":[{"taxonomy":"category","embeddable":true,"href":"http:\/\/www.korhanyilmaz.com\/index.php?rest_route=%2Fwp%2Fv2%2Fcategories&post=16643"},{"taxonomy":"post_tag","embeddable":true,"href":"http:\/\/www.korhanyilmaz.com\/index.php?rest_route=%2Fwp%2Fv2%2Ftags&post=16643"}],"curies":[{"name":"wp","href":"https:\/\/api.w.org\/{rel}","templated":true}]}}