{"id":16639,"date":"2009-11-18T07:22:38","date_gmt":"2009-11-18T05:22:38","guid":{"rendered":"http:\/\/www.korhanyilmaz.com\/?p=16639"},"modified":"2009-11-18T07:22:38","modified_gmt":"2009-11-18T05:22:38","slug":"cicek-dinleme-yarginin-icinde-partiyle-ilgisi-yok","status":"publish","type":"post","link":"http:\/\/www.korhanyilmaz.com\/?p=16639","title":{"rendered":"\u00c7i\u00e7ek: Dinleme yarg\u0131n\u0131n i\u00e7inde, partiyle ilgisi yok"},"content":{"rendered":"<p style=\"text-align: center;\"><a href=\"http:\/\/www.korhanyilmaz.com\/wp-content\/uploads\/2009\/11\/cicek21.jpg\"  class=\"lightview\"><img loading=\"lazy\" decoding=\"async\" class=\"aligncenter size-full wp-image-16640\" src=\"http:\/\/www.korhanyilmaz.com\/wp-content\/uploads\/2009\/11\/cicek21.jpg\" alt=\"\" width=\"307\" height=\"236\" \/><\/a><\/p>\n<div id=\"attachment_15986\" style=\"width: 115px\" class=\"wp-caption alignleft\"><img loading=\"lazy\" decoding=\"async\" aria-describedby=\"caption-attachment-15986\" class=\"size-full wp-image-15986\" style=\"margin-left: 10px; margin-right: 10px;\" title=\"Fikret Bila\" src=\"http:\/\/www.korhanyilmaz.com\/wp-content\/uploads\/2009\/10\/fikret-bila.jpg\" alt=\"\" width=\"105\" height=\"112\" \/><p id=\"caption-attachment-15986\" class=\"wp-caption-text\">Fikret Bila<\/p><\/div>\n<p style=\"text-align: justify;\">Yarg\u0131tay Cumhuriyet Ba\u015fsavc\u0131s\u0131 Abdurrahman Yal\u00e7\u0131nkaya\u2019n\u0131n, dinleme olaylar\u0131n\u0131 siyasi partiler hukuku a\u00e7\u0131s\u0131ndan incelediklerini a\u00e7\u0131klamas\u0131 tart\u0131\u015fmalara neden oldu.<\/p>\n<p style=\"text-align: justify;\">Ba\u015fsavc\u0131 Yal\u00e7\u0131nkaya\u2019n\u0131n karar i\u015flem ve eylemleri Anayasa\u2019n\u0131n 68. maddesinin 4. f\u0131kras\u0131nda yer alan hukuk devleti ilkesine ayk\u0131r\u0131 olup olmad\u0131\u011f\u0131n\u0131 saptamak i\u00e7in ba\u015flatt\u0131\u011f\u0131 incelemenin bir kapatma davas\u0131yla sonu\u00e7lan\u0131p sonu\u00e7lanmayaca\u011f\u0131 tart\u0131\u015fmalar\u0131n oda\u011f\u0131n\u0131 olu\u015fturuyor. <!--more--><\/p>\n<p style=\"text-align: justify;\">Yal\u00e7\u0131nkaya\u2019n\u0131n daha \u00f6nce kapatma davas\u0131nda partisinin Anayasa Mahkemesi\u2019ndeki savunmas\u0131n\u0131 \u00fcstlenen Ba\u015fbakan Yard\u0131mc\u0131s\u0131 Cemil \u00c7i\u00e7ek, yeni bir davan\u0131n a\u00e7\u0131lmas\u0131n\u0131 \u201ctahmin ve temenni etmedi\u011fini\u201d vurgulad\u0131. \u00c7i\u00e7ek, d\u00fcnk\u00fc g\u00f6r\u00fc\u015fmemizde dinleme olaylar\u0131yla siyasi partiler hukuku aras\u0131nda ba\u011flant\u0131 kurulmas\u0131n\u0131n m\u00fcmk\u00fcn olmad\u0131\u011f\u0131n\u0131 savundu ve \u015fu de\u011ferlendirmeyi yapt\u0131:<\/p>\n<p style=\"text-align: justify;\"><strong><em>\u2018Alt\u00fcst olur\u2019<\/em><\/strong><\/p>\n<p style=\"text-align: justify;\">\u201cDinlemeler h\u00e2kim karar\u0131yla yap\u0131l\u0131yor. Bunun siyasi partiler hukukuyla bir ilgisi yok. Yeni bir kapatma davas\u0131 T\u00fcrkiye\u2019yi alt\u00fcst eder. Daha \u00f6nce a\u00e7\u0131lan kapatma davas\u0131 s\u0131ras\u0131nda 4 ay boyunca T\u00fcrkiye\u2019nin nas\u0131l s\u0131k\u0131nt\u0131lar ya\u015fad\u0131\u011f\u0131 ortada. B\u00f6yle bir giri\u015fim ekonomik ve siyasi istikrar\u0131 \u00e7ok olumsuz etkiler. Ekonomik de\u011ferler \u00e7ok olumsuz etkilenir. Ayr\u0131ca siyasi istikrar da \u00e7ok olumsuz etkilenir. Bunlar\u0131 ya\u015fad\u0131k. Bu s\u00fcre\u00e7te neler ya\u015fad\u0131\u011f\u0131m\u0131z\u0131 herkes biliyor. E\u011fer bu geli\u015fmeler yeni bir kapatma davas\u0131 geliyor bi\u00e7iminde alg\u0131lan\u0131rsa her \u015fey alt\u00fcst olur.\u201d<\/p>\n<p style=\"text-align: justify;\"><strong><em>\u20183. d\u00fcnya \u00fclkesi de\u011filiz\u2019<\/em><\/strong><\/p>\n<p style=\"text-align: justify;\">Ba\u015fbakan Yard\u0131mc\u0131s\u0131 \u00c7i\u00e7ek, bu t\u00fcr konularda \u00e7ok hassas olunmas\u0131 gerekti\u011fini vurgulayarak, \u015f\u00f6yle devam etti:<\/p>\n<p style=\"text-align: justify;\">\u201cT\u00fcrkiye bir 3. d\u00fcnya \u00fclkesi de\u011fil. Soyut iddialarla b\u00f6yle davalar a\u00e7\u0131lamaz. Birisi b\u00f6yle bir yorum yapt\u0131 diye hukukun temel ilkeleri \u00e7i\u011fnenemez. Konu edilen dinleme olaylar\u0131 yarg\u0131n\u0131n kendi i\u00e7indeki olaylard\u0131r. Bu olaylarla iktidar partisi aras\u0131nda ba\u011flant\u0131 kurulmas\u0131 yanl\u0131\u015ft\u0131r.\u201d<\/p>\n<p style=\"text-align: justify;\"><strong><em>Dinleme kararlar\u0131<\/em><\/strong><\/p>\n<p style=\"text-align: justify;\">\u00c7i\u00e7ek, h\u00e2kim ve savc\u0131lar\u0131n dinlenmesi karar\u0131yla iktidar partisi ve siyasi partiler hukukunun ilgisinin olmad\u0131\u011f\u0131n\u0131 \u015f\u00f6yle savundu:<\/p>\n<p style=\"text-align: justify;\">\u201c\u015eimdi konu edilen h\u00e2kim ve savc\u0131lar\u0131n telefonlar\u0131n\u0131n dinlenmesi. Dinleme talebinde bulunan Adalet Bakanl\u0131\u011f\u0131 m\u00fcfetti\u015fi de h\u00e2kim veya savc\u0131d\u0131r. Yani yarg\u0131 mensubudur. Dinleme karar\u0131n\u0131 veren h\u00e2kimdir. Dinlenmesi istenen ki\u015fi de h\u00e2kim veya savc\u0131d\u0131r. Dolay\u0131s\u0131yla yarg\u0131n\u0131n kendi i\u00e7inde ald\u0131\u011f\u0131 bir karard\u0131r. Adalet Bakan\u0131\u2019n\u0131n veya ad\u0131na hareket eden ki\u015finin verdi\u011fi onay genel bir olur mahiyetindedir. \u00c7\u00fcnk\u00fc sistem \u00f6yle \u00e7al\u0131\u015f\u0131r. Bir normal her y\u0131l yap\u0131lan tefti\u015f vard\u0131r bir de \u015fik\u00e2yetler \u00fczerine yap\u0131lanlar vard\u0131r. Adalet Bakanl\u0131\u011f\u0131 m\u00fcfetti\u015fi olaylar\u0131 soru\u015ftururken savc\u0131n\u0131n yetkilerine sahiptir. \u0130nceleme ve soru\u015fturma da farkl\u0131 a\u015famalard\u0131r. M\u00fcfetti\u015f kuvvetli bir \u015f\u00fcpheye sahipse genel bir olur al\u0131r. Bu olur genel mahiyettedir. Bu olur siyasi parti hukukuyla ilgili de\u011fildir.\u201d<\/p>\n<p style=\"text-align: justify;\"><strong><em>Ortam dinlemeye ceza<\/em><\/strong><\/p>\n<p style=\"text-align: justify;\">\u00c7i\u00e7ek, yasad\u0131\u015f\u0131 dinlemelerle ilgili olarak cezalar\u0131 art\u0131racaklar\u0131n\u0131 ve b\u00f6ylece cayd\u0131r\u0131c\u0131 olacaklar\u0131n\u0131 da belirterek, bu konuda \u015fu bilgileri verdi:<\/p>\n<p style=\"text-align: justify;\">\u201cBakanlar Kurulu\u2019nda ele ald\u0131k. Ceza Kanunu d\u00fczenlenirken dinleme olaylar\u0131yla ilgili su\u00e7lar ve cezalar\u0131 belirlenmi\u015fti. \u015eimdi bunlar\u0131 ara\u015ft\u0131r\u0131yoruz. Ertelenmesi ve paraya \u00e7evrilmesini zorla\u015ft\u0131r\u0131yoruz. Yasad\u0131\u015f\u0131 dinlemeler 2 y\u0131ldan ba\u015flayacak. Ayr\u0131ca teknoloji h\u0131zla geli\u015fiyor. \u015eimdi bir de internet su\u00e7lar\u0131 var. Ortam dinlemesi var. Bunlar \u00fczerinde \u00e7al\u0131\u015f\u0131yoruz. Bir taslak \u00e7al\u0131\u015fma vard\u0131, bunu geli\u015ftiriyoruz ve yak\u0131nda TBMM\u2019ye  sevk edece\u011fiz.\u201d<\/p>\n<p style=\"text-align: justify;\"><span style=\"color: #888888;\">Fikret Bila &#8211; Milliyet<\/span><\/p>\n","protected":false},"excerpt":{"rendered":"<p style=\"text-align: center;\">\n<p id=\"caption-attachment-15986\" class=\"wp-caption-text\">Fikret Bila<\/p>\n<p style=\"text-align: justify;\">Yarg\u0131tay Cumhuriyet Ba\u015fsavc\u0131s\u0131 Abdurrahman Yal\u00e7\u0131nkaya\u2019n\u0131n, dinleme olaylar\u0131n\u0131 siyasi partiler hukuku a\u00e7\u0131s\u0131ndan incelediklerini a\u00e7\u0131klamas\u0131 tart\u0131\u015fmalara neden oldu.<\/p>\n<p style=\"text-align: justify;\">Ba\u015fsavc\u0131 Yal\u00e7\u0131nkaya\u2019n\u0131n karar i\u015flem ve eylemleri Anayasa\u2019n\u0131n 68. maddesinin 4. f\u0131kras\u0131nda yer alan hukuk devleti ilkesine ayk\u0131r\u0131 olup olmad\u0131\u011f\u0131n\u0131 saptamak i\u00e7in ba\u015flatt\u0131\u011f\u0131 incelemenin bir kapatma davas\u0131yla sonu\u00e7lan\u0131p sonu\u00e7lanmayaca\u011f\u0131 <\/p>\n","protected":false},"author":1,"featured_media":0,"comment_status":"open","ping_status":"closed","sticky":false,"template":"","format":"standard","meta":{"footnotes":""},"categories":[16],"tags":[],"class_list":["post-16639","post","type-post","status-publish","format-standard","hentry","category-kose-yazilari","odd"],"_links":{"self":[{"href":"http:\/\/www.korhanyilmaz.com\/index.php?rest_route=\/wp\/v2\/posts\/16639","targetHints":{"allow":["GET"]}}],"collection":[{"href":"http:\/\/www.korhanyilmaz.com\/index.php?rest_route=\/wp\/v2\/posts"}],"about":[{"href":"http:\/\/www.korhanyilmaz.com\/index.php?rest_route=\/wp\/v2\/types\/post"}],"author":[{"embeddable":true,"href":"http:\/\/www.korhanyilmaz.com\/index.php?rest_route=\/wp\/v2\/users\/1"}],"replies":[{"embeddable":true,"href":"http:\/\/www.korhanyilmaz.com\/index.php?rest_route=%2Fwp%2Fv2%2Fcomments&post=16639"}],"version-history":[{"count":0,"href":"http:\/\/www.korhanyilmaz.com\/index.php?rest_route=\/wp\/v2\/posts\/16639\/revisions"}],"wp:attachment":[{"href":"http:\/\/www.korhanyilmaz.com\/index.php?rest_route=%2Fwp%2Fv2%2Fmedia&parent=16639"}],"wp:term":[{"taxonomy":"category","embeddable":true,"href":"http:\/\/www.korhanyilmaz.com\/index.php?rest_route=%2Fwp%2Fv2%2Fcategories&post=16639"},{"taxonomy":"post_tag","embeddable":true,"href":"http:\/\/www.korhanyilmaz.com\/index.php?rest_route=%2Fwp%2Fv2%2Ftags&post=16639"}],"curies":[{"name":"wp","href":"https:\/\/api.w.org\/{rel}","templated":true}]}}