{"id":16631,"date":"2009-11-17T15:56:33","date_gmt":"2009-11-17T13:56:33","guid":{"rendered":"http:\/\/www.korhanyilmaz.com\/?p=16631"},"modified":"2009-11-17T15:56:33","modified_gmt":"2009-11-17T13:56:33","slug":"ocalanin-yanina-5-mahkum-gitti","status":"publish","type":"post","link":"http:\/\/www.korhanyilmaz.com\/?p=16631","title":{"rendered":"\u00d6calan&#039;\u0131n yan\u0131na 5 mahkum gitti"},"content":{"rendered":"<p><img loading=\"lazy\" decoding=\"async\" class=\"aligncenter size-full wp-image-16632\" src=\"http:\/\/www.korhanyilmaz.com\/wp-content\/uploads\/2009\/11\/ocalan.jpg\" alt=\"\" width=\"292\" height=\"191\" \/><\/p>\n<p style=\"text-align: justify;\">\u0130mral\u0131&#8217;da yap\u0131m\u0131 tamamlanan Y\u00fcksek G\u00fcvenlikli F Tipi Cezaevi&#8217;ne 5 PKK&#8217;l\u0131 mahkum nakledildi. \u0130mral\u0131&#8217;da h\u00fck\u00fcml\u00fc bulunan Abdullah \u00d6calan da yeni cezaevindeki ko\u011fu\u015funa al\u0131nd\u0131.<\/p>\n<p style=\"text-align: justify;\">Kenya&#8217;da yakaland\u0131ktan sonra getirildi\u011fi \u0130mral\u0131 adas\u0131nda \u00f6m\u00fcr boyu hapis cezas\u0131na \u00e7arpt\u0131r\u0131lan \u00d6calan&#8217;\u0131n yan\u0131na nakledilmesi kararla\u015ft\u0131r\u0131lan 8 PKK&#8217;l\u0131 mahkumdan 5&#8217;inin nakli d\u00fcn gece ger\u00e7ekle\u015ftirildi. <!--more--><\/p>\n<p style=\"text-align: justify;\">\u015eeyhmuz Poyraz, Cumali Karsu, Hakk\u0131 Alkan, Hasbi Aydemir ve Bayram Kaymaz adl\u0131 mahkumlar saat 04.00 s\u0131ralar\u0131nda cezaevi nakil arac\u0131yla \u0130mral\u0131 ile irtibat\u0131n sa\u011fland\u0131\u011f\u0131 Mudanya&#8217;ya getirildi, daha sonra askeri bir gemiyle adaya g\u00f6t\u00fcr\u00fcld\u00fc.<\/p>\n<p style=\"text-align: justify;\">Mahkumlar\u0131n \u0130mral\u0131&#8217;ya nakilleri s\u0131ras\u0131nda irtibat noktas\u0131n\u0131n \u00e7evresinde geni\u015f g\u00fcvenlik \u00f6nlemleri al\u0131nd\u0131.<\/p>\n<p style=\"text-align: justify;\">\u0130mral\u0131 Cezaevi&#8217;ne g\u00f6nderilen mahkumlardan Bayram Kaymaz&#8217;\u0131n, \u0130zmir&#8217;de ter\u00f6r \u00f6rg\u00fct\u00fc i\u00e7inde 3 ki\u015fi \u00f6ld\u00fcrd\u00fc\u011f\u00fc iddias\u0131yla yarg\u0131lanarak h\u00fck\u00fcm giydi\u011fi \u00f6\u011frenildi.<\/p>\n<p style=\"text-align: justify;\">\u0130zmir Emniyet M\u00fcd\u00fcrl\u00fc\u011f\u00fc yetkililerinden al\u0131nan bilgiye g\u00f6re, \u0130zmir K\u0131r\u0131klar F Tipi Cezaevi&#8217;nden \u0130mral\u0131&#8217;ya sevk edilen Mardin Savur do\u011fumlu Bayram Kaymaz (38), 1995&#8217;te tutukland\u0131.<\/p>\n<p style=\"text-align: justify;\">Ter\u00f6r \u00f6rg\u00fct\u00fc PKK \u00fcyesi Kaymaz&#8217;\u0131n, &#8220;ajanl\u0131k yapt\u0131klar\u0131&#8221; gerek\u00e7esiyle, \u00f6rg\u00fct \u00fcyeleri Ahmo \u00d6zdemir, Abd\u00fclaziz \u00c7oban ve Abdullah \u00c7oban&#8217;\u0131n \u00f6ld\u00fcr\u00fclmesi su\u00e7undan yarg\u0131land\u0131\u011f\u0131, idam cezas\u0131na \u00e7arpt\u0131r\u0131ld\u0131\u011f\u0131, bu cezan\u0131n daha sonra m\u00fcebbet hapse d\u00f6n\u00fc\u015ft\u00fcr\u00fcld\u00fc\u011f\u00fc bildirildi.<\/p>\n<p style=\"text-align: justify;\">Ter\u00f6r \u00f6rg\u00fct\u00fc eleba\u015f\u0131n\u0131n T\u00fcrkiye&#8217;ye getirilmesi s\u0131ras\u0131nda cezaevinde kendini yakma giri\u015fiminde bulundu\u011fu belirtilen Kaymaz&#8217;\u0131n, belden a\u015fa\u011f\u0131s\u0131n\u0131n fel\u00e7li oldu\u011fu belirtildi.<\/p>\n<p style=\"text-align: justify;\">Kaymaz&#8217;\u0131n, T\u00fcrkiye aleyhine, &#8220;adil yarg\u0131lanmad\u0131\u011f\u0131&#8221; iddias\u0131yla A\u0130HM&#8217;e ba\u015fvurdu\u011fu kaydedildi.<\/p>\n<p style=\"text-align: justify;\">\u0130mral\u0131&#8217;ya g\u00f6nderilen mahkumlardan \u015eeyhmuz Poyraz&#8217;\u0131n da bir s\u00fcre \u0130zmir K\u0131r\u0131klar F Tipi Cezaevi&#8217;nde yatt\u0131\u011f\u0131, daha sonra Bolu F Tipi Cezaevi&#8217;ne naklinin yap\u0131ld\u0131\u011f\u0131 \u00f6\u011frenildi.<\/p>\n<p style=\"text-align: justify;\">PKK&#8217;l\u0131 di\u011fer 3 mahkum da \u00f6n\u00fcm\u00fczdeki g\u00fcnlerde adaya g\u00f6nderilecek ve b\u00f6ylece Y\u00fcksek G\u00fcvenlikli F Tipi Cezaevi&#8217;nde PKK&#8217;l\u0131 mahkum say\u0131s\u0131 9&#8217;a \u00e7\u0131kacak.<\/p>\n<p style=\"text-align: justify;\">Mahkumlar\u0131n e\u015fyas\u0131n\u0131n da getirildi\u011fini s\u00f6yleyen yetkililer, \u00d6calan&#8217;\u0131n mahkumlarla hobi odas\u0131nda haftada 10 saati ge\u00e7meyecek \u015fekilde g\u00f6r\u00fc\u015fece\u011fini a\u00e7\u0131klad\u0131.<\/p>\n<p style=\"text-align: justify;\">\u00d6calan&#8217;\u0131n kald\u0131\u011f\u0131 eski cezaevi ise idare binas\u0131 olacak.<\/p>\n<p style=\"text-align: justify;\"><span style=\"color: #888888;\">CNN T\u00dcRK<\/span><\/p>\n","protected":false},"excerpt":{"rendered":"<\/p>\n<p style=\"text-align: justify;\">\u0130mral\u0131&#8217;da yap\u0131m\u0131 tamamlanan Y\u00fcksek G\u00fcvenlikli F Tipi Cezaevi&#8217;ne 5 PKK&#8217;l\u0131 mahkum nakledildi. \u0130mral\u0131&#8217;da h\u00fck\u00fcml\u00fc bulunan Abdullah \u00d6calan da yeni cezaevindeki ko\u011fu\u015funa al\u0131nd\u0131.<\/p>\n<p style=\"text-align: justify;\">Kenya&#8217;da yakaland\u0131ktan sonra getirildi\u011fi \u0130mral\u0131 adas\u0131nda \u00f6m\u00fcr boyu hapis cezas\u0131na \u00e7arpt\u0131r\u0131lan \u00d6calan&#8217;\u0131n yan\u0131na nakledilmesi kararla\u015ft\u0131r\u0131lan 8 PKK&#8217;l\u0131 mahkumdan 5&#8217;inin nakli d\u00fcn gece ger\u00e7ekle\u015ftirildi. <\/p>\n","protected":false},"author":1,"featured_media":0,"comment_status":"open","ping_status":"closed","sticky":false,"template":"","format":"standard","meta":{"footnotes":""},"categories":[105],"tags":[],"class_list":["post-16631","post","type-post","status-publish","format-standard","hentry","category-gundem","odd"],"_links":{"self":[{"href":"http:\/\/www.korhanyilmaz.com\/index.php?rest_route=\/wp\/v2\/posts\/16631","targetHints":{"allow":["GET"]}}],"collection":[{"href":"http:\/\/www.korhanyilmaz.com\/index.php?rest_route=\/wp\/v2\/posts"}],"about":[{"href":"http:\/\/www.korhanyilmaz.com\/index.php?rest_route=\/wp\/v2\/types\/post"}],"author":[{"embeddable":true,"href":"http:\/\/www.korhanyilmaz.com\/index.php?rest_route=\/wp\/v2\/users\/1"}],"replies":[{"embeddable":true,"href":"http:\/\/www.korhanyilmaz.com\/index.php?rest_route=%2Fwp%2Fv2%2Fcomments&post=16631"}],"version-history":[{"count":0,"href":"http:\/\/www.korhanyilmaz.com\/index.php?rest_route=\/wp\/v2\/posts\/16631\/revisions"}],"wp:attachment":[{"href":"http:\/\/www.korhanyilmaz.com\/index.php?rest_route=%2Fwp%2Fv2%2Fmedia&parent=16631"}],"wp:term":[{"taxonomy":"category","embeddable":true,"href":"http:\/\/www.korhanyilmaz.com\/index.php?rest_route=%2Fwp%2Fv2%2Fcategories&post=16631"},{"taxonomy":"post_tag","embeddable":true,"href":"http:\/\/www.korhanyilmaz.com\/index.php?rest_route=%2Fwp%2Fv2%2Ftags&post=16631"}],"curies":[{"name":"wp","href":"https:\/\/api.w.org\/{rel}","templated":true}]}}