{"id":16626,"date":"2009-11-17T15:58:57","date_gmt":"2009-11-17T13:58:57","guid":{"rendered":"http:\/\/www.korhanyilmaz.com\/?p=16626"},"modified":"2009-11-17T15:58:57","modified_gmt":"2009-11-17T13:58:57","slug":"dtpden-imrali-yorumu-olumlu-ama-neyi-cozecek","status":"publish","type":"post","link":"http:\/\/www.korhanyilmaz.com\/?p=16626","title":{"rendered":"DTP&#039;den \u0130mral\u0131 yorumu: &#039;Olumlu ama neyi \u00e7\u00f6zecek?&#039;"},"content":{"rendered":"<p><img loading=\"lazy\" decoding=\"async\" class=\"aligncenter size-full wp-image-16627\" src=\"http:\/\/www.korhanyilmaz.com\/wp-content\/uploads\/2009\/11\/DTP.jpg\" alt=\"\" width=\"292\" height=\"200\" \/><\/p>\n<p style=\"text-align: justify;\">DTP Genel Ba\u015fkan\u0131 Ahmet T\u00fcrk, \u0130mral\u0131 Cezaevi&#8217;ne 5 mahkumun g\u00f6nderilmesini olumlu kar\u015f\u0131lad\u0131klar\u0131n\u0131 s\u00f6yledi. DTP Grup Ba\u015fkanvekili G\u00fcltan K\u0131\u015fanak ise, &#8220;Olumlu bir ad\u0131m ama &#8216;neyi \u00e7\u00f6zecek?&#8217; diye sorarsak, yan\u0131t vermekte zorlan\u0131yoruz&#8221; dedi.<\/p>\n<p style=\"text-align: justify;\">DTP grup toplant\u0131s\u0131ndan \u00f6nce gazetecilerin sorular\u0131n\u0131 yan\u0131tlayan T\u00fcrk, \u0130mral\u0131 Cezaevine 5 mahkumun g\u00f6nderilmesine ili\u015fkin soru \u00fczerine, &#8220;12 y\u0131ldan beri bu tecrit anlay\u0131\u015f\u0131n\u0131n k\u0131r\u0131lmas\u0131 gerekiyordu. Ba\u015f\u0131ndan beri kar\u015f\u0131 \u00e7\u0131k\u0131yorduk. \u015eu anda farkl\u0131 bir yakla\u015f\u0131m bi\u00e7imi var. Olumlu kar\u015f\u0131l\u0131yoruz&#8221; dedi. <!--more--><\/p>\n<p style=\"text-align: justify;\">T\u00fcrk, CHP ile g\u00f6r\u00fc\u015fme talebine ili\u015fkin bir soruya da &#8220;Biz g\u00f6r\u00fc\u015fmeye haz\u0131r\u0131z. Birileri d\u00fc\u015f\u00fcncemizi, sorunlar\u0131n nas\u0131l \u00e7\u00f6z\u00fclece\u011fini merak ediyorsa, biz g\u00f6r\u00fc\u015fmeye haz\u0131r\u0131z. Biz kendimizi anlatmak i\u00e7in di\u011fer kesimlerle g\u00f6r\u00fc\u015fmeyi esas al\u0131yoruz. Onu ka\u00e7\u0131n\u0131lmaz bir sorumluluk olarak g\u00f6r\u00fcyoruz. Mesajlar\u0131m\u0131z gitti, kendileri de\u011ferlendirecekler&#8221; kar\u015f\u0131l\u0131\u011f\u0131n\u0131 verdi.<\/p>\n<p style=\"text-align: justify;\">DTP Grup Ba\u015fkanvekili G\u00fcltan K\u0131\u015fanak, \u0130mral\u0131&#8217;ya 5 mahkumun g\u00f6nderilmesiyle ilgili soru \u00fczerine, &#8220;Olumlu bir ad\u0131m ama &#8216;neyi \u00e7\u00f6zecek?&#8217; diye sorarsak, yan\u0131t vermekte zorlan\u0131yoruz. H\u00fck\u00fcmetin \u015fu an yapt\u0131\u011f\u0131 ufak tefek iyile\u015ftirmeleri ele ald\u0131\u011f\u0131m\u0131zda, akan kan\u0131 durduracak, K\u00fcrt sorununu \u00fclke g\u00fcndeminden \u00e7\u0131karacak bir kapsamda olmad\u0131\u011f\u0131 g\u00f6r\u00fcl\u00fcyor. Bu da o kapsamda de\u011ferlendirilebilir. Bir iyile\u015ftirmedir belki ama &#8216;neyi \u00e7\u00f6zecek, ne de\u011fi\u015fecek?&#8217; diye sorarsak yan\u0131t yok&#8221; dedi.<\/p>\n<p style=\"text-align: justify;\">DTP Diyarbak\u0131r Milletvekili Ak\u0131n Birdal da ayn\u0131 soru \u00fczerine, herkese uluslararas\u0131 standartlardan do\u011fan haklar\u0131n\u0131n tan\u0131nmas\u0131 gerekti\u011fini ifade etti. \u0130mral\u0131 Cezaevine 5 mahkum g\u00f6nderilmesini &#8220;olumlu&#8221; olarak de\u011ferlendiren Birdal, &#8220;Umuyor ve diliyoruz ki T\u00fcrkiye yar\u0131 a\u00e7\u0131k bir cezaevi olmaktan kurtulur. \u00d6zg\u00fcrl\u00fck\u00e7\u00fc, e\u015fitlik\u00e7i, demokratik bir toplum cezaevini daraltan bir toplumdur. \u0130lk kez cezaevlerinde tutuklu ve h\u00fck\u00fcml\u00fc say\u0131s\u0131 115 bine ula\u015fm\u0131\u015ft\u0131r ve tutuklular\u0131n say\u0131s\u0131 y\u00fczde 65&#8217;tir ve bu d\u00fcnyan\u0131n hi\u00e7bir yerinde yoktur&#8221; diye konu\u015ftu.<\/p>\n<p style=\"text-align: justify;\">Genel af beklentisi olup olmad\u0131\u011f\u0131 sorusu \u00fczerine Birdal, &#8220;Demokratikle\u015fme, toplumsal bir bar\u0131\u015f, ba\u011f\u0131\u015flay\u0131c\u0131 ve bar\u0131\u015f\u00e7\u0131 bir toplumu yaratmak i\u00e7in bir ara\u00e7t\u0131r. Ba\u015fvurulabilir, neden olmas\u0131n&#8221; dedi.<\/p>\n<p style=\"text-align: justify;\">DTP Hakkari Milletvekili Hamit Geylani de ayn\u0131 soru \u00fczerine, b\u00fct\u00fcn tutuklu ve h\u00fck\u00fcml\u00fclerin yatm\u0131\u015f olduklar\u0131 yerin fiziki ko\u015fullar\u0131n\u0131n, insani, uygar ve hukuki olmas\u0131 gerekti\u011fini s\u00f6yledi.<\/p>\n<p style=\"text-align: justify;\">Geylani, &#8220;Bu nedenle \u0130mral\u0131&#8217;ya birka\u00e7 h\u00fck\u00fcml\u00fcn\u00fcn gitmi\u015f olmas\u0131, orada 10 y\u0131ld\u0131r tek ba\u015f\u0131na izole edilen, tecrit i\u00e7inde ya\u015fayan Abdullah \u00d6calan ile diyalog kurmalar\u0131, psikolojik olarak bir tak\u0131m geli\u015fmelerin olmas\u0131 bence do\u011fald\u0131r. Olmas\u0131 gereken bir \u015fey, gecikmi\u015ftir. Bir insan\u0131n hapiste t\u00fcm insani, hukuki haklara sahip olmas\u0131 gerekiyor&#8221; diye konu\u015ftu.<\/p>\n<p style=\"text-align: justify;\">&#8220;Baykal, g\u00f6r\u00fc\u015fme talebinize olumlu yakla\u015fmad\u0131, nas\u0131l de\u011ferlendiriyorsunuz?&#8221; sorusu \u00fczerine ise Geylani, &#8220;Kendi sorunu biz bu \u00fclkenin demokratikle\u015fmesi i\u00e7in herkesle diyalog i\u00e7inde olmak ve \u00e7\u00f6z\u00fcm projelerini birlikte \u00fcretmek ve ya\u015fama ge\u00e7irme \u00e7abas\u0131nday\u0131z. Bu \u00e7abadan uzak olan bar\u0131\u015ftan uzak oland\u0131r. Bence iyi etmiyor&#8221; ifadelerini kulland\u0131.<\/p>\n<p style=\"text-align: justify;\">Gazetecilerin, &#8220;(PKK&#8217;y\u0131 ter\u00f6r \u00f6rg\u00fct\u00fc olarak tan\u0131s\u0131nlar) diye bir \u015fart ko\u015fuyor&#8221; s\u00f6zleri \u00fczerine Geylani, &#8220;Bu, 25-30 y\u0131ld\u0131r bir ezberdir. Bu ezberden bir sonu\u00e7 al\u0131nmad\u0131. Onun i\u00e7in bu y\u00f6ntemin de\u011fi\u015fmesi gerekir. Y\u00f6ntem bar\u0131\u015f, demokrasi dilidir&#8221; dedi.<\/p>\n<p style=\"text-align: justify;\"><span style=\"color: #888888;\">CNN T\u00dcRK<\/span><\/p>\n","protected":false},"excerpt":{"rendered":"<\/p>\n<p style=\"text-align: justify;\">DTP Genel Ba\u015fkan\u0131 Ahmet T\u00fcrk, \u0130mral\u0131 Cezaevi&#8217;ne 5 mahkumun g\u00f6nderilmesini olumlu kar\u015f\u0131lad\u0131klar\u0131n\u0131 s\u00f6yledi. DTP Grup Ba\u015fkanvekili G\u00fcltan K\u0131\u015fanak ise, &#8220;Olumlu bir ad\u0131m ama &#8216;neyi \u00e7\u00f6zecek?&#8217; diye sorarsak, yan\u0131t vermekte zorlan\u0131yoruz&#8221; dedi.<\/p>\n<p style=\"text-align: justify;\">DTP grup toplant\u0131s\u0131ndan \u00f6nce gazetecilerin sorular\u0131n\u0131 yan\u0131tlayan T\u00fcrk, \u0130mral\u0131 Cezaevine 5 mahkumun g\u00f6nderilmesine ili\u015fkin soru \u00fczerine, &#8220;12 y\u0131ldan beri <\/p>\n","protected":false},"author":1,"featured_media":0,"comment_status":"open","ping_status":"closed","sticky":false,"template":"","format":"standard","meta":{"footnotes":""},"categories":[105],"tags":[],"class_list":["post-16626","post","type-post","status-publish","format-standard","hentry","category-gundem","odd"],"_links":{"self":[{"href":"http:\/\/www.korhanyilmaz.com\/index.php?rest_route=\/wp\/v2\/posts\/16626","targetHints":{"allow":["GET"]}}],"collection":[{"href":"http:\/\/www.korhanyilmaz.com\/index.php?rest_route=\/wp\/v2\/posts"}],"about":[{"href":"http:\/\/www.korhanyilmaz.com\/index.php?rest_route=\/wp\/v2\/types\/post"}],"author":[{"embeddable":true,"href":"http:\/\/www.korhanyilmaz.com\/index.php?rest_route=\/wp\/v2\/users\/1"}],"replies":[{"embeddable":true,"href":"http:\/\/www.korhanyilmaz.com\/index.php?rest_route=%2Fwp%2Fv2%2Fcomments&post=16626"}],"version-history":[{"count":0,"href":"http:\/\/www.korhanyilmaz.com\/index.php?rest_route=\/wp\/v2\/posts\/16626\/revisions"}],"wp:attachment":[{"href":"http:\/\/www.korhanyilmaz.com\/index.php?rest_route=%2Fwp%2Fv2%2Fmedia&parent=16626"}],"wp:term":[{"taxonomy":"category","embeddable":true,"href":"http:\/\/www.korhanyilmaz.com\/index.php?rest_route=%2Fwp%2Fv2%2Fcategories&post=16626"},{"taxonomy":"post_tag","embeddable":true,"href":"http:\/\/www.korhanyilmaz.com\/index.php?rest_route=%2Fwp%2Fv2%2Ftags&post=16626"}],"curies":[{"name":"wp","href":"https:\/\/api.w.org\/{rel}","templated":true}]}}