{"id":16620,"date":"2009-11-17T17:17:39","date_gmt":"2009-11-17T15:17:39","guid":{"rendered":"http:\/\/www.korhanyilmaz.com\/?p=16620"},"modified":"2009-11-17T17:17:39","modified_gmt":"2009-11-17T15:17:39","slug":"ataturk-yasasaydiya-hz-omer-yaniti","status":"publish","type":"post","link":"http:\/\/www.korhanyilmaz.com\/?p=16620","title":{"rendered":"&quot;Atat\u00fcrk ya\u015fasayd\u0131&quot;ya &quot;Hz. \u00d6mer&quot; yan\u0131t\u0131"},"content":{"rendered":"<p style=\"text-align: justify;\"><img loading=\"lazy\" decoding=\"async\" class=\"aligncenter size-full wp-image-16624\" src=\"http:\/\/www.korhanyilmaz.com\/wp-content\/uploads\/2009\/11\/baykal21.jpg\" alt=\"\" width=\"307\" height=\"236\" \/><\/p>\n<p style=\"text-align: justify;\">CHP Genel Ba\u015fkan\u0131 Deniz Baykal, Ba\u015fbakan Recep Tayyip Erdo\u011fan&#8217;\u0131n &#8220;As\u0131l Atat\u00fcrk\u00e7\u00fc biziz, Atat\u00fcrk mezar\u0131ndan kalksa gelse bunlar\u0131 def eder&#8221; dedi\u011fini belirterek, &#8220;Rica ederim, Atat\u00fcrk e\u011fer ya\u015fam\u0131\u015f olsayd\u0131, sen oralarda olabilir miydin? Sen Atat\u00fcrk&#8217;\u00fc b\u0131rak da Hazreti \u00d6mer kalkarsa senin halin ne olur?&#8221; dedi.<\/p>\n<p style=\"text-align: justify;\">Partisinin Meclis grup toplant\u0131s\u0131nda konu\u015fan CHP lideri Baykal, Ba\u015fbakan Erdo\u011fan&#8217;\u0131n &#8220;b\u00f6l\u00fcc\u00fcl\u00fck&#8221; yapt\u0131\u011f\u0131n\u0131 s\u00f6yledi ve Erdo\u011fan&#8217;a &#8220;B\u00f6l\u00fcc\u00fcl\u00fc\u011f\u00fcn\u00fc bana gerici diyerek kapatamazs\u0131n&#8221; diye seslendi. <!--more--><\/p>\n<p style=\"text-align: justify;\"><strong><em>&#8220;Atat\u00fcrk ya\u015fasayd\u0131&#8230;&#8221; <\/em><\/strong><\/p>\n<p style=\"text-align: justify;\">K\u00fcrt a\u00e7\u0131l\u0131m\u0131 \u00f6ng\u00f6r\u00fc\u015fmesinin 10 Kas\u0131m&#8217;da yap\u0131lmas\u0131na y\u00f6nelik ele\u015ftirilerini s\u00fcrd\u00fcren Baykal, Genel Kurul&#8217;da CHP milletvekillerinin ger\u00e7ekle\u015ftirdi\u011fi pankartl\u0131 g\u00f6steriye ili\u015fkin ele\u015ftirileri de ele\u015ftirdi.<\/p>\n<p style=\"text-align: justify;\">Ba\u015fbakan Erdo\u011fan&#8217;\u0131n &#8220;As\u0131l Atat\u00fcrk\u00e7\u00fc biziz, Atat\u00fcrk mezar\u0131ndan kalksa gelse bunlar\u0131 def eder&#8221; dedi\u011fini belirten Baykal, &#8220;Rica ederim, Atat\u00fcrk e\u011fer ya\u015fam\u0131\u015f olsayd\u0131, sen oralarda olabilir miydin? Seni oraya getiren o olu\u015fumlara Atat\u00fcrk izin mi verirdi?&#8221; dedi.<\/p>\n<p style=\"text-align: justify;\"><strong><em>&#8220;Hz. \u00d6mer kalksa senin halin ne olur&#8221; <\/em><\/strong><\/p>\n<p style=\"text-align: justify;\">Ba\u015fbakan Erdo\u011fan&#8217;\u0131n, &#8220;Tevhidi Tedrisat Kanunu, harf ink\u0131lab\u0131 ve laiklik gibi konularda ge\u00e7mi\u015fte s\u00f6yledi\u011fini belirtti\u011fi s\u00f6zleri&#8221; dile getiren Baykal, &#8220;Say\u0131n Erdo\u011fan&#8217;\u0131n d\u00fc\u015f\u00fcncelerinin ne oldu\u011funu hepimiz \u00e7ok iyi biliyoruz, ama CHP&#8217;ye bula\u015fmaya \u00e7al\u0131\u015fmas\u0131na anlam veremiyoruz. Bununla, \u015fu anda i\u00e7inde bulundu\u011fu a\u00e7\u0131l\u0131m a\u00e7maz\u0131ndan kendisini kurtarmaya \u00e7al\u0131\u015f\u0131yorsa, onun yolu o de\u011fil. Onun gere\u011fini yapacak, i\u00e7ine sindirecek. Efendim &#8216;Atat\u00fcrk kalkacak da bizi def edecekmi\u015f?&#8217; F\u0131kralar dola\u015f\u0131yor, Atat\u00fcrk kalkarsa Say\u0131n Ba\u015fbakan&#8217;\u0131n 100 metre rekoruna k\u0131raca\u011f\u0131na ili\u015fkin&#8230; Sen Atat\u00fcrk&#8217;\u00fc b\u0131rak da Hazreti \u00d6mer kalkarsa senin halin ne olur? Bu tabloya nas\u0131l geldin, nas\u0131l ya\u015f\u0131yorsun, senin kazanc\u0131n nedir, yetim hakk\u0131 yedin mi yemedin mi? Hazreti \u00d6mer \u015f\u00f6yle bir kalkabilirse, kalk\u0131verirse, senin halin ne olur? Hazreti Peygamber kalkacak olursa, sen nas\u0131l bir ya\u015fam\u0131n i\u00e7indesin, senin \u00e7evrendeki insanlar, onlarla senin ili\u015fkilerin, kimlere ne i\u00e7in alet oluyorsun, b\u00fct\u00fcn bunlar\u0131n hesab\u0131n\u0131 sana soracak olursa, senin halin ne olur Say\u0131n Tayyip Erdo\u011fan?&#8221; dedi.<\/p>\n<p style=\"text-align: justify;\"><strong><em>&#8220;Meydan\u0131 bo\u015f buldu&#8221; <\/em><\/strong><\/p>\n<p style=\"text-align: justify;\">CHP lideri Deniz Baykal, &#8220;Meydan\u0131 bo\u015f buldu birileri, daha do\u011frusu meydan\u0131 bo\u015faltt\u0131&#8230; Medyadan bo\u015faltt\u0131, yarg\u0131dan bo\u015faltt\u0131, sivil toplum \u00f6rg\u00fctlerinden, sendikalardan, \u00fcniversitelerden bo\u015faltt\u0131, bas\u0131n\u0131, televizyonu susturdu, &#8216;meydan \u015fimdi benim meydan\u0131m istedi\u011fimi yapar\u0131m&#8217; diye \u00f6n\u00fcnde kalan temel anayasal kurumlar hangileri ise onlar\u0131 da \u015fimdi kendi kafas\u0131na g\u00f6re \u015fekillendirme m\u00fccadelesini resmen a\u00e7t\u0131.<\/p>\n<p style=\"text-align: justify;\">H\u00fck\u00fcmetin &#8220;a\u00e7\u0131l\u0131m&#8221; konusunda b\u00fcy\u00fck bir tela\u015f i\u00e7ine girdi\u011fini belirten Baykal, bu nedenle olay\u0131 &#8220;CHP-AKP kavgas\u0131&#8221; zeminine \u00e7ekmek istedi\u011fini kaydetti.<\/p>\n<p style=\"text-align: justify;\"><strong><em>&#8220;PKK istedi\u011fini elde etme noktas\u0131nda&#8221; <\/em><\/strong><\/p>\n<p style=\"text-align: justify;\">Baykal, &#8220;Ulusla\u015fma s\u00fcrecinin bu kritik a\u015famas\u0131nda AKP \u00e7\u0131kt\u0131 ve (\u00f6nemli olan bizim etnik farkl\u0131l\u0131klar\u0131m\u0131zd\u0131r, bu etnik farkl\u0131l\u0131klar\u0131 temel almak durumunday\u0131z, bu etnik farkl\u0131l\u0131klar\u0131 devlet d\u00fczenine, kamu d\u00fczenine ta\u015f\u0131mal\u0131y\u0131z) deme noktas\u0131na geldi. (Bunun i\u00e7in herkesin etnik dilinde devlet okullar\u0131nda e\u011fitim verilmesini m\u00fcmk\u00fcn k\u0131laca\u011f\u0131z) dedi. Bu \u00e7ok temel bir k\u0131r\u0131lmad\u0131r, b\u00fcy\u00fck sonu\u00e7lar do\u011furacak bir k\u0131r\u0131lmad\u0131r&#8221; dedi.<\/p>\n<p style=\"text-align: justify;\">Bunun Anayasa&#8217;ya ayk\u0131r\u0131 oldu\u011funu belirten Baykal, &#8220;Bu istikamete girmek bir Anayasa su\u00e7udur. Bu do\u011frultuda karar alan herkesin, \u00fcniversite y\u00f6neticisi, Milli E\u011fitim Bakanl\u0131\u011f\u0131 yetkilisi, H\u00fck\u00fcmet \u00fcyesi, Bakan, Ba\u015fbakan, AKP y\u00f6neticisi, kimse, bu tezgah\u0131n i\u00e7inde yer alan herkesin bir Anayasa su\u00e7u i\u015flemekte oldu\u011fu ger\u00e7e\u011fine dikkatlerinizi \u00e7ekiyorum&#8221; diye konu\u015ftu.<\/p>\n<p style=\"text-align: justify;\">Bunun milleti b\u00f6lme s\u00fcrecinin ilk ad\u0131m\u0131 oldu\u011funu, milletin ter\u00f6rle, \u015fiddetle b\u00f6l\u00fcnmedi\u011fini kaydeden Baykal, &#8220;Ama millet, dilini ayr\u0131\u015ft\u0131rmaya ba\u015flad\u0131\u011f\u0131n\u0131z anda b\u00f6l\u00fcnmeye ba\u015flar. PKK, 25 y\u0131ld\u0131r silahla, ter\u00f6rle elde edemedi\u011fini bu iktidar sayesinde \u015fimdi elde etme noktas\u0131na gelmi\u015ftir&#8221; dedi.<\/p>\n<p style=\"text-align: justify;\"><strong><em>&#8220;Sen b\u00f6l\u00fcc\u00fcl\u00fck yap\u0131yorsun&#8221; <\/em><\/strong><\/p>\n<p style=\"text-align: justify;\">Baykal, Ba\u015fbakan&#8217;\u0131n &#8220;Bunu mazur g\u00f6stermek i\u00e7in cumhuriyet d\u00f6nemi \u00f6ncesini hedef diye g\u00f6sterdi\u011fini&#8221; belirterek, &#8220;\u015eimdi milli devlete geldik. Hepimiz T\u00fcrk milletinin par\u00e7ay\u0131z. \u015eimdi etnik kimlik ayr\u0131lacakm\u0131\u015f, onlara dillerini verecekmi\u015fiz, demokrasiymi\u015f&#8230; D\u00fcnyan\u0131n hi\u00e7bir yerinde b\u00f6yle bir demokrasi anlay\u0131\u015f\u0131 yoktur. Demokraside b\u00f6l\u00fcc\u00fckl\u00fck yoktur. Demokrasi ayr\u0131, b\u00f6l\u00fcc\u00fcl\u00fck ayr\u0131. Hi\u00e7bir \u00fclke b\u00f6yle bir i\u015fe prim vermez&#8221; dedi.<\/p>\n<p style=\"text-align: justify;\">Y\u00d6K Ba\u015fkan\u0131&#8217;n\u0131n konuya ili\u015fkin yapt\u0131klar\u0131n\u0131 dikkatle izlediklerini kaydeden Baykal, &#8220;Yap\u0131lmakta olan vahim bir i\u015ftir. Herkes akl\u0131n\u0131 ba\u015f\u0131na als\u0131n. Ba\u015fbakan ne diyor? (Sen de gericisin) diyor. Benim gerici olup olmad\u0131\u011f\u0131m tart\u0131\u015fmas\u0131n\u0131 zemininde yapar\u0131z. Ama sen b\u00f6l\u00fcc\u00fcl\u00fc\u011f\u00fcn\u00fc bana gerici diyerek kapatamazs\u0131n. Ben o tart\u0131\u015fmaya o \u00e7er\u00e7evede katk\u0131 vererek sapt\u0131rmaya alet olmam. Sen b\u00f6l\u00fcc\u00fck yap\u0131yorsun say\u0131n Ba\u015fbakan&#8221; diye konu\u015ftu.<\/p>\n<p style=\"text-align: justify;\"><strong><em>Islak imza ve Adli T\u0131p Kurumu <\/em><\/strong><\/p>\n<p style=\"text-align: justify;\">Baykal, Erdo\u011fan&#8217;\u0131n, &#8220;\u0130rtica ile M\u00fccadele Eylem Plan\u0131n\u0131n&#8221; alt\u0131ndaki \u0131slak imzayla ilgili Adli T\u0131p Kurumunun rapor verdi\u011fini, bunun gere\u011finin yap\u0131lmas\u0131 gerekti\u011fini s\u00f6yledi\u011fini belirtti.<\/p>\n<p style=\"text-align: justify;\">Erdo\u011fan&#8217;\u0131n, rapordaki &#8220;el imzas\u0131 \u00fcr\u00fcn\u00fc oldu\u011fu anla\u015f\u0131lm\u0131\u015ft\u0131r&#8221; ifadesinin, literat\u00fcrde kabul g\u00f6rd\u00fc\u011f\u00fcn\u00fc, &#8220;kilidi bununla a\u00e7al\u0131m&#8221; dedi\u011fini ifade eden Baykal, &#8220;Ne oldu o kilit, anahtar? \u00c7at\u0131\u015fma az buz de\u011fil. Olay\u0131n bir taraf\u0131ndan T\u00fcrk Silahl\u0131 Kuvvetleri var (TSK), kurumsal kimli\u011fiyle hedef se\u00e7iliyor. Ba\u015fbakan &#8216;b\u0131rak\u0131n&#8217; diye rica ediyor. Ne oldu, askeri personel gitti, ifadesi al\u0131nd\u0131, hukuk s\u00fcreci i\u015fledi, \u00f6nce tutukland\u0131, sonra oy birli\u011fiyle tahliye edildi. Bir yerde yanl\u0131\u015f var da yanl\u0131\u015f nerede?&#8221; diye sordu.<\/p>\n<p style=\"text-align: justify;\">Baykal, Adli T\u0131p Kurumunun daha \u00f6nce H\u00fcseyin \u00dczmez olay\u0131nda hangi zigzaglar\u0131 \u00e7izdi\u011finin, Cem Garipo\u011flu olay\u0131nda hangi b\u00fcy\u00fck \u00e7eli\u015fkilere d\u00fc\u015ft\u00fc\u011f\u00fcn\u00fcn ve son olarak G\u00fcler Zere&#8217;deki tutumunun ortada oldu\u011funu kaydetti. \u0130sim vermeden Dursun \u00c7i\u00e7ek&#8217;ten bahseden Baykal, \u00c7i\u00e7ek&#8217;in, \u0131slak imzal\u0131 oldu\u011fu iddia edilen belgeyi, mahkemede eldiven takarak tuttu\u011funu an\u0131msatt\u0131. Baz\u0131lar\u0131n\u0131n, &#8220;itirazen karar veren mahkeme yanl\u0131\u015f yapt\u0131&#8221; dedi\u011fini ifade eden Baykal, &#8220;Nereden biliyorsun? Sen h\u00fckm\u00fc, kim olarak, ne s\u0131fatla verdin?&#8221; sorusunu y\u00f6neltti.<\/p>\n<p style=\"text-align: justify;\"><strong><em>Askeri savc\u0131l\u0131\u011fa g\u00f6nderilmeyen belge <\/em><\/strong><\/p>\n<p style=\"text-align: justify;\">Baykal, Ankara&#8217;daki askeri mahkemenin, bu konuyu incelemeye devam etti\u011fini belirterek, yeni delili istedi\u011fini an\u0131msatarak, 4 kez yaz\u0131 yazmas\u0131na ra\u011fmen belgenin gelmedi\u011fini kaydetti.<\/p>\n<p style=\"text-align: justify;\">CHP lideri Baykal, &#8220;Nas\u0131l gelmez, bu ne demektir? Orada y\u00fcr\u00fct\u00fclen bir yarg\u0131 faaliyeti yok mu? O yarg\u0131 faaliyeti a\u00e7\u0131s\u0131ndan o belgenin onlar taraf\u0131ndan da incelenmesine ihtiya\u00e7 yok mu? Niye bunun gere\u011fini yapm\u0131yorsun, ne hakla, kimden g\u00fc\u00e7 alarak yapm\u0131yorsunuz? Anayasan\u0131n g\u00f6revlendirdi\u011fi bir mahkemeye, hak etti\u011fi belgeyi g\u00f6ndermeme yetkisini kimden al\u0131yorsunuz? Mahkeme, mahkemeye belge vermiyor. Herkesin h\u00fckm\u00fc verdi\u011fi konuda, belli bir a\u015famada hakimler do\u011fru bildiklerini s\u00f6yl\u00fcyor, k\u0131yamet kopuyor&#8221; dedi.<\/p>\n<p style=\"text-align: justify;\"><strong><em>&#8220;TSK&#8217;n\u0131n en muteber insanlar\u0131&#8230;&#8221; <\/em><\/strong><\/p>\n<p style=\"text-align: justify;\">Baykal, &#8220;Bug\u00fcn falan ki\u015fiyi ilgilendiriyordur bu tablo, yar\u0131n ba\u015fkas\u0131n\u0131, herkesi, hepimizi ilgilendirir. Herkes, &#8216;Adli T\u0131p&#8217;\u0131n bu \u015fekilde h\u00fck\u00fcm vermesi yeterli de\u011fil&#8217; diyor. T\u00fcrkiye&#8217;de bu konuda h\u00fck\u00fcm verebilecek pek \u00e7ok kurulu\u015f var. Madem o kadar eminsiniz, onlarda incelesinler. Bu belge, belgenin ortaya \u00e7\u0131k\u0131\u015f \u015feklini, bir vatanda\u015f\u0131n, g\u00f6rev alan\u0131 i\u00e7inde \u015fahit oldu\u011fu, elde etti\u011fi bir tak\u0131m olumsuz gidi\u015fi ortaya koyan belgelerin kamuoyuna duyurulmas\u0131 oldu\u011funa inan\u0131r m\u0131s\u0131n\u0131z? Ortada koca, kolektif sistem \u00e7al\u0131\u015f\u0131yor. Bu, bir ki\u015finin \u00fcstesinden gelece\u011fi, bir anl\u0131k bir i\u015f de\u011fil. Uzun s\u00fcreli, kapsaml\u0131, devlet i\u00e7inde, pek \u00e7ok yere uzanm\u0131\u015f faaliyet g\u00f6steren birilerinin olu\u015fturduklar\u0131 bir karargah\u0131n ortaya koydu\u011fu iddialar&#8221; dedi.<\/p>\n<p style=\"text-align: justify;\">CHP lideri, &#8220;Bu iddialar, \u00f6rg\u00fctl\u00fc, karargah iddialar\u0131. Devlet i\u00e7inden yalan, yanl\u0131\u015f, do\u011fru, \u00e7arp\u0131t\u0131lm\u0131\u015f veya bir k\u0131sm\u0131 do\u011fru bir tak\u0131m bilgilerin, istihbarat\u0131n, belgelerin, bir yerlerde toplan\u0131p, de\u011ferlendirilip, tasnif edilip, belli bir takvim i\u00e7erisinde kullan\u0131lmas\u0131 anlay\u0131\u015f\u0131na dayal\u0131 bir faaliyetin, karargah faaliyetinin y\u00fcr\u00fct\u00fclmekte oldu\u011fu anla\u015f\u0131l\u0131yor. Karargah\u0131n hedefi, bazen TSK&#8217;n\u0131n en muteber insanlar\u0131, bazen T\u00fcrk yarg\u0131s\u0131n\u0131n en sayg\u0131de\u011fer insanlar\u0131. Ortada bug\u00fcne kadar ciddi, \u00f6nemli bir tespiti de yapabilmi\u015f de\u011fil bu karargah. Karargah, hala bunca faaliyete ve himayeye ra\u011fmen, somut bir sonu\u00e7 ortaya koyamam\u0131\u015ft\u0131r. En somut iddia \u0131slak imza belgesiydi, fos \u00e7\u0131kt\u0131. O fos \u00e7\u0131kt\u0131 da kimler, niye yap\u0131yor, kimler yapt\u0131r\u0131yor, arkas\u0131nda ne var?&#8221; dedi.<\/p>\n<p style=\"text-align: justify;\"><strong><em>&#8220;Dinlemeler yasal de\u011fil&#8221; <\/em><\/strong><\/p>\n<p style=\"text-align: justify;\">Baykal, telefon dinleme krizinin de bundan bir fark\u0131n\u0131n bulunmad\u0131\u011f\u0131n\u0131 ifade etti. \u0130stanbul Cumhuriyet Ba\u015fsavc\u0131s\u0131n\u0131, ba\u015fsavc\u0131 yard\u0131mc\u0131lar\u0131n\u0131n dinledi\u011fini kaydeden Baykal, bunlar\u0131n nereden g\u00fc\u00e7 ald\u0131\u011f\u0131n\u0131 sordu.<\/p>\n<p style=\"text-align: justify;\">Dinlemelerin yasal olup olmad\u0131\u011f\u0131 tart\u0131\u015fmalar\u0131na i\u015faret eden Baykal, &#8220;Yasal da de\u011fil, hukuki de de\u011fil. \u00c7\u00fcnk\u00fc yasal dinlemenin s\u0131n\u0131rlar\u0131, \u015fartlar\u0131 ve \u00e7er\u00e7evesi dinleme \u00f6ncesi yap\u0131lmas\u0131 gerekenler ile dinleme sonras\u0131 yap\u0131lmas\u0131 gerekenlerin, hi\u00e7bir olayda uyguland\u0131\u011f\u0131na dair elimizde tek bir \u00f6rnek yok. Afaki &#8216;mahkeme karar\u0131&#8217; denilerek, yasal m\u0131 oluyor?&#8221; diye konu\u015ftu.<\/p>\n<p style=\"text-align: justify;\"><span style=\"color: #888888;\">CNN T\u00dcRK<\/span><\/p>\n","protected":false},"excerpt":{"rendered":"<p style=\"text-align: justify;\">\n<p style=\"text-align: justify;\">CHP Genel Ba\u015fkan\u0131 Deniz Baykal, Ba\u015fbakan Recep Tayyip Erdo\u011fan&#8217;\u0131n &#8220;As\u0131l Atat\u00fcrk\u00e7\u00fc biziz, Atat\u00fcrk mezar\u0131ndan kalksa gelse bunlar\u0131 def eder&#8221; dedi\u011fini belirterek, &#8220;Rica ederim, Atat\u00fcrk e\u011fer ya\u015fam\u0131\u015f olsayd\u0131, sen oralarda olabilir miydin? Sen Atat\u00fcrk&#8217;\u00fc b\u0131rak da Hazreti \u00d6mer kalkarsa senin halin ne olur?&#8221; dedi.<\/p>\n<p style=\"text-align: justify;\">Partisinin Meclis grup toplant\u0131s\u0131nda konu\u015fan <\/p>\n","protected":false},"author":1,"featured_media":0,"comment_status":"open","ping_status":"closed","sticky":false,"template":"","format":"standard","meta":{"footnotes":""},"categories":[105],"tags":[],"class_list":["post-16620","post","type-post","status-publish","format-standard","hentry","category-gundem","odd"],"_links":{"self":[{"href":"http:\/\/www.korhanyilmaz.com\/index.php?rest_route=\/wp\/v2\/posts\/16620","targetHints":{"allow":["GET"]}}],"collection":[{"href":"http:\/\/www.korhanyilmaz.com\/index.php?rest_route=\/wp\/v2\/posts"}],"about":[{"href":"http:\/\/www.korhanyilmaz.com\/index.php?rest_route=\/wp\/v2\/types\/post"}],"author":[{"embeddable":true,"href":"http:\/\/www.korhanyilmaz.com\/index.php?rest_route=\/wp\/v2\/users\/1"}],"replies":[{"embeddable":true,"href":"http:\/\/www.korhanyilmaz.com\/index.php?rest_route=%2Fwp%2Fv2%2Fcomments&post=16620"}],"version-history":[{"count":0,"href":"http:\/\/www.korhanyilmaz.com\/index.php?rest_route=\/wp\/v2\/posts\/16620\/revisions"}],"wp:attachment":[{"href":"http:\/\/www.korhanyilmaz.com\/index.php?rest_route=%2Fwp%2Fv2%2Fmedia&parent=16620"}],"wp:term":[{"taxonomy":"category","embeddable":true,"href":"http:\/\/www.korhanyilmaz.com\/index.php?rest_route=%2Fwp%2Fv2%2Fcategories&post=16620"},{"taxonomy":"post_tag","embeddable":true,"href":"http:\/\/www.korhanyilmaz.com\/index.php?rest_route=%2Fwp%2Fv2%2Ftags&post=16620"}],"curies":[{"name":"wp","href":"https:\/\/api.w.org\/{rel}","templated":true}]}}