{"id":16614,"date":"2009-11-16T15:32:38","date_gmt":"2009-11-16T13:32:38","guid":{"rendered":"http:\/\/www.korhanyilmaz.com\/?p=16614"},"modified":"2009-11-16T15:32:38","modified_gmt":"2009-11-16T13:32:38","slug":"5-ay-sonra-hortladi","status":"publish","type":"post","link":"http:\/\/www.korhanyilmaz.com\/?p=16614","title":{"rendered":"5 ay sonra hortlad\u0131"},"content":{"rendered":"<p style=\"text-align: center;\"><img loading=\"lazy\" decoding=\"async\" class=\"aligncenter size-full wp-image-16615\" src=\"http:\/\/www.korhanyilmaz.com\/wp-content\/uploads\/2009\/11\/issizlik.jpg\" alt=\"\" width=\"376\" height=\"240\" \/><\/p>\n<p style=\"text-align: justify;\">\u0130\u015fsizlik 5 ay sonra yeniden hortlad\u0131 i\u015fsiz say\u0131s\u0131 3.5 milyona dayand\u0131.<\/p>\n<p style=\"text-align: justify;\">\u015eubat ay\u0131ndan bu yana d\u00fc\u015fen i\u015fsizlik oran\u0131, A\u011fustos\u2019ta y\u00fczde 13.4\u2019le yeniden y\u00fckseli\u015fe ge\u00e7ti. Bu d\u00f6nemde i\u015fsiz say\u0131s\u0131 927 bin ki\u015fi artarak 3 milyon 429 bine ula\u015ft\u0131. \u0130\u015f aramayanlarla birlikte bu rakam 5 milyonu ge\u00e7ti. \u0130\u015fsizlikteki art\u0131\u015fta, tar\u0131m ve sanayideki istihdam d\u00fc\u015f\u00fc\u015f\u00fc etkili oldu. <!--more--><\/p>\n<p style=\"text-align: justify;\">\u015eubat\u2019tan bu yana ayl\u0131k bazda d\u00fc\u015f\u00fc\u015f g\u00f6steren i\u015fsizlik, A\u011fustos\u2019ta yeniden y\u00fckseli\u015fe ge\u00e7ti. T\u00dc\u0130K verilerine g\u00f6re, A\u011fustos d\u00f6neminde i\u015fsizlik oran\u0131 y\u00fczde 13.4\u2019e y\u00fckseldi. \u0130\u015fsizlik ge\u00e7en y\u0131l\u0131n ayn\u0131 d\u00f6nemine g\u00f6re 3.2 puan, Temmuz\u2019a g\u00f6re de 0.6 puan art\u0131\u015f g\u00f6sterdi. B\u00f6ylece son 5 ayd\u0131r mevsimsel fakt\u00f6rlerle istihdamdaki toparlanman\u0131n getirdi\u011fi ayl\u0131k bazda gerileme sona erdi. \u0130\u015fsizlik oran\u0131 \u015eubat ay\u0131nda y\u00fczde 16.1\u2019le rekor k\u0131rd\u0131ktan sonra d\u00fc\u015f\u00fc\u015fe ge\u00e7mi\u015fti. \u0130\u015fsizlik Nisan\u2019da y\u00fczde 14.9, May\u0131s\u2019ta y\u00fczde 13.6, Haziran\u2019da y\u00fczde 13 ve Temmuz\u2019da y\u00fczde 12.8 olarak ger\u00e7ekle\u015fmi\u015fti.<\/p>\n<p style=\"text-align: justify;\">Tar\u0131m d\u0131\u015f\u0131 i\u015fsizlik oran\u0131 y\u00fczde 17\u2019ye \u00e7\u0131karken, gen\u00e7 n\u00fcfusta i\u015fsizlik oran\u0131 ise y\u00fczde 23.5 oldu. A\u011fustos\u2019ta i\u015fsiz say\u0131s\u0131 ge\u00e7en y\u0131la g\u00f6re 927 bin ki\u015fi artarak 2 milyon 502 binden 3 milyon 429 bine ula\u015ft\u0131. Bir \u00f6nceki aya g\u00f6re de i\u015fsiz say\u0131s\u0131 162 bin ki\u015fi artt\u0131. \u00c7al\u0131\u015fmaya haz\u0131r olan ancak i\u015f aramayan 1 milyon 860 ki\u015finin verilere dahil edilmesiyle birlikte i\u015fsiz say\u0131s\u0131 5 milyon 289 bine y\u00fckseldi.<\/p>\n<p style=\"text-align: justify;\">A\u011fustos\u2019ta istihdam d\u00fc\u015f\u00fc\u015f\u00fcnde tar\u0131mda istihdam edilen ki\u015fi say\u0131s\u0131nda azalma etkili oldu. Bunun yan\u0131 s\u0131ra \u00fcretimdeki yava\u015flamaya paralel olarak sanayide istihdam d\u00fc\u015f\u00fc\u015f\u00fc de etkisini g\u00f6sterdi.<\/p>\n<p style=\"text-align: justify;\"><strong><em>\u00c7al\u0131\u015fan say\u0131s\u0131 232 bin ki\u015fi artt\u0131 <\/em><\/strong><\/p>\n<p style=\"text-align: justify;\">A\u011fustos\u2019ta istihdam edilenlerin say\u0131s\u0131 ge\u00e7en y\u0131l\u0131n ayn\u0131 d\u00f6nemine g\u00f6re 40 bin ki\u015fi artarak, 22 milyon 108 bin ki\u015fiye y\u00fckseldi. Ge\u00e7en y\u0131l ayn\u0131 d\u00f6nemde bu say\u0131 22 milyon 68 bin ki\u015fiydi. A\u011fustos d\u00f6neminde tar\u0131m sekt\u00f6r\u00fcnde \u00e7al\u0131\u015fan say\u0131s\u0131 232 bin ki\u015fi artarken, tar\u0131m d\u0131\u015f\u0131 sekt\u00f6rlerde \u00e7al\u0131\u015fan say\u0131s\u0131 192 bin ki\u015fi azald\u0131. A\u011fustos d\u00f6neminde tar\u0131m d\u0131\u015f\u0131 i\u015fsizlik oran\u0131 ge\u00e7en y\u0131l\u0131n ayn\u0131 d\u00f6nemine g\u00f6re 4.1 puanl\u0131k art\u0131\u015fla y\u00fczde 17 seviyesinde ger\u00e7ekle\u015fti. A\u011fustos 2009\u2019da bu oran erkeklerde ge\u00e7en y\u0131l\u0131n ayn\u0131 d\u00f6nemine g\u00f6re 3.8 puanl\u0131k art\u0131\u015fla y\u00fczde 15.1, kad\u0131nlarda ise 4.5 puanl\u0131k art\u0131\u015fla y\u00fczde 23.6 oldu. A\u011fustos ay\u0131nda istihdam edilenlerin y\u00fczde 26.5\u2019i tar\u0131m, y\u00fczde 18.8\u2019i sanayi, y\u00fczde 6.2\u2019si in\u015faat, y\u00fczde 48.5\u2019i ise hizmetler sekt\u00f6r\u00fcnde faaliyet g\u00f6sterdi.<\/p>\n<p style=\"text-align: justify;\">2008 y\u0131l\u0131n\u0131n ayn\u0131 d\u00f6nemiyle kar\u015f\u0131la\u015ft\u0131r\u0131ld\u0131\u011f\u0131nda tar\u0131m sekt\u00f6r\u00fcn\u00fcn istihdam edilenler i\u00e7indeki pay\u0131n\u0131n 1 puan, in\u015faat sekt\u00f6r\u00fcn\u00fcn pay\u0131n\u0131n y\u00fczde 0.1 puan, hizmetler sekt\u00f6r\u00fcn\u00fcn pay\u0131n\u0131n 0.6 puan artt\u0131\u011f\u0131, buna kar\u015f\u0131l\u0131k sanayi sekt\u00f6r\u00fcn\u00fcn pay\u0131n\u0131n 1.7 puan azald\u0131\u011f\u0131 g\u00f6zlendi. Kentsel yerlerde i\u015fsizlik oran\u0131 4.3 puanl\u0131k art\u0131\u015fla y\u00fczde 16.5, k\u0131rsal yerlerde 1.3 puanl\u0131k art\u0131\u015fla y\u00fczde 7.4 oldu.<\/p>\n<p style=\"text-align: justify;\"><strong><em>\u0130\u015fsizlik erkeklerde a\u011f\u0131rl\u0131kta <\/em><\/strong><\/p>\n<p style=\"text-align: justify;\">A\u011fustos d\u00f6nemindeki i\u015fsizlerin y\u00fczde 69.3\u2019\u00fcn\u00fc erkek n\u00fcfus olu\u015ftururken, y\u00fczde 55\u2019i lise alt\u0131 e\u011fitimli, y\u00fczde 27.3\u2019\u00fc bir y\u0131l ve daha uzun s\u00fcredir i\u015f arayan ki\u015filerden olu\u015ftu. An\u0131lan d\u00f6nemde i\u015fsizlerin y\u00fczde 30.8\u2019inin \u201ce\u015f-dost\u201d vas\u0131tas\u0131yla i\u015f arad\u0131\u011f\u0131 belirlenirken, 3 milyon 18 bin ki\u015fiden olu\u015fan y\u00fczde 88\u2019inin daha \u00f6nce bir i\u015fte \u00e7al\u0131\u015ft\u0131\u011f\u0131 tespit edildi.<\/p>\n<p style=\"text-align: justify;\">A\u011fustos ay\u0131nda istihdam edilenlerin y\u00fczde 72\u2019si erkek n\u00fcfustan olu\u015ftu. Bunun y\u00fczde 59.4\u2019\u00fc lise alt\u0131 e\u011fitimlilerden olu\u015furken, y\u00fczde 59\u2019u \u00fccretli, maa\u015fl\u0131 ve yevmiyeli, y\u00fczde 25.6\u2019s\u0131 kendi hesab\u0131na ve i\u015fveren, y\u00fczde 15.4\u2019\u00fc \u00fccretsiz aile i\u015f\u00e7isi, y\u00fczde 60.9\u2019u \u201c1-9 ki\u015fi aras\u0131\u201d personeli olan i\u015fyerlerinde \u00e7al\u0131\u015ft\u0131.<\/p>\n<p style=\"text-align: justify;\"><strong><em>\u0130SO: Sanayi \u00fcretimi yava\u015flad\u0131, nispi iyile\u015fmede geri d\u00f6n\u00fc\u015f oldu <\/em><\/strong><\/p>\n<p style=\"text-align: justify;\">\u0130stanbul Sanayi Odas\u0131 (\u0130SO) Y\u00f6netim Kurulu Ba\u015fkan\u0131 Tan\u0131l K\u00fc\u00e7\u00fck, \u00fc\u00e7\u00fcnc\u00fc \u00e7eyrekte, sanayi \u00fcretimindeki toparlanman\u0131n yava\u015flamas\u0131na paralel olarak i\u015fsizlikteki nispi iyile\u015fmede de geri d\u00f6n\u00fc\u015f oldu\u011funu bildirdi.<\/p>\n<p style=\"text-align: justify;\">K\u00fc\u00e7\u00fck, A\u011fustos d\u00f6nemi i\u015fsizlik oran\u0131na ili\u015fkin yapt\u0131\u011f\u0131 a\u00e7\u0131klamada, \u015eubat\u2019taki zirvenin ard\u0131ndan takip eden aylarda i\u015fsizlik oran\u0131nda nispi bir iyile\u015fme g\u00f6rd\u00fcklerini hat\u0131rlatarak, \u015funlar\u0131 kaydetti:<\/p>\n<p style=\"text-align: justify;\">\u201cNe yaz\u0131k ki \u00fc\u00e7\u00fcnc\u00fc \u00e7eyrekte, sanayi \u00fcretimindeki toparlanman\u0131n yava\u015flamas\u0131na paralel olarak, i\u015fsizlikteki nispi iyile\u015fmede de bir geri d\u00f6n\u00fc\u015f oldu. Sanayi sekt\u00f6r\u00fc, \u00fcretim ve b\u00fcy\u00fcmenin oldu\u011fu gibi istihdam\u0131n da lokomotifidir. Sanayide sorunlar \u00e7\u00f6z\u00fclmeden, istihdamda da iyile\u015fme bekleyemeyiz. Bu \u00e7er\u00e7evede, ba\u015fta i\u00e7 piyasan\u0131n canland\u0131r\u0131lmas\u0131 olmak \u00fczere \u00fcretim ve istihdama destek olacak tedbirlerin bir an \u00f6nce devreye girmesi gerekti\u011fini bir kez daha hat\u0131rlat\u0131yoruz.\u201d<\/p>\n<p style=\"text-align: justify;\"><strong><em>TOBB: T\u00fcrkiye\u2019de 6.3 milyon i\u015fsiz var <\/em><\/strong><\/p>\n<p style=\"text-align: justify;\">T\u00fcrk\u0130ye Odalar ve Borsalar Birli\u011fi (TOBB) Ba\u015fkan\u0131 Rifat Hisarc\u0131kl\u0131o\u011flu, T\u00fcrkiye\u2019nin en \u00f6nemli sorununun i\u015fsizlik oldu\u011funu s\u00f6yledi. Hisarc\u0131kl\u0131o\u011flu, \u201c\u015eu anda T\u00fcrkiye\u2019de 6 milyon 300 ki\u015fi i\u015fsiz. Neredeyse her ailede bir ki\u015fi i\u015fsiz. Bunlara i\u015f, yer sa\u011flayacak tek nokta ise giri\u015fimci say\u0131s\u0131n\u0131 art\u0131rmak\u201d dedi.<\/p>\n<p style=\"text-align: justify;\"><strong><em>Hisarc\u0131kl\u0131o\u011flu, \u015funlar\u0131 s\u00f6yledi: <\/em><\/strong><\/p>\n<p style=\"text-align: justify;\">\u201cD\u00fc\u015f\u00fcnebiliyor musunuz? N\u00fcfusun yar\u0131s\u0131 28 ya\u015f \u00fcst\u00fc. Neredeyse her ailede bir ki\u015fi i\u015fsiz. Bunlar umutsuz, umutlar\u0131n\u0131 kaybetmi\u015fler. Bunlara i\u015f, yer sa\u011flayacak tek nokta ise giri\u015fimci say\u0131s\u0131n\u0131 art\u0131rmak. Her y\u0131l i\u015fsizlik kervan\u0131na 700 bin ki\u015fi kat\u0131l\u0131yor. Bu rakam 10 y\u0131l sonra y\u0131lda 1 milyona ula\u015fm\u0131\u015f olacak. Bunlara nas\u0131l \u00e7are olaca\u011f\u0131z, giri\u015fimci say\u0131s\u0131n\u0131 art\u0131rmakla olacak.\u201d<\/p>\n<p style=\"text-align: justify;\"><strong><em>\u0130\u015fsizli\u011fin en az artt\u0131\u011f\u0131 \u00fclkeyiz <\/em><\/strong><\/p>\n<p style=\"text-align: justify;\">\u0130\u015fsizlik rakamlar\u0131n\u0131 de\u011ferlendiren Ba\u015fbakan Recep Tayyip Erdo\u011fan, i\u015fsizli\u011fin en az artt\u0131\u011f\u0131 \u00fclkenin T\u00fcrkiye oldu\u011funu s\u00f6yledi. Ba\u015fbakan Erdo\u011fan, \u201c\u015eu anda bak\u0131n biz d\u00fcnyada yani i\u015fsizli\u011fin art\u0131\u015f\u0131 noktas\u0131nda en az art\u0131\u015f g\u00f6steren \u00fclke konumunday\u0131z. Hatta bug\u00fcn de yine a\u00e7\u0131klamalar var bununla ilgili Amerika\u2019dan tutun AB \u00fcyesi \u00fclkelere bakt\u0131\u011f\u0131n\u0131z zaman en az art\u0131\u015f g\u00f6steren \u00fclke konumunday\u0131z\u201d dedi.<\/p>\n<p style=\"text-align: justify;\"><strong><em>\u0130\u015fsizlik sanayide yo\u011funla\u015ft\u0131 369 bin ki\u015fi i\u015fsiz kald\u0131 <\/em><\/strong><\/p>\n<p style=\"text-align: justify;\">T\u00fcrk\u0130ye \u0130\u015fveren Sendikalar\u0131 Konfederasyonu (T\u0130SK), 2009 A\u011fustos d\u00f6neminde yeniden art\u0131\u015f e\u011filimi g\u00f6steren i\u015fsizli\u011fin sanayide yo\u011funla\u015ft\u0131\u011f\u0131n\u0131 a\u00e7\u0131klad\u0131. \u0130stihdam\u0131 azalan tek ana sekt\u00f6r\u00fcn sanayi oldu\u011funa dikkat \u00e7eken T\u0130SK, bu alanda 369 bin ki\u015finin i\u015fsiz kald\u0131\u011f\u0131n\u0131 ve i\u015fsiz kalanlar aras\u0131nda erkek i\u015fg\u00fcc\u00fcn\u00fcn a\u011f\u0131rl\u0131kta oldu\u011funu vurgulad\u0131. A\u011fustos\u2019ta bir \u00f6nceki y\u0131la g\u00f6re i\u015fg\u00fcc\u00fcn\u00fcn 967 bin ki\u015fi artt\u0131\u011f\u0131na dikkat \u00e7ekilen a\u00e7\u0131klamada, i\u015fg\u00fcc\u00fcne kat\u0131lma oran\u0131n\u0131n 1 puan artt\u0131\u011f\u0131 vurguland\u0131. Buna g\u00f6re kentte art\u0131\u015f 0.7 puan, k\u0131rda 1.8, kad\u0131nlarda 1.6 puan, erkeklerde 0.4 puan oldu.<\/p>\n<p style=\"text-align: justify;\"><span style=\"color: #888888;\">VATAN<\/span><\/p>\n","protected":false},"excerpt":{"rendered":"<p style=\"text-align: center;\">\n<p style=\"text-align: justify;\">\u0130\u015fsizlik 5 ay sonra yeniden hortlad\u0131 i\u015fsiz say\u0131s\u0131 3.5 milyona dayand\u0131.<\/p>\n<p style=\"text-align: justify;\">\u015eubat ay\u0131ndan bu yana d\u00fc\u015fen i\u015fsizlik oran\u0131, A\u011fustos\u2019ta y\u00fczde 13.4\u2019le yeniden y\u00fckseli\u015fe ge\u00e7ti. Bu d\u00f6nemde i\u015fsiz say\u0131s\u0131 927 bin ki\u015fi artarak 3 milyon 429 bine ula\u015ft\u0131. \u0130\u015f aramayanlarla birlikte bu rakam 5 milyonu ge\u00e7ti. \u0130\u015fsizlikteki art\u0131\u015fta, tar\u0131m <\/p>\n","protected":false},"author":1,"featured_media":0,"comment_status":"open","ping_status":"closed","sticky":false,"template":"","format":"standard","meta":{"footnotes":""},"categories":[7],"tags":[],"class_list":["post-16614","post","type-post","status-publish","format-standard","hentry","category-ekonomi","odd"],"_links":{"self":[{"href":"http:\/\/www.korhanyilmaz.com\/index.php?rest_route=\/wp\/v2\/posts\/16614","targetHints":{"allow":["GET"]}}],"collection":[{"href":"http:\/\/www.korhanyilmaz.com\/index.php?rest_route=\/wp\/v2\/posts"}],"about":[{"href":"http:\/\/www.korhanyilmaz.com\/index.php?rest_route=\/wp\/v2\/types\/post"}],"author":[{"embeddable":true,"href":"http:\/\/www.korhanyilmaz.com\/index.php?rest_route=\/wp\/v2\/users\/1"}],"replies":[{"embeddable":true,"href":"http:\/\/www.korhanyilmaz.com\/index.php?rest_route=%2Fwp%2Fv2%2Fcomments&post=16614"}],"version-history":[{"count":0,"href":"http:\/\/www.korhanyilmaz.com\/index.php?rest_route=\/wp\/v2\/posts\/16614\/revisions"}],"wp:attachment":[{"href":"http:\/\/www.korhanyilmaz.com\/index.php?rest_route=%2Fwp%2Fv2%2Fmedia&parent=16614"}],"wp:term":[{"taxonomy":"category","embeddable":true,"href":"http:\/\/www.korhanyilmaz.com\/index.php?rest_route=%2Fwp%2Fv2%2Fcategories&post=16614"},{"taxonomy":"post_tag","embeddable":true,"href":"http:\/\/www.korhanyilmaz.com\/index.php?rest_route=%2Fwp%2Fv2%2Ftags&post=16614"}],"curies":[{"name":"wp","href":"https:\/\/api.w.org\/{rel}","templated":true}]}}