{"id":16610,"date":"2009-11-16T17:34:04","date_gmt":"2009-11-16T15:34:04","guid":{"rendered":"http:\/\/www.korhanyilmaz.com\/?p=16610"},"modified":"2009-11-16T17:34:04","modified_gmt":"2009-11-16T15:34:04","slug":"kilicdaroglu-icin-chpden-aciklama-geldi","status":"publish","type":"post","link":"http:\/\/www.korhanyilmaz.com\/?p=16610","title":{"rendered":"K\u0131l\u0131\u00e7daro\u011flu i\u00e7in CHP&#039;den a\u00e7\u0131klama geldi"},"content":{"rendered":"<p style=\"text-align: center;\"><a href=\"http:\/\/www.korhanyilmaz.com\/wp-content\/uploads\/2009\/11\/KILICDAROGLU.jpg\"  class=\"lightview\"><img loading=\"lazy\" decoding=\"async\" class=\"aligncenter size-full wp-image-16611\" src=\"http:\/\/www.korhanyilmaz.com\/wp-content\/uploads\/2009\/11\/KILICDAROGLU.jpg\" alt=\"\" width=\"307\" height=\"236\" \/><\/a><\/p>\n<p style=\"text-align: justify;\">CHP S\u00f6zc\u00fcs\u00fc ve Genel Sayman Mustafa \u00d6zy\u00fcrek, partisinin Grup Ba\u015fkanvekili Kemal K\u0131l\u0131\u00e7daro\u011flu&#8217;nun, Genel Ba\u015fkan Yard\u0131mc\u0131s\u0131 Onur \u00d6ymen&#8217;i istifaya \u00e7a\u011f\u0131ran nitelikteki a\u00e7\u0131klamalar\u0131n\u0131n &#8220;\u00e7evresinden kendisine iletilen \u00fcz\u00fcnt\u00fc ve tepkileri yans\u0131tt\u0131\u011f\u0131&#8221;n\u0131 s\u00f6yledi.<\/p>\n<p style=\"text-align: justify;\">\u00d6zy\u00fcrek, CHP Genel Ba\u015fkan Yard\u0131mc\u0131s\u0131 Onur \u00d6ymen&#8217;in K\u00fcrt a\u00e7\u0131l\u0131m\u0131 g\u00f6r\u00fc\u015fmeleri s\u0131ras\u0131nda TBMM Genel Kurulu&#8217;ndaki s\u00f6zleri ve ard\u0131ndan geli\u015fen tepkilere ili\u015fkin yaz\u0131l\u0131 bir a\u00e7\u0131klama yapt\u0131. <!--more--><\/p>\n<p style=\"text-align: justify;\">\u00d6ymen&#8217;in konu\u015fmas\u0131 dolay\u0131s\u0131yla \u00fcz\u00fclen vatanda\u015flardan bir \u00e7ok kez \u00f6z\u00fcr diledi\u011fini ifade eden \u00d6zy\u00fcrek, &#8220;Ge\u00e7mi\u015fte Dersim&#8217;de ve ba\u015fka yerlerde ya\u015fad\u0131\u011f\u0131m\u0131z ac\u0131lar var, \u0131st\u0131raplar var. O g\u00fcn\u00fcn ko\u015fullar\u0131nda ya\u015fanm\u0131\u015f olaylar\u0131, yap\u0131lan yanl\u0131\u015flar\u0131 bug\u00fcn konu\u015fman\u0131n, tart\u0131\u015fman\u0131n hi\u00e7birimize yarar\u0131 yok. Herkesin duygular\u0131na, d\u00fc\u015f\u00fcncelerine, ac\u0131lar\u0131na, an\u0131lar\u0131na sayg\u0131 g\u00f6stermek hepimizin sorumlulu\u011fudur&#8221; dedi.<\/p>\n<p style=\"text-align: justify;\"><strong><em>&#8220;Amac\u0131n\u0131 a\u015fan yorumlar&#8230;&#8221; <\/em><\/strong><\/p>\n<p style=\"text-align: justify;\">Mustafa \u00d6zy\u00fcrek, \u00d6ymen&#8217;in konu\u015fmas\u0131nda, &#8220;Atat\u00fcrk&#8217;\u00fcn ter\u00f6re taviz vermedi\u011fini anlatmak amac\u0131yla Dersim olaylar\u0131na de\u011finmesinin amac\u0131n\u0131 a\u015fan yorumlara neden oldu\u011funu ve bu nedenle Tuncelili Alevi yurtta\u015flar\u0131n \u00fcz\u00fcnt\u00fclerini, tepkilerini ifade ettiklerine&#8221; i\u015faret etti.<\/p>\n<p style=\"text-align: justify;\">\u00d6zy\u00fcrek, &#8220;Say\u0131n Onur \u00d6ymen \u00fcz\u00fclen, incinen yurtta\u015flar\u0131m\u0131zdan bir\u00e7ok kez \u00f6z\u00fcr dilemi\u015ftir. Say\u0131n Genel Ba\u015fkan\u0131m\u0131z 13 Kas\u0131m 2009 g\u00fcn\u00fc TBMM&#8217;de yapt\u0131\u011f\u0131 konu\u015fmada, &#8216;o ac\u0131lar\u0131 ya\u015fayan insanlar\u0131n duygular\u0131na, hassasiyetlerine sayg\u0131 g\u00f6steriyorum ve onlar\u0131n hi\u00e7bir zaman bir siyasi \u00e7eki\u015fme konusu haline getirilmemesinin ola\u011fan\u00fcst\u00fc \u00f6nem ta\u015f\u0131d\u0131\u011f\u0131n\u0131 bir kez daha ifade etmek istiyorum. Art\u0131k y\u00fcz\u00fcm\u00fcz\u00fc gelece\u011fe y\u00f6neltece\u011fiz&#8217; diyerek ge\u00e7mi\u015f ac\u0131 olaylar\u0131n ka\u015f\u0131nmamas\u0131, o olaylardan rencide olanlar\u0131n duygular\u0131na sayg\u0131 g\u00f6sterilmesini istemi\u015fti. Grup Ba\u015fkanvekili Kemal K\u0131l\u0131\u00e7daro\u011flu&#8217;nun Tunceli&#8217;de yapt\u0131\u011f\u0131 a\u00e7\u0131klamalar, \u00e7evresinden kendisine iletilen \u00fcz\u00fcnt\u00fc ve tepkileri yans\u0131tmaktad\u0131r&#8221; dedi.<\/p>\n<p style=\"text-align: justify;\"><strong><em>Ba\u015fbakan&#8217;a tepki <\/em><\/strong><\/p>\n<p style=\"text-align: justify;\">&#8220;Say\u0131n Onur \u00d6ymen&#8217;in incinenlerden \u00f6z\u00fcr diledi\u011fi amac\u0131n\u0131 a\u015fan ifadesinin, Ba\u015fbakan Recep Tayyip Erdo\u011fan taraf\u0131ndan haks\u0131z ve insafs\u0131z \u015fekilde yorumlanmas\u0131n\u0131 kabul edemeyiz&#8221; diyen \u00d6zy\u00fcrek, &#8220;Recep Tayyip Erdo\u011fan ne kadar u\u011fra\u015f\u0131rsa u\u011fra\u015fs\u0131n Alevi ve K\u00fcrt yurtta\u015flar\u0131m\u0131zla CHP aras\u0131na giremeyecektir. Halk\u0131m\u0131z, CHP&#8217;nin \u00f6zellikle Alevi yurtta\u015flar\u0131m\u0131z ba\u015fta olmaz \u00fczere t\u00fcm yurtta\u015flar\u0131m\u0131za sayg\u0131 ve sevgi ile yakla\u015ft\u0131\u011f\u0131n\u0131 bilmektedir. Partimizi y\u0131pratmaya d\u00f6n\u00fck maksatl\u0131 yorumlara itibar etmemektir&#8221; ifadesini kulland\u0131.<\/p>\n<p style=\"text-align: justify;\"><span style=\"color: #888888;\">CNN T\u00dcRK<\/span><\/p>\n","protected":false},"excerpt":{"rendered":"<p style=\"text-align: center;\">\n<p style=\"text-align: justify;\">CHP S\u00f6zc\u00fcs\u00fc ve Genel Sayman Mustafa \u00d6zy\u00fcrek, partisinin Grup Ba\u015fkanvekili Kemal K\u0131l\u0131\u00e7daro\u011flu&#8217;nun, Genel Ba\u015fkan Yard\u0131mc\u0131s\u0131 Onur \u00d6ymen&#8217;i istifaya \u00e7a\u011f\u0131ran nitelikteki a\u00e7\u0131klamalar\u0131n\u0131n &#8220;\u00e7evresinden kendisine iletilen \u00fcz\u00fcnt\u00fc ve tepkileri yans\u0131tt\u0131\u011f\u0131&#8221;n\u0131 s\u00f6yledi.<\/p>\n<p style=\"text-align: justify;\">\u00d6zy\u00fcrek, CHP Genel Ba\u015fkan Yard\u0131mc\u0131s\u0131 Onur \u00d6ymen&#8217;in K\u00fcrt a\u00e7\u0131l\u0131m\u0131 g\u00f6r\u00fc\u015fmeleri s\u0131ras\u0131nda TBMM Genel Kurulu&#8217;ndaki s\u00f6zleri ve ard\u0131ndan geli\u015fen tepkilere <\/p>\n","protected":false},"author":1,"featured_media":0,"comment_status":"open","ping_status":"closed","sticky":false,"template":"","format":"standard","meta":{"footnotes":""},"categories":[105],"tags":[],"class_list":["post-16610","post","type-post","status-publish","format-standard","hentry","category-gundem","odd"],"_links":{"self":[{"href":"http:\/\/www.korhanyilmaz.com\/index.php?rest_route=\/wp\/v2\/posts\/16610","targetHints":{"allow":["GET"]}}],"collection":[{"href":"http:\/\/www.korhanyilmaz.com\/index.php?rest_route=\/wp\/v2\/posts"}],"about":[{"href":"http:\/\/www.korhanyilmaz.com\/index.php?rest_route=\/wp\/v2\/types\/post"}],"author":[{"embeddable":true,"href":"http:\/\/www.korhanyilmaz.com\/index.php?rest_route=\/wp\/v2\/users\/1"}],"replies":[{"embeddable":true,"href":"http:\/\/www.korhanyilmaz.com\/index.php?rest_route=%2Fwp%2Fv2%2Fcomments&post=16610"}],"version-history":[{"count":0,"href":"http:\/\/www.korhanyilmaz.com\/index.php?rest_route=\/wp\/v2\/posts\/16610\/revisions"}],"wp:attachment":[{"href":"http:\/\/www.korhanyilmaz.com\/index.php?rest_route=%2Fwp%2Fv2%2Fmedia&parent=16610"}],"wp:term":[{"taxonomy":"category","embeddable":true,"href":"http:\/\/www.korhanyilmaz.com\/index.php?rest_route=%2Fwp%2Fv2%2Fcategories&post=16610"},{"taxonomy":"post_tag","embeddable":true,"href":"http:\/\/www.korhanyilmaz.com\/index.php?rest_route=%2Fwp%2Fv2%2Ftags&post=16610"}],"curies":[{"name":"wp","href":"https:\/\/api.w.org\/{rel}","templated":true}]}}