{"id":16607,"date":"2009-11-16T17:27:42","date_gmt":"2009-11-16T15:27:42","guid":{"rendered":"http:\/\/www.korhanyilmaz.com\/?p=16607"},"modified":"2009-11-16T17:27:42","modified_gmt":"2009-11-16T15:27:42","slug":"dersimde-neler-olmustu","status":"publish","type":"post","link":"http:\/\/www.korhanyilmaz.com\/?p=16607","title":{"rendered":"Dersim&#039;de neler olmu\u015ftu?"},"content":{"rendered":"<p><a href=\"http:\/\/www.korhanyilmaz.com\/wp-content\/uploads\/2009\/11\/dersim.jpg\"  class=\"lightview\"><img loading=\"lazy\" decoding=\"async\" class=\"aligncenter size-full wp-image-16608\" src=\"http:\/\/www.korhanyilmaz.com\/wp-content\/uploads\/2009\/11\/dersim.jpg\" alt=\"\" width=\"292\" height=\"199\" \/><\/a><\/p>\n<p style=\"text-align: justify;\">CHP Genel Ba\u015fkan Yard\u0131mc\u0131s\u0131 Onur \u00d6ymen&#8217;in 10 Kas\u0131m&#8217;da TBMM&#8217;de yapt\u0131\u011f\u0131 konu\u015fmadaki Dersim isyan\u0131yla ilgili s\u00f6zleri g\u00fcndeme damgas\u0131n\u0131 vurdu. Peki bu isyan nedir? Ne ifade eder?<\/p>\n<p style=\"text-align: justify;\">Dersim isyan\u0131 ya da Dersim ayaklanmas\u0131, 1937 y\u0131l\u0131nda \u015fu anki ad\u0131yla Tunceli ilinde meydana gelen geni\u015f kapsaml\u0131 isyanlara verilen genel add\u0131r ve b\u00fcy\u00fck K\u00fcrt isyanlar\u0131n\u0131n ba\u015f\u0131nda gelir.<\/p>\n<p style=\"text-align: justify;\">Osmanl\u0131&#8217;dan beri \u00f6zerk olan Dersim b\u00f6lgesi, Cumhuriyet ile beraber bu \u00f6zerkli\u011fini kaybetmi\u015fti. <!--more--><\/p>\n<p style=\"text-align: justify;\">1930&#8217;lar\u0131n ilk yar\u0131s\u0131nda b\u00f6lgede meydana gelen ayaklanmalar bast\u0131r\u0131ld\u0131ktan hemen sonra, 1935&#8217;te Tunceli vilayetinin idaresi hakk\u0131nda \u00f6zel bir kanun \u00e7\u0131kar\u0131lm\u0131\u015ft\u0131.<\/p>\n<p style=\"text-align: justify;\">Buna g\u00f6re askeri vali olarak atanan General Abdullah Alpdo\u011fan&#8217;a geni\u015f yetkiler tan\u0131n\u0131yordu.<\/p>\n<p style=\"text-align: justify;\">Gerekli g\u00f6rd\u00fc\u011f\u00fc durumlarda ilde ya\u015fayanlar\u0131, il s\u0131n\u0131rlar\u0131 i\u00e7inde bir yerden bir ba\u015fka yere g\u00f6ndermeye yetkili k\u0131l\u0131nm\u0131\u015ft\u0131.<\/p>\n<p style=\"text-align: justify;\">1937&#8217;de yasan\u0131n uygulanmaya ba\u015flamas\u0131yla olaylar patlak verdi. 20-21 Mart gecesi Abbasan a\u015fireti reisi Seyit R\u0131za \u00f6nderli\u011finde ba\u015flayan ayaklanma, asker ve vergi vermek istemeyen di\u011fer a\u015firetlerce de desteklenmesiyle iyice geni\u015fledi.<\/p>\n<p style=\"text-align: justify;\">Ayaklanma s\u0131ras\u0131nda Har\u00e7ik K\u00f6pr\u00fcs\u00fc y\u0131k\u0131ld\u0131, k\u00f6pr\u00fcyle Kahnut buca\u011f\u0131 aras\u0131ndaki telefon hatt\u0131 kesilerek askeri garnizona sald\u0131r\u0131 d\u00fczenlendi.<\/p>\n<p style=\"text-align: justify;\">B\u00f6lgenin co\u011frafi \u00f6zellikleri nedeniyle yap\u0131lan askeri harekatlar ba\u015far\u0131s\u0131zl\u0131kla sonu\u00e7lan\u0131nca, bir hava harekat\u0131 g\u00fcndeme geldi.<\/p>\n<p style=\"text-align: justify;\">Aralar\u0131nda T\u00fcrkiye&#8217;nin ilk kad\u0131n sava\u015f pilotu Sabiha G\u00f6k\u00e7en&#8217;in de bulundu\u011fu Hava Kuvvetleri&#8217;ne ba\u011fl\u0131 u\u00e7aklar, b\u00f6lgeye hava sald\u0131r\u0131s\u0131 ger\u00e7ekle\u015ftirdi.<\/p>\n<p style=\"text-align: justify;\">Harekat\u0131n ba\u015far\u0131l\u0131 olmas\u0131 \u00fczerine isyan eden a\u015firet reisleri teslim oldu. Yarg\u0131lama sonucu Seyit R\u0131za ile 6 ki\u015fi idam edildi ancak olaylar bitmek bilmedi. \u00c7\u0131kan ikinci isyan kanla bast\u0131r\u0131l\u0131rken, k\u0131rsal alanda kalanlar\u0131n direni\u015fi 1948 y\u0131l\u0131na kadar s\u00fcrd\u00fc.<\/p>\n<p style=\"text-align: justify;\">T\u00fcrk siyasal hayat\u0131nda derin izler b\u0131rakan Dersim isyanlar\u0131, y\u00f6re halk\u0131n\u0131n ba\u015fka illere g\u00f6nderilmesiyle sona erdi.<\/p>\n<p style=\"text-align: justify;\"><strong><em>\u0130\u015fte Onur \u00d6ymen&#8217;in tepki \u00e7eken s\u00f6zleri <\/em><\/strong><\/p>\n<p style=\"text-align: justify;\">CHP Genel Ba\u015fkan Yard\u0131mc\u0131s\u0131 Onur \u00d6ymen, 10 Kas\u0131m&#8217;da Meclis Genel Kurulu&#8217;nda K\u00fcrt a\u00e7\u0131l\u0131m\u0131n\u0131n \u00f6ng\u00f6r\u00fc\u015fmelerinin yap\u0131ld\u0131\u011f\u0131 oturumda yapt\u0131\u011f\u0131 konu\u015fmada, Dersim isyan\u0131yla ilgili olarak baz\u0131 a\u00e7\u0131klamalarda bulunmu\u015f, bu a\u00e7\u0131klamalar sivil toplum \u00f6rg\u00fctleri ve siyasi partilerce tepki \u00e7ekmi\u015fti. \u00d6ymen&#8217;in tepki \u00e7eken s\u00f6zlerini TBMM tutanaklar\u0131ndan birebir aktar\u0131yoruz:<\/p>\n<p style=\"text-align: justify;\">ONUR \u00d6YMEN-  (Devamla) &#8211;  Atat\u00fcrk\u2019\u00fcn \u00f6l\u00fcm y\u0131ld\u00f6n\u00fcm\u00fcnde yap\u0131lan i\u015f, asl\u0131nda maalesef, T\u00fcrkiye i\u00e7in \u00fcz\u00fcnt\u00fc vericidir, ibret verecidir ve \u00e7ok  hazindir. Atat\u00fcrk \u015eeyh Sait\u2019le m\u00fczakere mi etti? Dersim isyan\u0131n\u0131 yapanlarla m\u00fczakere mi etti?<\/p>\n<p style=\"text-align: justify;\">\u015eERAFETT\u0130N HAL\u0130S (Tunceli) \u2013 Dersim\u2019de isyan yoktu Say\u0131n Hatip.<\/p>\n<p style=\"text-align: justify;\">SIRRI SAKIK (Mu\u015f) \u2013 Dersim\u2019de katliam oldu, katliam.<\/p>\n<p style=\"text-align: justify;\">ONUR \u00d6YMEN &#8211; Onlar\u0131n s\u00f6zc\u00fcleriyle, temsilcileriyle masaya m\u0131 oturdu? Bunlar\u0131n hi\u00e7birini yapmad\u0131 arkada\u015flar. Yabanc\u0131 \u00fclkelerin istihbarat\u0131ndan m\u0131 yararland\u0131? Hay\u0131r.<\/p>\n<p style=\"text-align: justify;\">MUHARREM SELAMO\u011eLU (Ni\u011fde) \u2013 Neyi neyle kar\u015f\u0131la\u015ft\u0131r\u0131yorsunuz Say\u0131n \u00d6ymen?<\/p>\n<p style=\"text-align: justify;\">ONUR \u00d6YMEN (Devamla) &#8211; T\u00fcrkiye\u2019nin istihbarat\u0131ndan yararland\u0131 ve k\u0131sa bir s\u00fcrede b\u00fct\u00fcn ter\u00f6r \u00f6rg\u00fctlerini dize getirdi. De\u011ferli arkada\u015flar\u0131m \u201cAnalar a\u011flamas\u0131n.\u201d diyorlar. Maalesef, bu \u00fclkenin analar\u0131 \u00e7ok a\u011flad\u0131. \u00c7ok \u015fehit verdik. Tarihimiz boyunca \u00e7ok \u015fehit verdik. \u00c7anakkale Sava\u015f\u0131\u2019nda 200 bin \u015fehidimiz var. Hepsinin anas\u0131 a\u011flad\u0131. Bir ki\u015fi \u00e7\u0131k\u0131p da \u201cAnalar a\u011flamas\u0131n. Biz bu sava\u015ftan vazge\u00e7elim.\u201d demedi. Kurtulu\u015f Sava\u015f\u0131\u2019nda analar a\u011flamad\u0131 m\u0131?<\/p>\n<p style=\"text-align: justify;\">SIRRI SAKIK (Mu\u015f) \u2013 Sizin \u00e7ocuklar\u0131n\u0131z nerede?<\/p>\n<p style=\"text-align: justify;\">ONUR \u00d6YMEN (Devamla) &#8211; Kimse \u00e7\u0131k\u0131p da \u201cAnalar a\u011flamas\u0131n. Biz \u015fu Yunanl\u0131larla anla\u015fal\u0131m.\u201d dedi mi? \u015eeyh Sait isyan\u0131nda analar a\u011flamad\u0131 m\u0131? Dersim isyan\u0131nda analar a\u011flamad\u0131 m\u0131? K\u0131br\u0131s\u2019ta analar a\u011flamad\u0131 m\u0131? Bir tek ki\u015fi T\u00fcrkiye\u2019de \u00e7\u0131k\u0131p da \u201cAnalar a\u011flamas\u0131n diye, bu m\u00fccadeleyi durdural\u0131m.\u201d dedi mi? D\u00fcnyada diyen var m\u0131? Amerika\u2019da bir saat i\u00e7inde 3 bin ki\u015fiyi \u00f6ld\u00fcrd\u00fc ter\u00f6ristler. Bir Amerikal\u0131 devlet adam\u0131 \u00e7\u0131k\u0131p da \u201cAman, analar a\u011flamas\u0131n. \u015eu ter\u00f6ristlerle bir uzla\u015fal\u0131m.\u201d dedi mi? \u0130lk siz diyorsunuz. Ni\u00e7in? \u00c7\u00fcnk\u00fc, ter\u00f6rle m\u00fccadele cesaretiniz yok. Sizden \u00f6nceki b\u00fct\u00fcn h\u00fck\u00fbmetlerin g\u00f6sterdi\u011fi cesareti siz g\u00f6steremiyorsunuz.<\/p>\n<p style=\"text-align: justify;\"><span style=\"color: #888888;\">CNN T\u00dcRK<\/span><\/p>\n","protected":false},"excerpt":{"rendered":"<\/p>\n<p style=\"text-align: justify;\">CHP Genel Ba\u015fkan Yard\u0131mc\u0131s\u0131 Onur \u00d6ymen&#8217;in 10 Kas\u0131m&#8217;da TBMM&#8217;de yapt\u0131\u011f\u0131 konu\u015fmadaki Dersim isyan\u0131yla ilgili s\u00f6zleri g\u00fcndeme damgas\u0131n\u0131 vurdu. Peki bu isyan nedir? Ne ifade eder?<\/p>\n<p style=\"text-align: justify;\">Dersim isyan\u0131 ya da Dersim ayaklanmas\u0131, 1937 y\u0131l\u0131nda \u015fu anki ad\u0131yla Tunceli ilinde meydana gelen geni\u015f kapsaml\u0131 isyanlara verilen genel add\u0131r ve b\u00fcy\u00fck K\u00fcrt isyanlar\u0131n\u0131n <\/p>\n","protected":false},"author":1,"featured_media":0,"comment_status":"open","ping_status":"closed","sticky":false,"template":"","format":"standard","meta":{"footnotes":""},"categories":[105],"tags":[],"class_list":["post-16607","post","type-post","status-publish","format-standard","hentry","category-gundem","odd"],"_links":{"self":[{"href":"http:\/\/www.korhanyilmaz.com\/index.php?rest_route=\/wp\/v2\/posts\/16607","targetHints":{"allow":["GET"]}}],"collection":[{"href":"http:\/\/www.korhanyilmaz.com\/index.php?rest_route=\/wp\/v2\/posts"}],"about":[{"href":"http:\/\/www.korhanyilmaz.com\/index.php?rest_route=\/wp\/v2\/types\/post"}],"author":[{"embeddable":true,"href":"http:\/\/www.korhanyilmaz.com\/index.php?rest_route=\/wp\/v2\/users\/1"}],"replies":[{"embeddable":true,"href":"http:\/\/www.korhanyilmaz.com\/index.php?rest_route=%2Fwp%2Fv2%2Fcomments&post=16607"}],"version-history":[{"count":0,"href":"http:\/\/www.korhanyilmaz.com\/index.php?rest_route=\/wp\/v2\/posts\/16607\/revisions"}],"wp:attachment":[{"href":"http:\/\/www.korhanyilmaz.com\/index.php?rest_route=%2Fwp%2Fv2%2Fmedia&parent=16607"}],"wp:term":[{"taxonomy":"category","embeddable":true,"href":"http:\/\/www.korhanyilmaz.com\/index.php?rest_route=%2Fwp%2Fv2%2Fcategories&post=16607"},{"taxonomy":"post_tag","embeddable":true,"href":"http:\/\/www.korhanyilmaz.com\/index.php?rest_route=%2Fwp%2Fv2%2Ftags&post=16607"}],"curies":[{"name":"wp","href":"https:\/\/api.w.org\/{rel}","templated":true}]}}